{"id":579101,"date":"2024-12-01T17:15:01","date_gmt":"2024-12-01T21:15:01","guid":{"rendered":"https:\/\/diariodominicano.com\/?p=579101"},"modified":"2024-12-01T17:17:42","modified_gmt":"2024-12-01T21:17:42","slug":"aneih-elige-nueva-junta-directiva-para-el-periodo-2025-2026","status":"publish","type":"post","link":"https:\/\/diariodominicano.com\/?p=579101","title":{"rendered":"ANEIH elige nueva junta directiva para el per\u00edodo 2025-2026"},"content":{"rendered":"\n<p>Ser\u00e1 presidida por el destacado empresario \u00c1ngelo Viro<\/p>\n\n\n\n<p><strong>Santo Domingo, D.N<\/strong>. La Asociaci\u00f3n Nacional de Empresas e Industrias Herrera (ANEIH), celebr\u00f3 su Asamblea General Ordinaria Eleccionaria, durante la cual eligi\u00f3 la nueva junta directiva que regir\u00e1 los destinos de la organizaci\u00f3n durante el periodo 2025-2026.<\/p>\n\n\n\n<figure class=\"wp-block-image size-large\"><img loading=\"lazy\" decoding=\"async\" width=\"768\" height=\"1024\" src=\"https:\/\/diariodominicano.com\/wp-content\/uploads\/2024\/12\/image_67208705-768x1024.jpg\" alt=\"\" class=\"wp-image-579104\" srcset=\"https:\/\/diariodominicano.com\/wp-content\/uploads\/2024\/12\/image_67208705-768x1024.jpg 768w, https:\/\/diariodominicano.com\/wp-content\/uploads\/2024\/12\/image_67208705-225x300.jpg 225w, https:\/\/diariodominicano.com\/wp-content\/uploads\/2024\/12\/image_67208705-1152x1536.jpg 1152w, https:\/\/diariodominicano.com\/wp-content\/uploads\/2024\/12\/image_67208705-1536x2048.jpg 1536w, https:\/\/diariodominicano.com\/wp-content\/uploads\/2024\/12\/image_67208705-816x1088.jpg 816w, https:\/\/diariodominicano.com\/wp-content\/uploads\/2024\/12\/image_67208705-scaled.jpg 1920w\" sizes=\"auto, (max-width: 768px) 100vw, 768px\" \/><\/figure>\n\n\n\n<p>Estar\u00e1 encabezada por el empresario \u00c1ngelo Viro, presidente; Francis Mateo, primer vicepresidente; Walker Sterlin, segundo vicepresidente; Indhira Jim\u00e9nez, secretaria; Juan N\u00fanez, tesorero; Gilda V\u00e1squez, Clara Read, Pedro Ram\u00f3n L\u00f3pez, Leonardo Vargas, Mark Kelly y Rafael White, en calidad de vocales. Euri And\u00fajar, pasa a ocupar la funci\u00f3n de pasado presidente asesor.<\/p>\n\n\n\n<p>Tras agradecer la confianza depositada en la plancha que conduce, \u00c1ngelo Viro inform\u00f3 que su principal objetivo ser\u00e1 fortalecer los ejes de trabajo que dan soporte a la actividad institucional.<\/p>\n\n\n\n<p>&lt;&lt; Quiero expresar mi m\u00e1s sincera valoraci\u00f3n a Euri And\u00fajar, pues gracias a su visi\u00f3n y dedicaci\u00f3n, la ANEIH se encuentra en una posici\u00f3n s\u00f3lida, y por lo cual sustentandose en esos cimientos y trabajando en equipo y con pasi\u00f3n, lograremos alcanzar nuevas metas y consolidar nuestra posici\u00f3n institucional &gt;&gt;, apuntal\u00f3 Viro.<\/p>\n\n\n\n<p>De su lado, Euri And\u00fajar, en su informe de gesti\u00f3n enfatiz\u00f3 los \u00e9xitos m\u00e1s importantes alcanzados durante su gesti\u00f3n, y anim\u00f3 a seguir trabajando a favor de los objetivos y raz\u00f3n de ser de la ANEIH.<\/p>\n\n\n\n<p>&lt;&lt; Hoy me dirijo a ustedes con sentimientos encontrados, despu\u00e9s de trabajar de forma denodada, ha llegado el momento de cerrar este cap\u00edtulo y pasar la antorcha a nuevas manos. Juntos, hemos enfrentado desaf\u00edos, pero tambi\u00e9n hemos alcanzado logros notables que han fortalecido nuestra instituci\u00f3n&gt;&gt;, acot\u00f3 And\u00fajar.<\/p>\n\n\n\n<p>A la vez de a\u00f1adir &lt;&lt; estoy convencido de que bajo el liderazgo de \u00c1ngelo Viro, nuestra organizaci\u00f3n continuar\u00e1 creciendo y marcando una diferencia significativa &gt;&gt;.<\/p>\n\n\n\n<p>El acto de juramentaci\u00f3n y toma de posesi\u00f3n de la nueva directiva, se llevar\u00e1 a cabo en la segunda semana del mes de enero de 2025, en un sal\u00f3n de eventos de la ciudad capital.<\/p>\n\n\n\n<p>Rosa M. Jim\u00e9nez<\/p>\n\n\n\n<p><a href=\"mailto:Rmj.comunicaciones@gmail.com\" target=\"_blank\" rel=\"noreferrer noopener\">Rmj.comunicaciones@gmail.com<\/a><\/p>\n","protected":false},"excerpt":{"rendered":"<p>Ser\u00e1 presidida por el destacado empresario \u00c1ngelo Viro Santo Domingo, D.N. La Asociaci\u00f3n Nacional de Empresas e Industrias Herrera (ANEIH), celebr\u00f3 su Asamblea General Ordinaria Eleccionaria, durante la cual eligi\u00f3 la nueva junta directiva que regir\u00e1 los destinos de la organizaci\u00f3n durante el periodo 2025-2026. Estar\u00e1 encabezada por el empresario \u00c1ngelo Viro, presidente; Francis Mateo, [&hellip;]<\/p>\n","protected":false},"author":28,"featured_media":579102,"comment_status":"closed","ping_status":"closed","sticky":true,"template":"","format":"standard","meta":{"footnotes":""},"categories":[18,27],"tags":[],"class_list":["post-579101","post","type-post","status-publish","format-standard","has-post-thumbnail","hentry","category-economia","category-portada"],"_links":{"self":[{"href":"https:\/\/diariodominicano.com\/index.php?rest_route=\/wp\/v2\/posts\/579101","targetHints":{"allow":["GET"]}}],"collection":[{"href":"https:\/\/diariodominicano.com\/index.php?rest_route=\/wp\/v2\/posts"}],"about":[{"href":"https:\/\/diariodominicano.com\/index.php?rest_route=\/wp\/v2\/types\/post"}],"author":[{"embeddable":true,"href":"https:\/\/diariodominicano.com\/index.php?rest_route=\/wp\/v2\/users\/28"}],"replies":[{"embeddable":true,"href":"https:\/\/diariodominicano.com\/index.php?rest_route=%2Fwp%2Fv2%2Fcomments&post=579101"}],"version-history":[{"count":2,"href":"https:\/\/diariodominicano.com\/index.php?rest_route=\/wp\/v2\/posts\/579101\/revisions"}],"predecessor-version":[{"id":579106,"href":"https:\/\/diariodominicano.com\/index.php?rest_route=\/wp\/v2\/posts\/579101\/revisions\/579106"}],"wp:featuredmedia":[{"embeddable":true,"href":"https:\/\/diariodominicano.com\/index.php?rest_route=\/wp\/v2\/media\/579102"}],"wp:attachment":[{"href":"https:\/\/diariodominicano.com\/index.php?rest_route=%2Fwp%2Fv2%2Fmedia&parent=579101"}],"wp:term":[{"taxonomy":"category","embeddable":true,"href":"https:\/\/diariodominicano.com\/index.php?rest_route=%2Fwp%2Fv2%2Fcategories&post=579101"},{"taxonomy":"post_tag","embeddable":true,"href":"https:\/\/diariodominicano.com\/index.php?rest_route=%2Fwp%2Fv2%2Ftags&post=579101"}],"curies":[{"name":"wp","href":"https:\/\/api.w.org\/{rel}","templated":true}]}}