{"id":579096,"date":"2024-12-01T17:07:28","date_gmt":"2024-12-01T21:07:28","guid":{"rendered":"https:\/\/diariodominicano.com\/?p=579096"},"modified":"2024-12-01T17:07:32","modified_gmt":"2024-12-01T21:07:32","slug":"ee-uu-saluda-al-pueblo-de-laos-en-el-dia-nacional-de-laos","status":"publish","type":"post","link":"https:\/\/diariodominicano.com\/?p=579096","title":{"rendered":"EE. UU. saluda al pueblo de Laos en el D\u00eda Nacional de Laos"},"content":{"rendered":"\n<p>ARCHIVO: Antony J. Blinken<\/p>\n\n\n\n<p>Comunicado de prensa<\/p>\n\n\n\n<p>1 de diciembre de 2024<\/p>\n\n\n\n<p>En nombre del pueblo de los Estados Unidos, extiendo mis m\u00e1s c\u00e1lidos deseos a todo el pueblo de Laos en el 49\u00ba aniversario de la fundaci\u00f3n de la Rep\u00fablica Democr\u00e1tica Popular Lao (RDP).<\/p>\n\n\n\n<p>Felicito a la Rep\u00fablica Democr\u00e1tica Popular Lao por su exitosa presidencia de la ASEAN (por haberme recibido dos veces, en julio y octubre) y por el liderazgo que demostr\u00f3 a lo largo de 2024. Desde el establecimiento de nuestra Asociaci\u00f3n Integral en 2016, la relaci\u00f3n entre los Estados Unidos y la Rep\u00fablica Democr\u00e1tica Popular Lao ha crecido significativamente. Nos complace colaborar con la Rep\u00fablica Democr\u00e1tica Popular Lao para promover objetivos econ\u00f3micos y de desarrollo en muchos sectores, incluidos la educaci\u00f3n, la salud p\u00fablica, la agricultura y el comercio.<\/p>\n\n\n\n<p>A medida que los lazos entre nuestros pa\u00edses contin\u00faan fortaleci\u00e9ndose, esperamos con ansias los hitos que se alcanzar\u00e1n en 2025, incluido el 75.\u00b0 aniversario del establecimiento de una presencia diplom\u00e1tica de los Estados Unidos en Laos, y en 2026, cuando celebremos los 10 a\u00f1os de la Asociaci\u00f3n Integral entre los Estados Unidos y la Rep\u00fablica Democr\u00e1tica Popular Lao.<\/p>\n\n\n\n<p>Con una poblaci\u00f3n lao-estadounidense vibrante que contin\u00faa enriqueciendo a los Estados Unidos, conf\u00edo en que nuestros intercambios culturales y entre pueblos seguir\u00e1n creciendo, haciendo avanzar nuestra relaci\u00f3n bilateral mientras trabajamos juntos para construir una regi\u00f3n del Indopac\u00edfico m\u00e1s pr\u00f3spera, pac\u00edfica y segura.<\/p>\n\n\n\n<p>En el D\u00eda Nacional de Laos, acepte nuestros m\u00e1s sinceros saludos para una celebraci\u00f3n verdaderamente alegre y memorable.<\/p>\n\n\n\n<p>U.S. Department of State<\/p>\n\n\n\n<p>U.S. Department of State ()<\/p>\n\n\n\n<p><a target=\"_blank\" href=\"mailto:usstatebpa@public.govdelivery.com\" rel=\"noreferrer noopener\">usstatebpa@public.govdeliver<\/a><\/p>\n","protected":false},"excerpt":{"rendered":"<p>ARCHIVO: Antony J. Blinken Comunicado de prensa 1 de diciembre de 2024 En nombre del pueblo de los Estados Unidos, extiendo mis m\u00e1s c\u00e1lidos deseos a todo el pueblo de Laos en el 49\u00ba aniversario de la fundaci\u00f3n de la Rep\u00fablica Democr\u00e1tica Popular Lao (RDP). Felicito a la Rep\u00fablica Democr\u00e1tica Popular Lao por su exitosa [&hellip;]<\/p>\n","protected":false},"author":28,"featured_media":475022,"comment_status":"closed","ping_status":"closed","sticky":true,"template":"","format":"standard","meta":{"footnotes":""},"categories":[26,23],"tags":[],"class_list":["post-579096","post","type-post","status-publish","format-standard","has-post-thumbnail","hentry","category-efemerides","category-internacional"],"_links":{"self":[{"href":"https:\/\/diariodominicano.com\/index.php?rest_route=\/wp\/v2\/posts\/579096","targetHints":{"allow":["GET"]}}],"collection":[{"href":"https:\/\/diariodominicano.com\/index.php?rest_route=\/wp\/v2\/posts"}],"about":[{"href":"https:\/\/diariodominicano.com\/index.php?rest_route=\/wp\/v2\/types\/post"}],"author":[{"embeddable":true,"href":"https:\/\/diariodominicano.com\/index.php?rest_route=\/wp\/v2\/users\/28"}],"replies":[{"embeddable":true,"href":"https:\/\/diariodominicano.com\/index.php?rest_route=%2Fwp%2Fv2%2Fcomments&post=579096"}],"version-history":[{"count":1,"href":"https:\/\/diariodominicano.com\/index.php?rest_route=\/wp\/v2\/posts\/579096\/revisions"}],"predecessor-version":[{"id":579097,"href":"https:\/\/diariodominicano.com\/index.php?rest_route=\/wp\/v2\/posts\/579096\/revisions\/579097"}],"wp:featuredmedia":[{"embeddable":true,"href":"https:\/\/diariodominicano.com\/index.php?rest_route=\/wp\/v2\/media\/475022"}],"wp:attachment":[{"href":"https:\/\/diariodominicano.com\/index.php?rest_route=%2Fwp%2Fv2%2Fmedia&parent=579096"}],"wp:term":[{"taxonomy":"category","embeddable":true,"href":"https:\/\/diariodominicano.com\/index.php?rest_route=%2Fwp%2Fv2%2Fcategories&post=579096"},{"taxonomy":"post_tag","embeddable":true,"href":"https:\/\/diariodominicano.com\/index.php?rest_route=%2Fwp%2Fv2%2Ftags&post=579096"}],"curies":[{"name":"wp","href":"https:\/\/api.w.org\/{rel}","templated":true}]}}