{"id":579094,"date":"2024-12-01T17:01:27","date_gmt":"2024-12-01T21:01:27","guid":{"rendered":"https:\/\/diariodominicano.com\/?p=579094"},"modified":"2024-12-01T17:01:31","modified_gmt":"2024-12-01T21:01:31","slug":"dia-nacional-de-la-republica-centroafricana","status":"publish","type":"post","link":"https:\/\/diariodominicano.com\/?p=579094","title":{"rendered":"D\u00eda Nacional de la Rep\u00fablica Centroafricana"},"content":{"rendered":"\n<p>ARCHIVO:\u2002Departamento de Estado<\/p>\n\n\n\n<p>Comunicado de prensa<\/p>\n\n\n\n<p>1 de diciembre de 2024<\/p>\n\n\n\n<p>Estados Unidos felicita a la Rep\u00fablica Centroafricana por el sexag\u00e9simo sexto d\u00eda nacional del pa\u00eds y sigue comprometido a promover los objetivos compartidos de nuestras dos naciones. <\/p>\n\n\n\n<p>De cara a las hist\u00f3ricas elecciones locales de la Rep\u00fablica Centroafricana en 2025, la ampliaci\u00f3n de la presencia estatal y el progreso del proceso de paz del pa\u00eds, Estados Unidos sigue comprometido a dialogar con el Presidente Touad\u00e9ra, su gobierno y el pueblo centroafricano. <\/p>\n\n\n\n<p>Estados Unidos seguir\u00e1 apoyando la democracia y la prosperidad del pueblo centroafricano y esperamos ayudar al pa\u00eds a hacer realidad su potencial de paz, seguridad y prosperidad.<\/p>\n\n\n\n<p>U.S. Department of State<\/p>\n\n\n\n<p>U.S. Department of State ()<\/p>\n\n\n\n<p><a target=\"_blank\" href=\"mailto:usstatebpa@public.govdelivery.com\" rel=\"noreferrer noopener\">usstatebpa@public.govdelivery.com<\/a><\/p>\n\n\n\n<p><\/p>\n","protected":false},"excerpt":{"rendered":"<p>ARCHIVO:\u2002Departamento de Estado Comunicado de prensa 1 de diciembre de 2024 Estados Unidos felicita a la Rep\u00fablica Centroafricana por el sexag\u00e9simo sexto d\u00eda nacional del pa\u00eds y sigue comprometido a promover los objetivos compartidos de nuestras dos naciones. De cara a las hist\u00f3ricas elecciones locales de la Rep\u00fablica Centroafricana en 2025, la ampliaci\u00f3n de la [&hellip;]<\/p>\n","protected":false},"author":28,"featured_media":508724,"comment_status":"closed","ping_status":"closed","sticky":true,"template":"","format":"standard","meta":{"footnotes":""},"categories":[26,23],"tags":[],"class_list":["post-579094","post","type-post","status-publish","format-standard","has-post-thumbnail","hentry","category-efemerides","category-internacional"],"_links":{"self":[{"href":"https:\/\/diariodominicano.com\/index.php?rest_route=\/wp\/v2\/posts\/579094","targetHints":{"allow":["GET"]}}],"collection":[{"href":"https:\/\/diariodominicano.com\/index.php?rest_route=\/wp\/v2\/posts"}],"about":[{"href":"https:\/\/diariodominicano.com\/index.php?rest_route=\/wp\/v2\/types\/post"}],"author":[{"embeddable":true,"href":"https:\/\/diariodominicano.com\/index.php?rest_route=\/wp\/v2\/users\/28"}],"replies":[{"embeddable":true,"href":"https:\/\/diariodominicano.com\/index.php?rest_route=%2Fwp%2Fv2%2Fcomments&post=579094"}],"version-history":[{"count":1,"href":"https:\/\/diariodominicano.com\/index.php?rest_route=\/wp\/v2\/posts\/579094\/revisions"}],"predecessor-version":[{"id":579095,"href":"https:\/\/diariodominicano.com\/index.php?rest_route=\/wp\/v2\/posts\/579094\/revisions\/579095"}],"wp:featuredmedia":[{"embeddable":true,"href":"https:\/\/diariodominicano.com\/index.php?rest_route=\/wp\/v2\/media\/508724"}],"wp:attachment":[{"href":"https:\/\/diariodominicano.com\/index.php?rest_route=%2Fwp%2Fv2%2Fmedia&parent=579094"}],"wp:term":[{"taxonomy":"category","embeddable":true,"href":"https:\/\/diariodominicano.com\/index.php?rest_route=%2Fwp%2Fv2%2Fcategories&post=579094"},{"taxonomy":"post_tag","embeddable":true,"href":"https:\/\/diariodominicano.com\/index.php?rest_route=%2Fwp%2Fv2%2Ftags&post=579094"}],"curies":[{"name":"wp","href":"https:\/\/api.w.org\/{rel}","templated":true}]}}