{"id":579089,"date":"2024-12-01T16:56:12","date_gmt":"2024-12-01T20:56:12","guid":{"rendered":"https:\/\/diariodominicano.com\/?p=579089"},"modified":"2024-12-01T16:56:46","modified_gmt":"2024-12-01T20:56:46","slug":"ee-uu-saluda-al-pueblo-rumano-en-el-dia-nacional-de-rumania","status":"publish","type":"post","link":"https:\/\/diariodominicano.com\/?p=579089","title":{"rendered":"EE. UU. saluda al pueblo rumano en el D\u00eda Nacional de Rumania"},"content":{"rendered":"\n<p>ARCHIVO: ANTONY J: Blinken Secretario de Estado <\/p>\n\n\n\n<p>Comunicado de prensa<\/p>\n\n\n\n<p>1 de diciembre de 2024<\/p>\n\n\n\n<p>En nombre de los Estados Unidos de Am\u00e9rica, deseo a todos los rumanos una feliz celebraci\u00f3n del aniversario de su gran unificaci\u00f3n, hace m\u00e1s de 100 a\u00f1os.<\/p>\n\n\n\n<p>El compromiso de Rumania con la seguridad y la democracia en Europa es una inspiraci\u00f3n para todas las naciones. Estados Unidos se enorgullece de trabajar con ustedes en la modernizaci\u00f3n de sus fuerzas armadas y en la contribuci\u00f3n al fortalecimiento del flanco oriental de la OTAN. <\/p>\n\n\n\n<p>El apoyo de Rumania a Ucrania, que incluye la recepci\u00f3n de refugiados y la prestaci\u00f3n de asistencia en materia de seguridad, ha reforzado la causa de la libertad frente a la agresi\u00f3n de Rusia. Su liderazgo para ayudar a que el grano ucraniano llegue a los mercados mundiales ha ayudado a alimentar al mundo.<\/p>\n\n\n\n<p>Los v\u00ednculos entre nuestras naciones, forjados a lo largo de d\u00e9cadas, siguen prosperando. Nos complace ampliar nuestra cooperaci\u00f3n en materia de transici\u00f3n energ\u00e9tica y elogiamos el compromiso de Rumania de aumentar la capacidad solar, e\u00f3lica y nuclear y la interconectividad regional. Nuestros crecientes intercambios comerciales, educativos y culturales subrayan la profundidad de nuestra amistad de larga data.<\/p>\n\n\n\n<p>Estamos orgullosos de asociarnos con Rumania para abordar los desaf\u00edos globales y garantizar la prosperidad y el bienestar de nuestros pueblos. Felicitaciones por su d\u00eda nacional.<\/p>\n\n\n\n<p>U.S. Department of State<\/p>\n\n\n\n<p>U.S. Department of State ()<\/p>\n\n\n\n<p><a target=\"_blank\" href=\"mailto:usstatebpa@public.govdelivery.com\" rel=\"noreferrer noopener\">usstatebpa@public.govdelivery.com<\/a><\/p>\n","protected":false},"excerpt":{"rendered":"<p>ARCHIVO: ANTONY J: Blinken Secretario de Estado Comunicado de prensa 1 de diciembre de 2024 En nombre de los Estados Unidos de Am\u00e9rica, deseo a todos los rumanos una feliz celebraci\u00f3n del aniversario de su gran unificaci\u00f3n, hace m\u00e1s de 100 a\u00f1os. El compromiso de Rumania con la seguridad y la democracia en Europa es [&hellip;]<\/p>\n","protected":false},"author":28,"featured_media":526965,"comment_status":"closed","ping_status":"closed","sticky":true,"template":"","format":"standard","meta":{"footnotes":""},"categories":[26,23],"tags":[],"class_list":["post-579089","post","type-post","status-publish","format-standard","has-post-thumbnail","hentry","category-efemerides","category-internacional"],"_links":{"self":[{"href":"https:\/\/diariodominicano.com\/index.php?rest_route=\/wp\/v2\/posts\/579089","targetHints":{"allow":["GET"]}}],"collection":[{"href":"https:\/\/diariodominicano.com\/index.php?rest_route=\/wp\/v2\/posts"}],"about":[{"href":"https:\/\/diariodominicano.com\/index.php?rest_route=\/wp\/v2\/types\/post"}],"author":[{"embeddable":true,"href":"https:\/\/diariodominicano.com\/index.php?rest_route=\/wp\/v2\/users\/28"}],"replies":[{"embeddable":true,"href":"https:\/\/diariodominicano.com\/index.php?rest_route=%2Fwp%2Fv2%2Fcomments&post=579089"}],"version-history":[{"count":3,"href":"https:\/\/diariodominicano.com\/index.php?rest_route=\/wp\/v2\/posts\/579089\/revisions"}],"predecessor-version":[{"id":579093,"href":"https:\/\/diariodominicano.com\/index.php?rest_route=\/wp\/v2\/posts\/579089\/revisions\/579093"}],"wp:featuredmedia":[{"embeddable":true,"href":"https:\/\/diariodominicano.com\/index.php?rest_route=\/wp\/v2\/media\/526965"}],"wp:attachment":[{"href":"https:\/\/diariodominicano.com\/index.php?rest_route=%2Fwp%2Fv2%2Fmedia&parent=579089"}],"wp:term":[{"taxonomy":"category","embeddable":true,"href":"https:\/\/diariodominicano.com\/index.php?rest_route=%2Fwp%2Fv2%2Fcategories&post=579089"},{"taxonomy":"post_tag","embeddable":true,"href":"https:\/\/diariodominicano.com\/index.php?rest_route=%2Fwp%2Fv2%2Ftags&post=579089"}],"curies":[{"name":"wp","href":"https:\/\/api.w.org\/{rel}","templated":true}]}}