{"id":579021,"date":"2024-12-01T02:07:59","date_gmt":"2024-12-01T06:07:59","guid":{"rendered":"https:\/\/diariodominicano.com\/?p=579021"},"modified":"2024-12-01T02:08:04","modified_gmt":"2024-12-01T06:08:04","slug":"nicolas-maduro-evoca-convenio-integral-de-cooperacion-venezuela-cuba","status":"publish","type":"post","link":"https:\/\/diariodominicano.com\/?p=579021","title":{"rendered":"Nicol\u00e1s Maduro evoca Convenio Integral de Cooperaci\u00f3n Venezuela-Cuba"},"content":{"rendered":"\n<p>Caracas, 30 nov (Prensa Latina) El presidente Nicol\u00e1s Maduro destac\u00f3 hoy que Cuba y Venezuela tienen el r\u00e9cord mundial de solidaridad, cooperaci\u00f3n y hermandad verdadera, gracias al Convenio Integral de Cooperaci\u00f3n firmado hace 24 a\u00f1os por los comandantes Fidel Castro y Hugo Ch\u00e1vez.<\/p>\n\n\n\n<ul class=\"wp-block-list\">\n<li><a href=\"https:\/\/www.prensa-latina.cu\/2024\/11\/30\/\"><time>noviembre 30, 2024 | 10:04<\/time><\/a><\/li>\n<\/ul>\n\n\n\n<ul class=\"wp-block-list\">\n<li><a href=\"https:\/\/www.prensa-latina.cu\/2024\/11\/30\/nicolas-maduro-evoca-convenio-integral-de-cooperacion-venezuela-cuba\/#\"><\/a><\/li>\n\n\n\n<li><a href=\"https:\/\/www.prensa-latina.cu\/2024\/11\/30\/nicolas-maduro-evoca-convenio-integral-de-cooperacion-venezuela-cuba\/#\"><\/a><\/li>\n\n\n\n<li><a href=\"https:\/\/www.prensa-latina.cu\/2024\/11\/30\/nicolas-maduro-evoca-convenio-integral-de-cooperacion-venezuela-cuba\/#\"><\/a><\/li>\n\n\n\n<li><a href=\"https:\/\/www.prensa-latina.cu\/2024\/11\/30\/nicolas-maduro-evoca-convenio-integral-de-cooperacion-venezuela-cuba\/#\"><\/a><\/li>\n<\/ul>\n\n\n\n<p>Rememor\u00f3 el dignatario en su red social de Telegram que un d\u00eda como hoy se concret\u00f3 con el primer vuelo de venezolanos para ser atendidos en la naci\u00f3n antillana.<\/p>\n\n\n\n<p>\u201cSon miles las personas que han sido beneficiadas y atendidas con el mayor amor, humanismo y profesionalismo en el marco del Convenio Integral de Salud que demuestra que \u00a1s\u00ed se puede!, a pesar de las agresiones imperiales, garantizar el derecho a la vida y a la salud de calidad de nuestros pueblos\u201d, afirm\u00f3.<\/p>\n\n\n\n<p>El jefe del Estado bolivariano asegur\u00f3 que \u201cseguiremos unidos en una sola bandera, una sola batalla y un solo esp\u00edritu\u201d.<\/p>\n\n\n\n<p>\u201cMe he emocionado, mucho, mucho, viendo a los pacientes\u201d, expres\u00f3 el l\u00edder hist\u00f3rico de la Revoluci\u00f3n cubana en un audiovisual que acompa\u00f1a el mensaje, el cual record\u00f3 que fueron atendidos en tierras cubanas m\u00e1s de 66 mil pacientes venezolanos.<\/p>\n\n\n\n<p>Maduro se\u00f1al\u00f3 que ese Convenio iba a cambiar la historia de la cooperaci\u00f3n social en el mundo.<\/p>\n\n\n\n<p>El Presidente manifest\u00f3 que con \u201cel Convenio Cuba-Venezuela seguiremos en la gran tarea de reconstruir y restablecer plenamente el derecho a la salud de nuestro pueblo a lo largo y ancho de nuestro territorio\u201d.<\/p>\n\n\n\n<p>Los proyectos de cooperaci\u00f3n entre Caracas y La Habana ascend\u00edan a mil 487 hasta octubre del 2021, en tanto 255 mil 300 colaboradores cubanos prestaron sus servicios en Venezuela.<\/p>\n\n\n\n<p>La poblaci\u00f3n venezolana recibi\u00f3 el beneficio de 1 bill\u00f3n 296 millones 915 mil 510 consultas m\u00e9dicas y salvaron la vida a m\u00e1s de un mill\u00f3n 490 mil personas, gracias a la atenci\u00f3n brindada por los galenos cubanos, seg\u00fan datos oficiales.<\/p>\n\n\n\n<p>Como parte de este Convenio Integral de Cooperaci\u00f3n m\u00e1s de un mill\u00f3n 500 mil venezolanos analfabetos aprendieron a leer y a escribir con la implementaci\u00f3n de programas como Misi\u00f3n Robinson, surgida de la estrecha colaboraci\u00f3n entre los dos pa\u00edses, y a trav\u00e9s del m\u00e9todo \u201cYo s\u00ed puedo\u201d.<\/p>\n\n\n\n<p>arc\/jcd<\/p>\n\n\n\n<ul class=\"wp-block-list\">\n<li>#<a href=\"https:\/\/www.prensa-latina.cu\/etiqueta\/cuba\/\">cuba<\/a>\u00a0#<a href=\"https:\/\/www.prensa-latina.cu\/etiqueta\/salud\/\">salud<\/a>\u00a0#<a href=\"https:\/\/www.prensa-latina.cu\/etiqueta\/venezuela\/\">Venezuela<\/a><\/li>\n<\/ul>\n","protected":false},"excerpt":{"rendered":"<p>Caracas, 30 nov (Prensa Latina) El presidente Nicol\u00e1s Maduro destac\u00f3 hoy que Cuba y Venezuela tienen el r\u00e9cord mundial de solidaridad, cooperaci\u00f3n y hermandad verdadera, gracias al Convenio Integral de Cooperaci\u00f3n firmado hace 24 a\u00f1os por los comandantes Fidel Castro y Hugo Ch\u00e1vez. Rememor\u00f3 el dignatario en su red social de Telegram que un d\u00eda [&hellip;]<\/p>\n","protected":false},"author":28,"featured_media":579022,"comment_status":"closed","ping_status":"closed","sticky":true,"template":"","format":"standard","meta":{"footnotes":""},"categories":[26,23],"tags":[],"class_list":["post-579021","post","type-post","status-publish","format-standard","has-post-thumbnail","hentry","category-efemerides","category-internacional"],"_links":{"self":[{"href":"https:\/\/diariodominicano.com\/index.php?rest_route=\/wp\/v2\/posts\/579021","targetHints":{"allow":["GET"]}}],"collection":[{"href":"https:\/\/diariodominicano.com\/index.php?rest_route=\/wp\/v2\/posts"}],"about":[{"href":"https:\/\/diariodominicano.com\/index.php?rest_route=\/wp\/v2\/types\/post"}],"author":[{"embeddable":true,"href":"https:\/\/diariodominicano.com\/index.php?rest_route=\/wp\/v2\/users\/28"}],"replies":[{"embeddable":true,"href":"https:\/\/diariodominicano.com\/index.php?rest_route=%2Fwp%2Fv2%2Fcomments&post=579021"}],"version-history":[{"count":1,"href":"https:\/\/diariodominicano.com\/index.php?rest_route=\/wp\/v2\/posts\/579021\/revisions"}],"predecessor-version":[{"id":579023,"href":"https:\/\/diariodominicano.com\/index.php?rest_route=\/wp\/v2\/posts\/579021\/revisions\/579023"}],"wp:featuredmedia":[{"embeddable":true,"href":"https:\/\/diariodominicano.com\/index.php?rest_route=\/wp\/v2\/media\/579022"}],"wp:attachment":[{"href":"https:\/\/diariodominicano.com\/index.php?rest_route=%2Fwp%2Fv2%2Fmedia&parent=579021"}],"wp:term":[{"taxonomy":"category","embeddable":true,"href":"https:\/\/diariodominicano.com\/index.php?rest_route=%2Fwp%2Fv2%2Fcategories&post=579021"},{"taxonomy":"post_tag","embeddable":true,"href":"https:\/\/diariodominicano.com\/index.php?rest_route=%2Fwp%2Fv2%2Ftags&post=579021"}],"curies":[{"name":"wp","href":"https:\/\/api.w.org\/{rel}","templated":true}]}}