{"id":579012,"date":"2024-12-01T01:59:24","date_gmt":"2024-12-01T05:59:24","guid":{"rendered":"https:\/\/diariodominicano.com\/?p=579012"},"modified":"2024-12-01T02:56:53","modified_gmt":"2024-12-01T06:56:53","slug":"humanidad-celebra-dia-mundial-del-sida","status":"publish","type":"post","link":"https:\/\/diariodominicano.com\/?p=579012","title":{"rendered":"Humanidad celebra D\u00eda Mundial del Sida"},"content":{"rendered":"\n<p>ARCHIVO: imagen de la sede de la OMS<\/p>\n\n\n\n<p>Ginebra, 1 dic (Prensa Latina) Al celebrarse hoy el D\u00eda Mundial del Sida, la OMS exhort\u00f3 a mandatarios y ciudadanos a defender el derecho a la salud subsanando las desigualdades que entorpecen los progresos hacia el fin de esta enfermedad.<\/p>\n\n\n\n<p><a href=\"https:\/\/www.prensa-latina.cu\/2024\/12\/01\/\"><time>diciembre 1, 2024 | 00:49<\/time><\/a> <\/p>\n\n\n\n<p>Este a\u00f1o la jornada se desarrolla bajo el lema \u201cEmprendamos la senda de los derechos: Mi salud, mi derecho\u201d, con el objetivo de poner fin al sida como amenaza sanitaria para el 2030, inform\u00f3 la Organizaci\u00f3n Mundial de la Salud (OMS).<\/p>\n\n\n\n<p>\u201cA pesar de los enormes progresos realizados en la respuesta al VIH, las violaciones de los derechos humanos siguen impidiendo que el mundo acabe con el sida\u201d, afirm\u00f3 la directora ejecutiva del Programa Conjunto de Naciones Unidas sobre el VIH\/sida (Onusida), Winnie Byanyima.<\/p>\n\n\n\n<p>Entre los aspectos que impiden a las personas acceder a los servicios relacionados con el VIH, esenciales para salvar sus vidas y acabar con la pandemia, mencion\u00f3 la falta de acceso de las ni\u00f1as a la educaci\u00f3n, la impunidad para la violencia de g\u00e9nero, y el hecho de que pueden ser detenidas por lo que son o por lo que aman.<\/p>\n\n\n\n<p>Seg\u00fan un nuevo informe de Onusida, de los 39,9 millones de personas que viven con el VIH, 9,3 millones a\u00fan no tienen acceso a un tratamiento que podr\u00eda salvarles la vida.<\/p>\n\n\n\n<p>El a\u00f1o pasado, 630 mil individuos murieron de enfermedades relacionadas con el sida, y 1,3 millones en todo el mundo contrajeron el VIH.<\/p>\n\n\n\n<p>Mostr\u00f3 que en al menos 28 pa\u00edses, el n\u00famero de nuevas infecciones por VIH va en aumento.<\/p>\n\n\n\n<p>Cada d\u00eda de 2023, 570 mujeres j\u00f3venes y ni\u00f1as de entre 15 y 24 a\u00f1os contrajeron el VIH, mientras en unos 22 pa\u00edses de \u00c1frica oriental y meridional, las comprendidas en este grupo de edad tienen tres veces m\u00e1s probabilidades de vivir con esta enfermedad que sus compa\u00f1eros varones.<\/p>\n\n\n\n<p>El documento resalt\u00f3 que la criminalizaci\u00f3n y estigmatizaci\u00f3n de las comunidades marginadas contin\u00faa obstruyendo el acceso a servicios adecuados, y evidenci\u00f3 que en el pasado a\u00f1o 63 pa\u00edses siguen penalizando las relaciones entre personas del mismo sexo.<\/p>\n\n\n\n<p>Onusida subray\u00f3 que, a\u00fan cuando la ciencia ha avanzado, no llega a todas partes.<\/p>\n\n\n\n<p>Los medicamentos de acci\u00f3n prolongada que s\u00f3lo necesitan inyectarse un par de veces al a\u00f1o podr\u00edan inclinar la balanza, pero s\u00f3lo si se comparte la tecnolog\u00eda que permita bajar los precios y posibilitar la producci\u00f3n en todas las partes del mundo, precisaron los expertos.<\/p>\n\n\n\n<p>En este contexto, la Organizaci\u00f3n Panamericana de la Salud (OPS) lanz\u00f3 la campa\u00f1a \u00abMejor con PrEP\u00bb, dirigida a ampliar el acceso a la Profilaxis Preexposici\u00f3n (PrEP) en Am\u00e9rica Latina y el Caribe para prevenir el VIH.<\/p>\n\n\n\n<p>Tambi\u00e9n busca aumentar la conciencia sobre este medicamento altamente eficaz para prevenir el VIH cuando se toma de forma consistente.<\/p>\n\n\n\n<p>Aunque esta intervenci\u00f3n preventiva est\u00e1 demostrando ser crucial para el control del VIH en la regi\u00f3n, su adopci\u00f3n sigue siendo limitada.<\/p>\n\n\n\n<p>A finales del a\u00f1o en curso, 24 de 33 pa\u00edses en Am\u00e9rica Latina y el Caribe hab\u00edan adoptado la PrEP como pol\u00edtica de salud p\u00fablica, y aunque m\u00e1s de 160 mil personas ya se benefician de su uso, contin\u00faan los esfuerzos para acercarse a la meta de 2,3 millones en la regi\u00f3n.<\/p>\n\n\n\n<p>\u201cHacemos un llamado a todos los pa\u00edses de la regi\u00f3n a transformar la realidad del VIH con pol\u00edticas inclusivas y ampliadas de PrEP. La eliminaci\u00f3n del VIH es posible, pero solo si actuamos con valent\u00eda y compromiso\u201d, afirm\u00f3 el doctor Jarbas Barbosa, director de la OPS.<\/p>\n\n\n\n<p>El VIH\/Sida es una de las m\u00e1s de 30 enfermedades transmisibles y condiciones relacionadas que la OPS busca eliminar para 2030.<\/p>\n\n\n\n<p>mem\/lpn<\/p>\n\n\n\n<ul class=\"wp-block-list\">\n<li>#<a href=\"https:\/\/www.prensa-latina.cu\/etiqueta\/salud\/\">salud<\/a>\u00a0#<a href=\"https:\/\/www.prensa-latina.cu\/etiqueta\/sida\/\">sida<\/a>\u00a0#<a href=\"https:\/\/www.prensa-latina.cu\/etiqueta\/vih\/\">VIH<\/a> <\/li>\n<\/ul>\n","protected":false},"excerpt":{"rendered":"<p>ARCHIVO: imagen de la sede de la OMS Ginebra, 1 dic (Prensa Latina) Al celebrarse hoy el D\u00eda Mundial del Sida, la OMS exhort\u00f3 a mandatarios y ciudadanos a defender el derecho a la salud subsanando las desigualdades que entorpecen los progresos hacia el fin de esta enfermedad. diciembre 1, 2024 | 00:49 Este a\u00f1o [&hellip;]<\/p>\n","protected":false},"author":28,"featured_media":529185,"comment_status":"closed","ping_status":"closed","sticky":true,"template":"","format":"standard","meta":{"footnotes":""},"categories":[26,23,27],"tags":[],"class_list":["post-579012","post","type-post","status-publish","format-standard","has-post-thumbnail","hentry","category-efemerides","category-internacional","category-portada"],"_links":{"self":[{"href":"https:\/\/diariodominicano.com\/index.php?rest_route=\/wp\/v2\/posts\/579012","targetHints":{"allow":["GET"]}}],"collection":[{"href":"https:\/\/diariodominicano.com\/index.php?rest_route=\/wp\/v2\/posts"}],"about":[{"href":"https:\/\/diariodominicano.com\/index.php?rest_route=\/wp\/v2\/types\/post"}],"author":[{"embeddable":true,"href":"https:\/\/diariodominicano.com\/index.php?rest_route=\/wp\/v2\/users\/28"}],"replies":[{"embeddable":true,"href":"https:\/\/diariodominicano.com\/index.php?rest_route=%2Fwp%2Fv2%2Fcomments&post=579012"}],"version-history":[{"count":3,"href":"https:\/\/diariodominicano.com\/index.php?rest_route=\/wp\/v2\/posts\/579012\/revisions"}],"predecessor-version":[{"id":579048,"href":"https:\/\/diariodominicano.com\/index.php?rest_route=\/wp\/v2\/posts\/579012\/revisions\/579048"}],"wp:featuredmedia":[{"embeddable":true,"href":"https:\/\/diariodominicano.com\/index.php?rest_route=\/wp\/v2\/media\/529185"}],"wp:attachment":[{"href":"https:\/\/diariodominicano.com\/index.php?rest_route=%2Fwp%2Fv2%2Fmedia&parent=579012"}],"wp:term":[{"taxonomy":"category","embeddable":true,"href":"https:\/\/diariodominicano.com\/index.php?rest_route=%2Fwp%2Fv2%2Fcategories&post=579012"},{"taxonomy":"post_tag","embeddable":true,"href":"https:\/\/diariodominicano.com\/index.php?rest_route=%2Fwp%2Fv2%2Ftags&post=579012"}],"curies":[{"name":"wp","href":"https:\/\/api.w.org\/{rel}","templated":true}]}}