{"id":578963,"date":"2024-12-01T00:45:36","date_gmt":"2024-12-01T04:45:36","guid":{"rendered":"https:\/\/diariodominicano.com\/?p=578963"},"modified":"2024-12-01T00:45:41","modified_gmt":"2024-12-01T04:45:41","slug":"dia-nacional-de-barbados","status":"publish","type":"post","link":"https:\/\/diariodominicano.com\/?p=578963","title":{"rendered":"D\u00eda Nacional de Barbados"},"content":{"rendered":"\n<p>ARCHIVO: Antony J. Blinken Secretario de Estado<\/p>\n\n\n\n<p><\/p>\n\n\n\n<p>Comunicado de prensa<\/p>\n\n\n\n<p>30 de noviembre de 2024<\/p>\n\n\n\n<p>En nombre de los Estados Unidos de Am\u00e9rica, env\u00edo mis mejores saludos al pueblo de Barbados al conmemorar 58 a\u00f1os de independencia.<\/p>\n\n\n\n<p>Nuestras naciones est\u00e1n conectadas por una profunda e hist\u00f3rica alianza y por nuestro compromiso compartido de abordar los desaf\u00edos globales en la regi\u00f3n del Caribe y m\u00e1s all\u00e1. A trav\u00e9s de la Iniciativa de Seguridad de la Cuenca del Caribe, estamos colaborando para interrumpir el tr\u00e1fico de narc\u00f3ticos y armas mediante la aplicaci\u00f3n de la ley mar\u00edtima, la asistencia jur\u00eddica mutua y el compromiso diplom\u00e1tico en todos los aspectos de la seguridad regional. En el marco de la Alianza entre Estados Unidos y el Caribe para Abordar la Crisis Clim\u00e1tica (PACC 2030), estamos construyendo un futuro m\u00e1s sostenible con proyectos en energ\u00eda renovable y preparaci\u00f3n para desastres.<\/p>\n\n\n\n<p>Deseo a Barbados una maravillosa celebraci\u00f3n del D\u00eda Nacional y espero profundizar nuestra relaci\u00f3n bilateral.<\/p>\n\n\n\n<p>U.S. Department of State<\/p>\n\n\n\n<p>U.S. Department of State ()<\/p>\n\n\n\n<p><a target=\"_blank\" href=\"mailto:usstatebpa@public.govdelivery.com\" rel=\"noreferrer noopener\">usstatebpa@public.govdelivery.com<\/a><\/p>\n\n\n\n<p><\/p>\n","protected":false},"excerpt":{"rendered":"<p>ARCHIVO: Antony J. Blinken Secretario de Estado Comunicado de prensa 30 de noviembre de 2024 En nombre de los Estados Unidos de Am\u00e9rica, env\u00edo mis mejores saludos al pueblo de Barbados al conmemorar 58 a\u00f1os de independencia. Nuestras naciones est\u00e1n conectadas por una profunda e hist\u00f3rica alianza y por nuestro compromiso compartido de abordar los [&hellip;]<\/p>\n","protected":false},"author":28,"featured_media":540561,"comment_status":"closed","ping_status":"closed","sticky":true,"template":"","format":"standard","meta":{"footnotes":""},"categories":[26,23],"tags":[],"class_list":["post-578963","post","type-post","status-publish","format-standard","has-post-thumbnail","hentry","category-efemerides","category-internacional"],"_links":{"self":[{"href":"https:\/\/diariodominicano.com\/index.php?rest_route=\/wp\/v2\/posts\/578963","targetHints":{"allow":["GET"]}}],"collection":[{"href":"https:\/\/diariodominicano.com\/index.php?rest_route=\/wp\/v2\/posts"}],"about":[{"href":"https:\/\/diariodominicano.com\/index.php?rest_route=\/wp\/v2\/types\/post"}],"author":[{"embeddable":true,"href":"https:\/\/diariodominicano.com\/index.php?rest_route=\/wp\/v2\/users\/28"}],"replies":[{"embeddable":true,"href":"https:\/\/diariodominicano.com\/index.php?rest_route=%2Fwp%2Fv2%2Fcomments&post=578963"}],"version-history":[{"count":1,"href":"https:\/\/diariodominicano.com\/index.php?rest_route=\/wp\/v2\/posts\/578963\/revisions"}],"predecessor-version":[{"id":578964,"href":"https:\/\/diariodominicano.com\/index.php?rest_route=\/wp\/v2\/posts\/578963\/revisions\/578964"}],"wp:featuredmedia":[{"embeddable":true,"href":"https:\/\/diariodominicano.com\/index.php?rest_route=\/wp\/v2\/media\/540561"}],"wp:attachment":[{"href":"https:\/\/diariodominicano.com\/index.php?rest_route=%2Fwp%2Fv2%2Fmedia&parent=578963"}],"wp:term":[{"taxonomy":"category","embeddable":true,"href":"https:\/\/diariodominicano.com\/index.php?rest_route=%2Fwp%2Fv2%2Fcategories&post=578963"},{"taxonomy":"post_tag","embeddable":true,"href":"https:\/\/diariodominicano.com\/index.php?rest_route=%2Fwp%2Fv2%2Ftags&post=578963"}],"curies":[{"name":"wp","href":"https:\/\/api.w.org\/{rel}","templated":true}]}}