{"id":578911,"date":"2024-11-30T10:59:00","date_gmt":"2024-11-30T14:59:00","guid":{"rendered":"https:\/\/diariodominicano.com\/?p=578911"},"modified":"2024-11-30T10:59:08","modified_gmt":"2024-11-30T14:59:08","slug":"miriam-german-procuradora-general-rd-recibe-reconocimiento-de-la-embajada-dominicana-en-espana","status":"publish","type":"post","link":"https:\/\/diariodominicano.com\/?p=578911","title":{"rendered":"Miriam Germ\u00e1n, procuradora general RD, recibe reconocimiento de la Embajada dominicana en Espa\u00f1a"},"content":{"rendered":"\n<p>diariodominicano.com<\/p>\n\n\n\n<p>Santo Domingo, R. D.,\u200230 de noviembre, 2024.-\u2002La ceremonia de reconocimiento se llev\u00f3 a cabo el pasado 28 de noviembre en la residencia del embajador dominicano ante el Reino de Espa\u00f1a, S.E. Juan Bol\u00edvar D\u00edaz, quien rindi\u00f3 homenaje a la trayectoria profesional y destacada labor en la lucha contra la violencia de g\u00e9nero de la magistrada Miriam Germ\u00e1n Brito, procuradora general de Rep\u00fablica Dominicana.<\/p>\n\n\n\n<p>Con este reconocimiento, desde la Embajada de Rep\u00fablica Dominicana ante el Reino de Espa\u00f1a rinden homenaje a la honorable magistrada Miriam Germ\u00e1n Brito, quien con su esfuerzo, resiliencia y determinaci\u00f3n ha contribuido a la construcci\u00f3n de una sociedad m\u00e1s justa, igualitaria, inclusiva y libre de violencia de g\u00e9nero.<\/p>\n\n\n\n<p>En su discurso, la Mag. Germ\u00e1n agradeci\u00f3 la iniciativa y destac\u00f3 su compromiso constante en la protecci\u00f3n de las v\u00edctimas. Un galard\u00f3n que reafirma su esfuerzo en trabajar porque ninguna mujer se sienta sola o desprotegida frente a la violencia.<\/p>\n\n\n\n<p>Adem\u00e1s del embajador D\u00edaz, la embajadora consorte Ada Wiscovitch Carlo y los funcionarios de la Embajada, estuvieron presentes en el c\u00f3ctel la magistrada Ana Andrea Villa Camacho, procuradora fiscal, directora de la Direcci\u00f3n de Violencia de G\u00e9nero PGR; el general Hach\u00e9 de la PGR, la embajadora representante permanente de Rep\u00fablica Dominicana ante la ONU-Turismo, Anabel Bueno Santana-Dolenc, el c\u00f3nsul general de Rep\u00fablica Dominicana en Madrid, Jos\u00e9 Marte Piantini, el senador Pedro Catrain Bonilla y miembros de la comunidad dominicana en Espa\u00f1a.<\/p>\n\n\n\n<p><strong>Diana Infante Qui\u00f1ones<\/strong><\/p>\n\n\n\n<p><strong>Ministra Consejera<\/strong><\/p>\n\n\n\n<p><strong>Secciones pol\u00edtica, igualdad de g\u00e9nero y comunicaci\u00f3n.<\/strong><\/p>\n\n\n\n<p><strong>Embajada de Rep\u00fablica Dominicana ante el Reino de Espa\u00f1a<\/strong><\/p>\n\n\n\n<p><em>S\u00e1bado 30 de noviembre<\/em><\/p>\n\n\n\n<p><em>Madrid,&nbsp;<\/em><em>Espa\u00f1a<\/em><em><\/em><\/p>\n\n\n\n<p><\/p>\n","protected":false},"excerpt":{"rendered":"<p>diariodominicano.com Santo Domingo, R. D.,\u200230 de noviembre, 2024.-\u2002La ceremonia de reconocimiento se llev\u00f3 a cabo el pasado 28 de noviembre en la residencia del embajador dominicano ante el Reino de Espa\u00f1a, S.E. Juan Bol\u00edvar D\u00edaz, quien rindi\u00f3 homenaje a la trayectoria profesional y destacada labor en la lucha contra la violencia de g\u00e9nero de la [&hellip;]<\/p>\n","protected":false},"author":5,"featured_media":578912,"comment_status":"closed","ping_status":"closed","sticky":true,"template":"","format":"standard","meta":{"footnotes":""},"categories":[20,27],"tags":[],"class_list":["post-578911","post","type-post","status-publish","format-standard","has-post-thumbnail","hentry","category-dominicana-hoy","category-portada"],"_links":{"self":[{"href":"https:\/\/diariodominicano.com\/index.php?rest_route=\/wp\/v2\/posts\/578911","targetHints":{"allow":["GET"]}}],"collection":[{"href":"https:\/\/diariodominicano.com\/index.php?rest_route=\/wp\/v2\/posts"}],"about":[{"href":"https:\/\/diariodominicano.com\/index.php?rest_route=\/wp\/v2\/types\/post"}],"author":[{"embeddable":true,"href":"https:\/\/diariodominicano.com\/index.php?rest_route=\/wp\/v2\/users\/5"}],"replies":[{"embeddable":true,"href":"https:\/\/diariodominicano.com\/index.php?rest_route=%2Fwp%2Fv2%2Fcomments&post=578911"}],"version-history":[{"count":1,"href":"https:\/\/diariodominicano.com\/index.php?rest_route=\/wp\/v2\/posts\/578911\/revisions"}],"predecessor-version":[{"id":578913,"href":"https:\/\/diariodominicano.com\/index.php?rest_route=\/wp\/v2\/posts\/578911\/revisions\/578913"}],"wp:featuredmedia":[{"embeddable":true,"href":"https:\/\/diariodominicano.com\/index.php?rest_route=\/wp\/v2\/media\/578912"}],"wp:attachment":[{"href":"https:\/\/diariodominicano.com\/index.php?rest_route=%2Fwp%2Fv2%2Fmedia&parent=578911"}],"wp:term":[{"taxonomy":"category","embeddable":true,"href":"https:\/\/diariodominicano.com\/index.php?rest_route=%2Fwp%2Fv2%2Fcategories&post=578911"},{"taxonomy":"post_tag","embeddable":true,"href":"https:\/\/diariodominicano.com\/index.php?rest_route=%2Fwp%2Fv2%2Ftags&post=578911"}],"curies":[{"name":"wp","href":"https:\/\/api.w.org\/{rel}","templated":true}]}}