{"id":578908,"date":"2024-11-30T10:53:32","date_gmt":"2024-11-30T14:53:32","guid":{"rendered":"https:\/\/diariodominicano.com\/?p=578908"},"modified":"2024-11-30T10:53:41","modified_gmt":"2024-11-30T14:53:41","slug":"papa-francisco-la-medicina-no-debe-descuidar-la-dignidad-humana-por-intereses-de-mercado","status":"publish","type":"post","link":"https:\/\/diariodominicano.com\/?p=578908","title":{"rendered":"Papa Francisco: La medicina no debe descuidar la dignidad humana por intereses de mercado"},"content":{"rendered":"\n<p>diariodominicano.com<\/p>\n\n\n\n<p>Vaticano,\u200230 de noviembre, 2024.-\u2002El Papa record\u00f3 que \u00abninguna vida debe ser descartada\u00bb, y pidi\u00f3 \u00abcercan\u00eda, compasi\u00f3n y ternura\u00bb. Fue al recibir a una delegaci\u00f3n del Departamento de Odontolog\u00eda de la Universidad de N\u00e1poles.<\/p>\n\n\n\n<p>\u00abSi descuida la&nbsp;<strong>dignidad humana<\/strong>, la medicina corre el riesgo de prestarse a los intereses del mercado y de la ideolog\u00eda\u00bb, en lugar de \u00abdedicarse al bien de la vida naciente, de la vida que sufre, de la vida indigente. El m\u00e9dico existe para curar del mal: \u00a1siempre debe curar! Ninguna vida debe ser descartada\u00bb.<\/p>\n\n\n\n<p>La persona debe ser tratada \u00aben su totalidad, no s\u00f3lo una parte\u00bb, con \u00abcercan\u00eda, compasi\u00f3n y ternura\u00bb. As\u00ed lo record\u00f3 el&nbsp;<strong>Papa Francisco<\/strong>&nbsp;a la delegaci\u00f3n del Departamento de Odontolog\u00eda de la Universidad de N\u00e1poles \u00abFederico II\u00bb, compuesta por ochenta personas, que fueron recibidas el 29 de noviembre en la Sala Clementina, con motivo del 800\u00b0 aniversario de la fundaci\u00f3n de la universidad napolitana, una de las m\u00e1s antiguas del mundo.<\/p>\n\n\n\n<p>El Papa reiter\u00f3 la actualidad de la lecci\u00f3n de Hip\u00f3crates y Escribonio: \u00ab<em>Primum, non nocere; secundum, cavere; tertium, sanare\u00bb&nbsp;<\/em>(\u00abAnte todo, no da\u00f1ar; despu\u00e9s, cuidar; por \u00faltimo, sanar\u00bb).<\/p>\n\n\n\n<p>Asimismo, aclar\u00f3 que no hacer da\u00f1o significa \u00abno a\u00f1adir da\u00f1o y sufrimiento a lo que el paciente ya est\u00e1 experimentando\u00bb.<\/p>\n\n\n\n<p><em>Cuidar es la acci\u00f3n evang\u00e9lica por excelencia, la del buen samaritano; pero debe hacerse con \u00abel estilo de Dios\u00bb. \u00bfCu\u00e1l es el estilo de Dios? Cercan\u00eda, compasi\u00f3n y ternura.<\/em><\/p>\n\n\n\n<p>Palabras que Francisco vincul\u00f3 a su experiencia personal como joven enfermo en la Argentina: \u00abRecuerdo cuando, a los veinte a\u00f1os, me sacaron parte del pulm\u00f3n que estaba enfermo. S\u00ed, me dieron las medicinas, pero lo que m\u00e1s fuerza me dio fue la mano de las enfermeras que, despu\u00e9s de ponerme las inyecciones, me tomaban de la mano&#8230; \u00a1Esa ternura humana hace tanto bien! Cuidar&#8230;\u00bb.<\/p>\n\n\n\n<p>Finalmente, \u00absanar\u00bb: para el pont\u00edfice es lo que lleva al m\u00e9dico a \u00abasemejarse a Jes\u00fas, que curaba todo tipo de enfermedades y dolencias entre la gente\u00bb.<\/p>\n\n\n\n<p>Tambi\u00e9n subray\u00f3 que la tecnolog\u00eda, que se desarrolla r\u00e1pidamente en medicina, uni\u00e9ndose a la \u00absabidur\u00eda cl\u00e1sica\u00bb, nunca debe prescindir de la deontolog\u00eda: \u00abDe lo contrario, se estar\u00eda descuidando la dignidad humana, \u00a1que es igual para todos! La medicina corre el riesgo de prestarse a los intereses del mercado y de la ideolog\u00eda, en lugar de consagrarse al bien de la vida naciente, de la vida sufriente, de la vida indigente. El m\u00e9dico existe para curar del mal: \u00a1siempre curar! No hay que descartar ninguna vida. \u00a1Siempre hay que curar! &#8216;Pero \u00e9ste no sobrevivir\u00e1&#8230;&#8217;. Acomp\u00e1\u00f1alo de todas maneras hasta el final\u00bb.<\/p>\n\n\n\n<p>Esos son, para el Papa, los principios de \u00abuna ciencia siempre al servicio de la persona\u00bb.\u2003 Ciudad del Vaticano (AICA)<\/p>\n\n\n\n<h5 class=\"wp-block-heading\"><\/h5>\n","protected":false},"excerpt":{"rendered":"<p>diariodominicano.com Vaticano,\u200230 de noviembre, 2024.-\u2002El Papa record\u00f3 que \u00abninguna vida debe ser descartada\u00bb, y pidi\u00f3 \u00abcercan\u00eda, compasi\u00f3n y ternura\u00bb. Fue al recibir a una delegaci\u00f3n del Departamento de Odontolog\u00eda de la Universidad de N\u00e1poles. \u00abSi descuida la&nbsp;dignidad humana, la medicina corre el riesgo de prestarse a los intereses del mercado y de la ideolog\u00eda\u00bb, en [&hellip;]<\/p>\n","protected":false},"author":5,"featured_media":578909,"comment_status":"closed","ping_status":"closed","sticky":true,"template":"","format":"standard","meta":{"footnotes":""},"categories":[23,27],"tags":[],"class_list":["post-578908","post","type-post","status-publish","format-standard","has-post-thumbnail","hentry","category-internacional","category-portada"],"_links":{"self":[{"href":"https:\/\/diariodominicano.com\/index.php?rest_route=\/wp\/v2\/posts\/578908","targetHints":{"allow":["GET"]}}],"collection":[{"href":"https:\/\/diariodominicano.com\/index.php?rest_route=\/wp\/v2\/posts"}],"about":[{"href":"https:\/\/diariodominicano.com\/index.php?rest_route=\/wp\/v2\/types\/post"}],"author":[{"embeddable":true,"href":"https:\/\/diariodominicano.com\/index.php?rest_route=\/wp\/v2\/users\/5"}],"replies":[{"embeddable":true,"href":"https:\/\/diariodominicano.com\/index.php?rest_route=%2Fwp%2Fv2%2Fcomments&post=578908"}],"version-history":[{"count":1,"href":"https:\/\/diariodominicano.com\/index.php?rest_route=\/wp\/v2\/posts\/578908\/revisions"}],"predecessor-version":[{"id":578910,"href":"https:\/\/diariodominicano.com\/index.php?rest_route=\/wp\/v2\/posts\/578908\/revisions\/578910"}],"wp:featuredmedia":[{"embeddable":true,"href":"https:\/\/diariodominicano.com\/index.php?rest_route=\/wp\/v2\/media\/578909"}],"wp:attachment":[{"href":"https:\/\/diariodominicano.com\/index.php?rest_route=%2Fwp%2Fv2%2Fmedia&parent=578908"}],"wp:term":[{"taxonomy":"category","embeddable":true,"href":"https:\/\/diariodominicano.com\/index.php?rest_route=%2Fwp%2Fv2%2Fcategories&post=578908"},{"taxonomy":"post_tag","embeddable":true,"href":"https:\/\/diariodominicano.com\/index.php?rest_route=%2Fwp%2Fv2%2Ftags&post=578908"}],"curies":[{"name":"wp","href":"https:\/\/api.w.org\/{rel}","templated":true}]}}