{"id":578897,"date":"2024-11-30T10:23:11","date_gmt":"2024-11-30T14:23:11","guid":{"rendered":"https:\/\/diariodominicano.com\/?p=578897"},"modified":"2024-11-30T10:24:19","modified_gmt":"2024-11-30T14:24:19","slug":"acto-de-homenaje-a-ejecutados-extrajudicialmente-destaco-en-colombia-fotos","status":"publish","type":"post","link":"https:\/\/diariodominicano.com\/?p=578897","title":{"rendered":"Acto de homenaje a ejecutados extrajudicialmente destac\u00f3 en Colombia (+Fotos)"},"content":{"rendered":"\n<p>Bogot\u00e1, 30 nov (Prensa Latina) La divulgaci\u00f3n de casi dos mil nombres de v\u00edctimas de ejecuciones extrajudiciales por la Fuerza P\u00fablica de 2002 a 2008 en Colombia fue un suceso sobresaliente en la semana que finaliza hoy.<\/p>\n\n\n\n<ul class=\"wp-block-list\">\n<li><a href=\"https:\/\/www.prensa-latina.cu\/2024\/11\/30\/\"><time>noviembre 30, 2024 | 08:45<\/time><\/a><\/li>\n<\/ul>\n\n\n\n<ul class=\"wp-block-list\">\n<li><a href=\"https:\/\/www.prensa-latina.cu\/2024\/11\/30\/acto-de-homenaje-a-ejecutados-extrajudicialmente-destaco-en-colombia\/#\"><\/a><\/li>\n\n\n\n<li><a href=\"https:\/\/www.prensa-latina.cu\/2024\/11\/30\/acto-de-homenaje-a-ejecutados-extrajudicialmente-destaco-en-colombia\/#\"><\/a><\/li>\n\n\n\n<li><a href=\"https:\/\/www.prensa-latina.cu\/2024\/11\/30\/acto-de-homenaje-a-ejecutados-extrajudicialmente-destaco-en-colombia\/#\"><\/a><\/li>\n\n\n\n<li><a href=\"https:\/\/www.prensa-latina.cu\/2024\/11\/30\/acto-de-homenaje-a-ejecutados-extrajudicialmente-destaco-en-colombia\/#\"><\/a><\/li>\n<\/ul>\n\n\n\n<p>Durante un acto simb\u00f3lico celebrado el pasado jueves, la Jurisdicci\u00f3n Especial para la Paz (JEP) revel\u00f3 la identidad de mil 934 personas asesinadas o desaparecidas, a los que se les conoce como \u201cfalsos positivos\u201d, y que en su momento presentaron como bajas de combate tras supuestos enfrentamientos con la guerrilla.<\/p>\n\n\n\n<figure class=\"wp-block-image\"><img decoding=\"async\" src=\"https:\/\/www.prensa-latina.cu\/wp-content\/uploads\/2024\/11\/homenaje-asesinados.jpg\" alt=\"\" class=\"wp-image-1388429\"\/><\/figure>\n\n\n\n<p>El destino sufrido por las personas, cuya identidad sali\u00f3 a la luz, lo esclarecieron investigaciones del \u00f3rgano de justicia transicional y el testimonio de militares involucrados en dichos sucesos ocurridos en regiones como Costa Caribe, Antioquia, Norte de Santander, Huila y Casanare.<\/p>\n\n\n\n<p>La JEP inform\u00f3 que continuar\u00e1 identificando a las otras v\u00edctimas, que se estiman hasta la fecha en unas seis mil 402, una vez termine la contrastaci\u00f3n y la fase nacional del Caso 03, por respeto y dignidad a sus familias, por protecci\u00f3n de la investigaci\u00f3n judicial y en consideraci\u00f3n de las condiciones de seguridad.<\/p>\n\n\n\n<figure class=\"wp-block-image\"><img decoding=\"async\" src=\"https:\/\/www.prensa-latina.cu\/wp-content\/uploads\/2024\/11\/homenaje-asesinados2.jpg\" alt=\"\" class=\"wp-image-1388431\"\/><\/figure>\n\n\n\n<p>El \u00f3rgano de justicia transicional tambi\u00e9n identific\u00f3 a 85 m\u00e1ximos responsables y comparecientes imputados por cr\u00edmenes de guerra y lesa humanidad, que ya han reconocido su participaci\u00f3n.<\/p>\n\n\n\n<p>Durante el acto, la organizaci\u00f3n Madres de los Falsos Positivos (Mafapo) decoraron art\u00edsticamente 200 botas que ser\u00e1n expuestas en las instalaciones de la JEP hasta febrero de 2025.<\/p>\n\n\n\n<p>Se ha documentado que los responsables les pon\u00edan a sus v\u00edctimas botas pantaneras, como las que usaba la guerrilla, para simular que eran bajas leg\u00edtimas, de ah\u00ed el simbolismo de exponer el calzado como un acto que busca la reparaci\u00f3n y la no repetici\u00f3n.<\/p>\n\n\n\n<figure class=\"wp-block-image\"><img decoding=\"async\" src=\"https:\/\/www.prensa-latina.cu\/wp-content\/uploads\/2024\/11\/homenaje-asesinados3.jpg\" alt=\"\" class=\"wp-image-1388430\"\/><\/figure>\n\n\n\n<p>La JEP demostr\u00f3, por medio de cuantiosa evidencia, que los \u2018falsos positivos\u2019 los cometieron de manera sistem\u00e1tica, desatados por la pol\u00edtica de facto de conteo de cuerpos, por lo cual esa entidad concluy\u00f3 que se trata de cr\u00edmenes de guerra y de lesa humanidad.<\/p>\n\n\n\n<p>La revelaci\u00f3n de las identidades adquiri\u00f3 mayor connotaci\u00f3n debido a que ocurre en medio de manifestaciones negacionistas hacia esos hechos por integrantes del partido Centro Democr\u00e1tico del expresidente \u00c1lvaro Uribe (2002-2010).<\/p>\n\n\n\n<figure class=\"wp-block-image\"><img decoding=\"async\" src=\"https:\/\/www.prensa-latina.cu\/wp-content\/uploads\/2024\/11\/homenaje-asesinados6.jpg\" alt=\"\" class=\"wp-image-1388428\"\/><\/figure>\n\n\n\n<p>Ante los cuestionamientos de los uribistas, el presidente de la JEP, Alejandro Ramelli, respondi\u00f3 que muchos de los involucrados reconocieron su responsabilidad y que resulta inadmisible que el debate gire en torno a la cantidad de muertos y no sobre qu\u00e9 puede hacerse por la reparaci\u00f3n.<\/p>\n\n\n\n<p>\u201cLa pregunta no es la cifra, eso es una pregunta inmoral\u201d, sentenci\u00f3.<\/p>\n\n\n\n<figure class=\"wp-block-image\"><img decoding=\"async\" src=\"https:\/\/www.prensa-latina.cu\/wp-content\/uploads\/2024\/11\/homenaje-asesinados4.jpg\" alt=\"\" class=\"wp-image-1388427\"\/><\/figure>\n\n\n\n<p>arc\/ifs<\/p>\n\n\n\n<ul class=\"wp-block-list\">\n<li>#<a href=\"https:\/\/www.prensa-latina.cu\/etiqueta\/acto\/\">acto<\/a>\u00a0#<a href=\"https:\/\/www.prensa-latina.cu\/etiqueta\/colombia\/\">colombia<\/a>\u00a0#<a href=\"https:\/\/www.prensa-latina.cu\/etiqueta\/ejecuciones\/\">ejecuciones<\/a>\u00a0#<a href=\"https:\/\/www.prensa-latina.cu\/etiqueta\/extrajudiciales\/\">extrajudiciales<\/a>\u00a0#<a href=\"https:\/\/www.prensa-latina.cu\/etiqueta\/hemenaje\/\">hemenaje<\/a><\/li>\n<\/ul>\n","protected":false},"excerpt":{"rendered":"<p>Bogot\u00e1, 30 nov (Prensa Latina) La divulgaci\u00f3n de casi dos mil nombres de v\u00edctimas de ejecuciones extrajudiciales por la Fuerza P\u00fablica de 2002 a 2008 en Colombia fue un suceso sobresaliente en la semana que finaliza hoy. Durante un acto simb\u00f3lico celebrado el pasado jueves, la Jurisdicci\u00f3n Especial para la Paz (JEP) revel\u00f3 la identidad [&hellip;]<\/p>\n","protected":false},"author":28,"featured_media":578898,"comment_status":"closed","ping_status":"closed","sticky":true,"template":"","format":"standard","meta":{"footnotes":""},"categories":[26,23],"tags":[],"class_list":["post-578897","post","type-post","status-publish","format-standard","has-post-thumbnail","hentry","category-efemerides","category-internacional"],"_links":{"self":[{"href":"https:\/\/diariodominicano.com\/index.php?rest_route=\/wp\/v2\/posts\/578897","targetHints":{"allow":["GET"]}}],"collection":[{"href":"https:\/\/diariodominicano.com\/index.php?rest_route=\/wp\/v2\/posts"}],"about":[{"href":"https:\/\/diariodominicano.com\/index.php?rest_route=\/wp\/v2\/types\/post"}],"author":[{"embeddable":true,"href":"https:\/\/diariodominicano.com\/index.php?rest_route=\/wp\/v2\/users\/28"}],"replies":[{"embeddable":true,"href":"https:\/\/diariodominicano.com\/index.php?rest_route=%2Fwp%2Fv2%2Fcomments&post=578897"}],"version-history":[{"count":2,"href":"https:\/\/diariodominicano.com\/index.php?rest_route=\/wp\/v2\/posts\/578897\/revisions"}],"predecessor-version":[{"id":578900,"href":"https:\/\/diariodominicano.com\/index.php?rest_route=\/wp\/v2\/posts\/578897\/revisions\/578900"}],"wp:featuredmedia":[{"embeddable":true,"href":"https:\/\/diariodominicano.com\/index.php?rest_route=\/wp\/v2\/media\/578898"}],"wp:attachment":[{"href":"https:\/\/diariodominicano.com\/index.php?rest_route=%2Fwp%2Fv2%2Fmedia&parent=578897"}],"wp:term":[{"taxonomy":"category","embeddable":true,"href":"https:\/\/diariodominicano.com\/index.php?rest_route=%2Fwp%2Fv2%2Fcategories&post=578897"},{"taxonomy":"post_tag","embeddable":true,"href":"https:\/\/diariodominicano.com\/index.php?rest_route=%2Fwp%2Fv2%2Ftags&post=578897"}],"curies":[{"name":"wp","href":"https:\/\/api.w.org\/{rel}","templated":true}]}}