{"id":578895,"date":"2024-11-30T10:37:06","date_gmt":"2024-11-30T14:37:06","guid":{"rendered":"https:\/\/diariodominicano.com\/?p=578895"},"modified":"2024-11-30T10:44:45","modified_gmt":"2024-11-30T14:44:45","slug":"uasd-participa-con-diversas-exposiciones-en-el-congreso-hispanoamericano-de-prensa","status":"publish","type":"post","link":"https:\/\/diariodominicano.com\/?p=578895","title":{"rendered":"UASD participa con diversas exposiciones en el Congreso Hispanoamericano de Prensa"},"content":{"rendered":"\n<p>diariodominicano.com<\/p>\n\n\n\n<p>Santo Domingo, R. D.,\u200330 de noviembre, 2024.-\u2002La Universidad Aut\u00f3noma de Santo Domingo (UASD) particip\u00f3 en el Congreso Hispanoamericano de Prensa, con varias conferencias y exposiciones, contando con la presencia del director de la Escuela de Comunicaci\u00f3n Social, maestro Oscar Pe\u00f1a, y el doctor Am\u00edn Cruz.<\/p>\n\n\n<div class=\"wp-block-image\">\n<figure class=\"alignleft size-full is-resized\"><img loading=\"lazy\" decoding=\"async\" width=\"670\" height=\"447\" src=\"https:\/\/diariodominicano.com\/wp-content\/uploads\/2024\/11\/Oscar-Pena30-11-24.jpg\" alt=\"\" class=\"wp-image-578905\" style=\"width:304px;height:auto\" srcset=\"https:\/\/diariodominicano.com\/wp-content\/uploads\/2024\/11\/Oscar-Pena30-11-24.jpg 670w, https:\/\/diariodominicano.com\/wp-content\/uploads\/2024\/11\/Oscar-Pena30-11-24-300x200.jpg 300w\" sizes=\"auto, (max-width: 670px) 100vw, 670px\" \/><\/figure>\n<\/div>\n\n\n<p>Las actividades se desarrollaron en los laboratorios de Alta Tecnolog\u00eda \u201cMiguel Rosado Montes de Oca\u201d, de esta Academia, con la participaci\u00f3n adem\u00e1s de expositores extranjeros, como son el embajador, licenciado Luis Gonz\u00e1lez y el reconocido periodista Ignacio Ramonet.<\/p>\n\n\n\n<p>Gonz\u00e1lez, durante su exposici\u00f3n, dijo que la comunicaci\u00f3n, la prensa y el periodismo, que ha querido resolver elementos, acercar el tiempo entre el suceso y cuando se comunica, esto se ha reducido gracias a las redes sociales, los celulares inteligentes, y que otro elemento es la propaganda.<\/p>\n\n\n\n<p>Inform\u00f3 que el periodista, el comunicador, no puede ser parte de la propaganda, la cual tiene un inter\u00e9s determinado; el periodista se debe basar en la verdad, dentro de lo que cit\u00f3 una frase del senador Johnson, \u201cen las guerras la primera v\u00edctima es la verdad\u201d.<\/p>\n\n\n\n<p>Expres\u00f3 que hoy en d\u00eda tenemos posibilidad de comparar, antes hab\u00eda una sola posici\u00f3n, no&nbsp; se distingu\u00eda la l\u00ednea de lo que era propaganda y lo que era informaci\u00f3n, pero ya existe la posibilidad de comunicarse con personas desde el lugar de los hechos.<\/p>\n\n\n\n<p>Manifest\u00f3 que el control por parte de la pol\u00edtica se puede evitar, hoy m\u00e1s que nunca se necesita una comunicaci\u00f3n basada en la verdad, porque si continuamos rigi\u00e9ndonos y form\u00e1ndonos en base a una narrativa que se nos impone y nos insiste, es importante que los comunicadores respondan a la verdad.<\/p>\n\n\n<div class=\"wp-block-image\">\n<figure class=\"alignright size-full is-resized\"><img loading=\"lazy\" decoding=\"async\" width=\"670\" height=\"447\" src=\"https:\/\/diariodominicano.com\/wp-content\/uploads\/2024\/11\/Ignacio-Ramonet-30-11-24-1.jpg\" alt=\"\" class=\"wp-image-578906\" style=\"width:348px;height:auto\" srcset=\"https:\/\/diariodominicano.com\/wp-content\/uploads\/2024\/11\/Ignacio-Ramonet-30-11-24-1.jpg 670w, https:\/\/diariodominicano.com\/wp-content\/uploads\/2024\/11\/Ignacio-Ramonet-30-11-24-1-300x200.jpg 300w\" sizes=\"auto, (max-width: 670px) 100vw, 670px\" \/><\/figure>\n<\/div>\n\n\n<p>Por su lado, Ramonet abord\u00f3 los temas informaci\u00f3n y desinformaci\u00f3n en la \u00e9poca de las redes sociales, las elecciones presidenciales de los Estados Unidos, qu\u00e9 tipo de marketing electoral se realiz\u00f3.<\/p>\n\n\n\n<p>Indico que \u201clas ideas circulan transmitidas por algo que es intermediario, entre el que emite la idea y el que la recibe, ese intermediario es el que llamamos los medios, los medios no siempre han existidos, se imponen como medio de influencia colectiva o medios de influencias social\u201d.<\/p>\n\n\n\n<p>Exhort\u00f3 que la segunda mitad del siglo XVIII (1750-1800), es muy particular de la historia y muy interesante, es un momento capital y decisivo que cambia el curso de la historia, ese momento lo llamamos la ilustraci\u00f3n, porque una serie de ideas se arraigan en la sociedad y transforman la sociedad, hoy lo que transforma la sociedad son las redes sociales, entre 1750 y 1800 el \u00fanico medio que empezaba a existir era la prensa escrita.<\/p>\n\n\n\n<p>Ramonet expres\u00f3 que en el siglo XVIII surge el contexto pol\u00edtico del absolutismo y dentro de \u00e9ste estaban los monarcas ilustrados, de esta manera los reyes permit\u00edan que este debate filos\u00f3fico tuviese lugar, en esa \u00e9poca estos fil\u00f3sofos repiensan la sociedad, una sociedad dominada por la aristocracia, hasta que el siglo siguiente se da la Revoluci\u00f3n Industrial.<\/p>\n\n\n\n<p>Manifest\u00f3 que en la segunda mitad del siglo XVIII aparece un nuevo medio de comunicaci\u00f3n, muy interesante, que no es como lo imaginamos, no es la prensa, no es la radio, pero es un lugar de transmisi\u00f3n de ideas y ese otro lugar es que por primera vez aparece en Europa, primero en Italia, luego en Francia, aparecen los caf\u00e9s, las cafeter\u00edas.<\/p>\n\n\n\n<p>Agreg\u00f3 que la sociedad cambi\u00f3, somos una sociedad digital, la democracia es el producto de los medios de masas, no hab\u00eda democracia antes de final del siglo XVIII, no hab\u00eda democracia antes de la revoluci\u00f3n americana ni de la francesa, si desaparecen los medios,<a><\/a>&nbsp;una sociedad post medi\u00e1tica es una sociedad post democr\u00e1tica, una sociedad post democr\u00e1tica es una sociedad que va a la tiran\u00eda, que va a la dictadura, que va al imperio.<\/p>\n\n\n\n<p>En la actividad estuvieron presentes, personalidades de la prensa, as\u00ed como estudiantes, profesores y administrativos de la Universidad Aut\u00f3noma de Santo Domingo.<\/p>\n\n\n\n<p><strong>Relaciones P\u00fablicas<\/strong> UASD<\/p>\n","protected":false},"excerpt":{"rendered":"<p>diariodominicano.com Santo Domingo, R. D.,\u200330 de noviembre, 2024.-\u2002La Universidad Aut\u00f3noma de Santo Domingo (UASD) particip\u00f3 en el Congreso Hispanoamericano de Prensa, con varias conferencias y exposiciones, contando con la presencia del director de la Escuela de Comunicaci\u00f3n Social, maestro Oscar Pe\u00f1a, y el doctor Am\u00edn Cruz. Las actividades se desarrollaron en los laboratorios de Alta [&hellip;]<\/p>\n","protected":false},"author":5,"featured_media":578901,"comment_status":"closed","ping_status":"closed","sticky":true,"template":"","format":"standard","meta":{"footnotes":""},"categories":[20,27],"tags":[],"class_list":["post-578895","post","type-post","status-publish","format-standard","has-post-thumbnail","hentry","category-dominicana-hoy","category-portada"],"_links":{"self":[{"href":"https:\/\/diariodominicano.com\/index.php?rest_route=\/wp\/v2\/posts\/578895","targetHints":{"allow":["GET"]}}],"collection":[{"href":"https:\/\/diariodominicano.com\/index.php?rest_route=\/wp\/v2\/posts"}],"about":[{"href":"https:\/\/diariodominicano.com\/index.php?rest_route=\/wp\/v2\/types\/post"}],"author":[{"embeddable":true,"href":"https:\/\/diariodominicano.com\/index.php?rest_route=\/wp\/v2\/users\/5"}],"replies":[{"embeddable":true,"href":"https:\/\/diariodominicano.com\/index.php?rest_route=%2Fwp%2Fv2%2Fcomments&post=578895"}],"version-history":[{"count":2,"href":"https:\/\/diariodominicano.com\/index.php?rest_route=\/wp\/v2\/posts\/578895\/revisions"}],"predecessor-version":[{"id":578907,"href":"https:\/\/diariodominicano.com\/index.php?rest_route=\/wp\/v2\/posts\/578895\/revisions\/578907"}],"wp:featuredmedia":[{"embeddable":true,"href":"https:\/\/diariodominicano.com\/index.php?rest_route=\/wp\/v2\/media\/578901"}],"wp:attachment":[{"href":"https:\/\/diariodominicano.com\/index.php?rest_route=%2Fwp%2Fv2%2Fmedia&parent=578895"}],"wp:term":[{"taxonomy":"category","embeddable":true,"href":"https:\/\/diariodominicano.com\/index.php?rest_route=%2Fwp%2Fv2%2Fcategories&post=578895"},{"taxonomy":"post_tag","embeddable":true,"href":"https:\/\/diariodominicano.com\/index.php?rest_route=%2Fwp%2Fv2%2Ftags&post=578895"}],"curies":[{"name":"wp","href":"https:\/\/api.w.org\/{rel}","templated":true}]}}