{"id":578763,"date":"2024-11-29T23:43:19","date_gmt":"2024-11-30T03:43:19","guid":{"rendered":"https:\/\/diariodominicano.com\/?p=578763"},"modified":"2024-11-29T23:43:25","modified_gmt":"2024-11-30T03:43:25","slug":"sentencia-injusta-del-periodista-chino-dong-yuyu-ee-uu","status":"publish","type":"post","link":"https:\/\/diariodominicano.com\/?p=578763","title":{"rendered":"Sentencia injusta del periodista chino Dong Yuyu: EE UU"},"content":{"rendered":"\n<p>Comunicado de prensa<\/p>\n\n\n\n<p>29 de noviembre de 2024<\/p>\n\n\n\n<p>Estados Unidos condena la injusta condena impuesta el 29 de noviembre al periodista Dong Yuyu por la Rep\u00fablica Popular China (RPC) a siete a\u00f1os de prisi\u00f3n por presunto \u201cespionaje\u201d. Su detenci\u00f3n y la sentencia de hoy ponen de relieve el fracaso de la RPC a la hora de cumplir sus compromisos en virtud del derecho internacional y de sus propias garant\u00edas constitucionales para todos sus ciudadanos, que incluyen el derecho a la libertad de expresi\u00f3n y la libertad de prensa.<\/p>\n\n\n\n<p>Celebramos la labor de Dong como periodista y editor veterano, as\u00ed como sus contribuciones a los v\u00ednculos entre los pueblos de Estados Unidos y la Rep\u00fablica Popular de China, incluso como becario Nieman de la Universidad de Harvard. Apoyamos a Dong y a su familia y pedimos su liberaci\u00f3n inmediata e incondicional<\/p>\n\n\n\n<p>U.S. Department of State<\/p>\n\n\n\n<p>U.S. Department of State ()<\/p>\n\n\n\n<p><a target=\"_blank\" href=\"mailto:usstatebpa@public.govdelivery.com\" rel=\"noreferrer noopener\">usstatebpa@public.govdeli<\/a><\/p>\n","protected":false},"excerpt":{"rendered":"<p>Comunicado de prensa 29 de noviembre de 2024 Estados Unidos condena la injusta condena impuesta el 29 de noviembre al periodista Dong Yuyu por la Rep\u00fablica Popular China (RPC) a siete a\u00f1os de prisi\u00f3n por presunto \u201cespionaje\u201d. Su detenci\u00f3n y la sentencia de hoy ponen de relieve el fracaso de la RPC a la hora [&hellip;]<\/p>\n","protected":false},"author":28,"featured_media":475022,"comment_status":"closed","ping_status":"closed","sticky":true,"template":"","format":"standard","meta":{"footnotes":""},"categories":[23,24],"tags":[],"class_list":["post-578763","post","type-post","status-publish","format-standard","has-post-thumbnail","hentry","category-internacional","category-justicia-y-derecho"],"_links":{"self":[{"href":"https:\/\/diariodominicano.com\/index.php?rest_route=\/wp\/v2\/posts\/578763","targetHints":{"allow":["GET"]}}],"collection":[{"href":"https:\/\/diariodominicano.com\/index.php?rest_route=\/wp\/v2\/posts"}],"about":[{"href":"https:\/\/diariodominicano.com\/index.php?rest_route=\/wp\/v2\/types\/post"}],"author":[{"embeddable":true,"href":"https:\/\/diariodominicano.com\/index.php?rest_route=\/wp\/v2\/users\/28"}],"replies":[{"embeddable":true,"href":"https:\/\/diariodominicano.com\/index.php?rest_route=%2Fwp%2Fv2%2Fcomments&post=578763"}],"version-history":[{"count":1,"href":"https:\/\/diariodominicano.com\/index.php?rest_route=\/wp\/v2\/posts\/578763\/revisions"}],"predecessor-version":[{"id":578764,"href":"https:\/\/diariodominicano.com\/index.php?rest_route=\/wp\/v2\/posts\/578763\/revisions\/578764"}],"wp:featuredmedia":[{"embeddable":true,"href":"https:\/\/diariodominicano.com\/index.php?rest_route=\/wp\/v2\/media\/475022"}],"wp:attachment":[{"href":"https:\/\/diariodominicano.com\/index.php?rest_route=%2Fwp%2Fv2%2Fmedia&parent=578763"}],"wp:term":[{"taxonomy":"category","embeddable":true,"href":"https:\/\/diariodominicano.com\/index.php?rest_route=%2Fwp%2Fv2%2Fcategories&post=578763"},{"taxonomy":"post_tag","embeddable":true,"href":"https:\/\/diariodominicano.com\/index.php?rest_route=%2Fwp%2Fv2%2Ftags&post=578763"}],"curies":[{"name":"wp","href":"https:\/\/api.w.org\/{rel}","templated":true}]}}