{"id":578749,"date":"2024-11-29T17:35:47","date_gmt":"2024-11-29T21:35:47","guid":{"rendered":"https:\/\/diariodominicano.com\/?p=578749"},"modified":"2024-11-29T17:35:54","modified_gmt":"2024-11-29T21:35:54","slug":"najib-chahede-denuncia-atropello-a-la-figura-del-profesor-juan-bosch-en-la-gobernacion-de-santiago-rodriguez","status":"publish","type":"post","link":"https:\/\/diariodominicano.com\/?p=578749","title":{"rendered":"Najib Chahede\u00a0denuncia atropello a la figura del Profesor Juan Bosch en la gobernaci\u00f3n de Santiago Rodr\u00edguez"},"content":{"rendered":"\n<p>diariodominicano.com<\/p>\n\n\n\n<p>Santo Domingo, R. D.,\u200229 de noviembre, 2024.-\u2002<strong>Najib Chahede, miembro del Comit\u00e9 Pol\u00edtico del Partido de la Liberaci\u00f3n Dominicana (PLD)<\/strong>\u00a0denunci\u00f3 el atropello cometido en la Gobernaci\u00f3n de la provincia Santiago Rodr\u00edguez con la figura hist\u00f3rica y los valores del ex presidente de la Rep\u00fablica, Profesor Juan Bosch.<\/p>\n\n\n\n<p>Denunci\u00f3 que el retrato central con la imagen del inspirador de los principales partidos de Rep\u00fablica Dominicana fue desmontado del sal\u00f3n con su nombre y llevado a un almac\u00e9n de los Comedores econ\u00f3micos en el municipio Sabaneta.<\/p>\n\n\n\n<p>\u00abLa se\u00f1ora gobernadora provincial de Santiago Rodr\u00edguez Ivelisse del Carmen Almonte, abusando del ejercicio de sus funciones, quit\u00f3 el cuadro del profesor Juan Bosch del sal\u00f3n de actos y orden\u00f3 que lo pusieran en un almac\u00e9n que tienen los Comedores Econ\u00f3micos en ese edificio de la gobernaci\u00f3n\u00bb, denunci\u00f3 Chahede en su intervenci\u00f3n el programa El Sol de la Ma\u00f1ana.<\/p>\n\n\n\n<p>Chahede dijo que eso es, sencillamente, un abuso y un acto de mezquindad de la gobernadora: \u201cNo entiendo c\u00f3mo se le puede permitir a esa se\u00f1ora atropellar la figura hist\u00f3rica del profesor Juan Bosch de esa manera. Lo primero es que ese sal\u00f3n de actos lleva el nombre del profesor Juan Bosch\u201d, apunt\u00f3.<\/p>\n\n\n\n<p>Dijo que al parecer est\u00e1 dentro de los planes de la funcionaria quitarle el nombre del sal\u00f3n al Profesor Juan Bosch. \u201cQue no sea tan mezquina y que coloque de nuevo el cuadro del profesor Juan Bosch en ese sal\u00f3n de actos de la gobernaci\u00f3n de Santiago Rodr\u00edguez\u00bb, acot\u00f3.<\/p>\n\n\n\n<p>Record\u00f3 que muchas instituciones tienen el nombre de Jos\u00e9 Francisco Pe\u00f1a G\u00f3mez y de Joaqu\u00edn Balaguer y a nadie se le ha ocurrido quitar esos nombres a una escuela o al aeropuerto, entre otras obras.<\/p>\n\n\n\n<p>Hizo un llamado a la gobernadora de Santiago Rodr\u00edguez para que respete la memoria hist\u00f3rica de ese gran hombre y del m\u00e1s ilustre pol\u00edtico de la Rep\u00fablica Dominicana, que es el Profesor Juan Bosch.<\/p>\n\n\n\n<p><strong>SECRETAR\u00cdA DE COMUNICACIONES<\/strong><\/p>\n\n\n\n<p><strong>29 DE NOVIEMBRE, 2024.-&nbsp;<\/strong><\/p>\n","protected":false},"excerpt":{"rendered":"<p>diariodominicano.com Santo Domingo, R. D.,\u200229 de noviembre, 2024.-\u2002Najib Chahede, miembro del Comit\u00e9 Pol\u00edtico del Partido de la Liberaci\u00f3n Dominicana (PLD)\u00a0denunci\u00f3 el atropello cometido en la Gobernaci\u00f3n de la provincia Santiago Rodr\u00edguez con la figura hist\u00f3rica y los valores del ex presidente de la Rep\u00fablica, Profesor Juan Bosch. Denunci\u00f3 que el retrato central con la imagen [&hellip;]<\/p>\n","protected":false},"author":5,"featured_media":578750,"comment_status":"closed","ping_status":"closed","sticky":true,"template":"","format":"standard","meta":{"footnotes":""},"categories":[20,27],"tags":[],"class_list":["post-578749","post","type-post","status-publish","format-standard","has-post-thumbnail","hentry","category-dominicana-hoy","category-portada"],"_links":{"self":[{"href":"https:\/\/diariodominicano.com\/index.php?rest_route=\/wp\/v2\/posts\/578749","targetHints":{"allow":["GET"]}}],"collection":[{"href":"https:\/\/diariodominicano.com\/index.php?rest_route=\/wp\/v2\/posts"}],"about":[{"href":"https:\/\/diariodominicano.com\/index.php?rest_route=\/wp\/v2\/types\/post"}],"author":[{"embeddable":true,"href":"https:\/\/diariodominicano.com\/index.php?rest_route=\/wp\/v2\/users\/5"}],"replies":[{"embeddable":true,"href":"https:\/\/diariodominicano.com\/index.php?rest_route=%2Fwp%2Fv2%2Fcomments&post=578749"}],"version-history":[{"count":1,"href":"https:\/\/diariodominicano.com\/index.php?rest_route=\/wp\/v2\/posts\/578749\/revisions"}],"predecessor-version":[{"id":578751,"href":"https:\/\/diariodominicano.com\/index.php?rest_route=\/wp\/v2\/posts\/578749\/revisions\/578751"}],"wp:featuredmedia":[{"embeddable":true,"href":"https:\/\/diariodominicano.com\/index.php?rest_route=\/wp\/v2\/media\/578750"}],"wp:attachment":[{"href":"https:\/\/diariodominicano.com\/index.php?rest_route=%2Fwp%2Fv2%2Fmedia&parent=578749"}],"wp:term":[{"taxonomy":"category","embeddable":true,"href":"https:\/\/diariodominicano.com\/index.php?rest_route=%2Fwp%2Fv2%2Fcategories&post=578749"},{"taxonomy":"post_tag","embeddable":true,"href":"https:\/\/diariodominicano.com\/index.php?rest_route=%2Fwp%2Fv2%2Ftags&post=578749"}],"curies":[{"name":"wp","href":"https:\/\/api.w.org\/{rel}","templated":true}]}}