{"id":578720,"date":"2024-11-29T15:33:00","date_gmt":"2024-11-29T19:33:00","guid":{"rendered":"https:\/\/diariodominicano.com\/?p=578720"},"modified":"2024-11-29T23:23:07","modified_gmt":"2024-11-30T03:23:07","slug":"ngozi-okonjo-iweala-dirigira-la-omc-durante-un-segundo-mandato","status":"publish","type":"post","link":"https:\/\/diariodominicano.com\/?p=578720","title":{"rendered":"Ngozi Okonjo-Iweala dirigir\u00e1 la OMC durante un segundo mandato"},"content":{"rendered":"\n<p>diariodominicano.com<\/p>\n\n\n\n<p>GINEBRA, 29 nov (Xinhua) &#8212; Los miembros de la Organizaci\u00f3n Mundial del Comercio (OMC) acordaron el viernes nombrar a la actual directora general, Ngozi Okonjo-Iweala, para un segundo mandato, seg\u00fan un comunicado de prensa de la organizaci\u00f3n. La decisi\u00f3n se tom\u00f3 durante una reuni\u00f3n extraordinaria del Consejo General de la OMC. El proceso de nombramiento del pr\u00f3ximo director general comenz\u00f3 formalmente el 8 de octubre. Al final del per\u00edodo de presentaci\u00f3n de candidaturas, Okonjo-Iweala, que hab\u00eda confirmado su voluntad de servir un segundo mandato de cuatro a\u00f1os, era la \u00fanica candidata al puesto. El segundo mandato de Okonjo-Iweala comenzar\u00e1 el 1 de septiembre de 2025.<\/p>\n","protected":false},"excerpt":{"rendered":"<p>diariodominicano.com GINEBRA, 29 nov (Xinhua) &#8212; Los miembros de la Organizaci\u00f3n Mundial del Comercio (OMC) acordaron el viernes nombrar a la actual directora general, Ngozi Okonjo-Iweala, para un segundo mandato, seg\u00fan un comunicado de prensa de la organizaci\u00f3n. La decisi\u00f3n se tom\u00f3 durante una reuni\u00f3n extraordinaria del Consejo General de la OMC. El proceso de [&hellip;]<\/p>\n","protected":false},"author":5,"featured_media":578721,"comment_status":"closed","ping_status":"closed","sticky":true,"template":"","format":"standard","meta":{"footnotes":""},"categories":[23,27],"tags":[],"class_list":["post-578720","post","type-post","status-publish","format-standard","has-post-thumbnail","hentry","category-internacional","category-portada"],"_links":{"self":[{"href":"https:\/\/diariodominicano.com\/index.php?rest_route=\/wp\/v2\/posts\/578720","targetHints":{"allow":["GET"]}}],"collection":[{"href":"https:\/\/diariodominicano.com\/index.php?rest_route=\/wp\/v2\/posts"}],"about":[{"href":"https:\/\/diariodominicano.com\/index.php?rest_route=\/wp\/v2\/types\/post"}],"author":[{"embeddable":true,"href":"https:\/\/diariodominicano.com\/index.php?rest_route=\/wp\/v2\/users\/5"}],"replies":[{"embeddable":true,"href":"https:\/\/diariodominicano.com\/index.php?rest_route=%2Fwp%2Fv2%2Fcomments&post=578720"}],"version-history":[{"count":1,"href":"https:\/\/diariodominicano.com\/index.php?rest_route=\/wp\/v2\/posts\/578720\/revisions"}],"predecessor-version":[{"id":578722,"href":"https:\/\/diariodominicano.com\/index.php?rest_route=\/wp\/v2\/posts\/578720\/revisions\/578722"}],"wp:featuredmedia":[{"embeddable":true,"href":"https:\/\/diariodominicano.com\/index.php?rest_route=\/wp\/v2\/media\/578721"}],"wp:attachment":[{"href":"https:\/\/diariodominicano.com\/index.php?rest_route=%2Fwp%2Fv2%2Fmedia&parent=578720"}],"wp:term":[{"taxonomy":"category","embeddable":true,"href":"https:\/\/diariodominicano.com\/index.php?rest_route=%2Fwp%2Fv2%2Fcategories&post=578720"},{"taxonomy":"post_tag","embeddable":true,"href":"https:\/\/diariodominicano.com\/index.php?rest_route=%2Fwp%2Fv2%2Ftags&post=578720"}],"curies":[{"name":"wp","href":"https:\/\/api.w.org\/{rel}","templated":true}]}}