{"id":578682,"date":"2024-11-29T13:15:28","date_gmt":"2024-11-29T17:15:28","guid":{"rendered":"https:\/\/diariodominicano.com\/?p=578682"},"modified":"2024-11-29T13:15:33","modified_gmt":"2024-11-29T17:15:33","slug":"cuba-y-china-saludan-aniversario-de-fuerzas-armadas-revolucionarias","status":"publish","type":"post","link":"https:\/\/diariodominicano.com\/?p=578682","title":{"rendered":"Cuba y China saludan aniversario de Fuerzas Armadas Revolucionarias"},"content":{"rendered":"\n<p>Beijing, 29 nov (Prensa Latina) Cuba y China celebraron hoy el aniversario 68 del desembarco del yate Granma y D\u00eda de las Fuerzas Armadas Revolucionarias, ocasi\u00f3n en que ambas partes ratificaron las excelentes relaciones militares.<\/p>\n\n\n\n<ul class=\"wp-block-list\">\n<li><a href=\"https:\/\/www.prensa-latina.cu\/2024\/11\/29\/\"><time>noviembre 29, 2024 | 07:36<\/time><\/a><\/li>\n<\/ul>\n\n\n\n<ul class=\"wp-block-list\">\n<li><a href=\"https:\/\/www.prensa-latina.cu\/2024\/11\/29\/cuba-y-china-saludan-aniversario-de-fuerzas-armadas-revolucionarias\/#\"><\/a><\/li>\n\n\n\n<li><a href=\"https:\/\/www.prensa-latina.cu\/2024\/11\/29\/cuba-y-china-saludan-aniversario-de-fuerzas-armadas-revolucionarias\/#\"><\/a><\/li>\n\n\n\n<li><a href=\"https:\/\/www.prensa-latina.cu\/2024\/11\/29\/cuba-y-china-saludan-aniversario-de-fuerzas-armadas-revolucionarias\/#\"><\/a><\/li>\n\n\n\n<li><a href=\"https:\/\/www.prensa-latina.cu\/2024\/11\/29\/cuba-y-china-saludan-aniversario-de-fuerzas-armadas-revolucionarias\/#\"><\/a><\/li>\n<\/ul>\n\n\n\n<p>El vicealmirante Zhao Xiaozhe, director general del Comit\u00e9 de Ciencia y Tecnolog\u00eda de la Comisi\u00f3n Militar Central de China, as\u00ed como agregados de Defensa, Militares, Navales y A\u00e9reos acreditados aqu\u00ed y miembros de la misi\u00f3n diplom\u00e1tica de la isla felicitaron al ente castrense.<\/p>\n\n\n\n<p>Durante su intervenci\u00f3n, el Agregado Militar, Naval y A\u00e9reo a la Embajada de Cuba, coronel Waldo P\u00e9rez Cort\u00e9s, subray\u00f3 que las fuerzas armadas tambi\u00e9n se destacan por una activa participaci\u00f3n en el acontecer pol\u00edtico, econ\u00f3mico y social del pa\u00eds y en otras esferas como el enfrentamiento a cat\u00e1strofes naturales y epidemias.<\/p>\n\n\n\n<p>\u00abPor eso dedicamos esta celebraci\u00f3n a nuestros valerosos combatientes, que junto a nuestro noble y heroico pueblo, garantizan la soberan\u00eda de nuestra Patria, a la que no renunciaremos por duras que sean las crueles e injustas medidas de presi\u00f3n econ\u00f3mica impuestas por los Estados Unidos\u00bb, agreg\u00f3.<\/p>\n\n\n\n<p>El coronel asegur\u00f3 que desde el establecimiento de relaciones diplom\u00e1ticas entre China y Cuba hace 64 a\u00f1os, los dos pueblos, Estados y fuerzas armadas comparten \u00abprofundos lazos de amistad que se fortalecen d\u00eda a d\u00eda, con un verdadero sentido de hermandad y solidaridad\u00bb.<\/p>\n\n\n\n<p>Asimismo, el Agregado aprovech\u00f3 la oportunidad para agradecer nuevamente al gigante asi\u00e1tico su apoyo y solidaridad con la isla en m\u00faltiples formas.<\/p>\n\n\n\n<p>Desde el 2 de diciembre de 1961 se celebra en Cuba el D\u00eda de las Fuerzas Armadas Revolucionarias en saludo al desembarco de los 82 expedicionarios del Yate Granma en 1956, quienes constituyeron el n\u00facleo del Ej\u00e9rcito Rebelde e iniciaron la \u00faltima etapa de la guerra de liberaci\u00f3n nacional.<\/p>\n\n\n\n<p>mem\/idm<\/p>\n\n\n\n<ul class=\"wp-block-list\">\n<li>#<a href=\"https:\/\/www.prensa-latina.cu\/etiqueta\/aniversario\/\">aniversario<\/a>\u00a0#<a href=\"https:\/\/www.prensa-latina.cu\/etiqueta\/china\/\">China<\/a>\u00a0#<a href=\"https:\/\/www.prensa-latina.cu\/etiqueta\/cuba\/\">cuba<\/a>\u00a0#<a href=\"https:\/\/www.prensa-latina.cu\/etiqueta\/fuerzas-armadas-revolucionarias\/\">fuerzas armadas revolucionarias<\/a><\/li>\n<\/ul>\n","protected":false},"excerpt":{"rendered":"<p>Beijing, 29 nov (Prensa Latina) Cuba y China celebraron hoy el aniversario 68 del desembarco del yate Granma y D\u00eda de las Fuerzas Armadas Revolucionarias, ocasi\u00f3n en que ambas partes ratificaron las excelentes relaciones militares. El vicealmirante Zhao Xiaozhe, director general del Comit\u00e9 de Ciencia y Tecnolog\u00eda de la Comisi\u00f3n Militar Central de China, as\u00ed [&hellip;]<\/p>\n","protected":false},"author":28,"featured_media":578683,"comment_status":"closed","ping_status":"closed","sticky":true,"template":"","format":"standard","meta":{"footnotes":""},"categories":[26,23],"tags":[],"class_list":["post-578682","post","type-post","status-publish","format-standard","has-post-thumbnail","hentry","category-efemerides","category-internacional"],"_links":{"self":[{"href":"https:\/\/diariodominicano.com\/index.php?rest_route=\/wp\/v2\/posts\/578682","targetHints":{"allow":["GET"]}}],"collection":[{"href":"https:\/\/diariodominicano.com\/index.php?rest_route=\/wp\/v2\/posts"}],"about":[{"href":"https:\/\/diariodominicano.com\/index.php?rest_route=\/wp\/v2\/types\/post"}],"author":[{"embeddable":true,"href":"https:\/\/diariodominicano.com\/index.php?rest_route=\/wp\/v2\/users\/28"}],"replies":[{"embeddable":true,"href":"https:\/\/diariodominicano.com\/index.php?rest_route=%2Fwp%2Fv2%2Fcomments&post=578682"}],"version-history":[{"count":1,"href":"https:\/\/diariodominicano.com\/index.php?rest_route=\/wp\/v2\/posts\/578682\/revisions"}],"predecessor-version":[{"id":578684,"href":"https:\/\/diariodominicano.com\/index.php?rest_route=\/wp\/v2\/posts\/578682\/revisions\/578684"}],"wp:featuredmedia":[{"embeddable":true,"href":"https:\/\/diariodominicano.com\/index.php?rest_route=\/wp\/v2\/media\/578683"}],"wp:attachment":[{"href":"https:\/\/diariodominicano.com\/index.php?rest_route=%2Fwp%2Fv2%2Fmedia&parent=578682"}],"wp:term":[{"taxonomy":"category","embeddable":true,"href":"https:\/\/diariodominicano.com\/index.php?rest_route=%2Fwp%2Fv2%2Fcategories&post=578682"},{"taxonomy":"post_tag","embeddable":true,"href":"https:\/\/diariodominicano.com\/index.php?rest_route=%2Fwp%2Fv2%2Ftags&post=578682"}],"curies":[{"name":"wp","href":"https:\/\/api.w.org\/{rel}","templated":true}]}}