{"id":578626,"date":"2024-11-29T09:57:34","date_gmt":"2024-11-29T13:57:34","guid":{"rendered":"https:\/\/diariodominicano.com\/?p=578626"},"modified":"2024-11-29T09:57:40","modified_gmt":"2024-11-29T13:57:40","slug":"costa-rica-es-invitada-unirse-al-acuerdo-transpacifico-comunicado","status":"publish","type":"post","link":"https:\/\/diariodominicano.com\/?p=578626","title":{"rendered":"Costa Rica es invitada unirse al Acuerdo Transpac\u00edfico: comunicado"},"content":{"rendered":"\n<p>Un hombre toma una fotograf\u00eda con su tel\u00e9fono celular durante una reuni\u00f3n del Acuerdo Integral y Progresista de Asociaci\u00f3n Transpac\u00edfico, CP TPP.<\/p>\n\n\n\n<p>noviembre 28, 2024<\/p>\n\n\n\n<ul class=\"wp-block-list\">\n<li><a href=\"https:\/\/www.vozdeamerica.com\/author\/reuters\/riv_i\">Reuters<\/a><\/li>\n<\/ul>\n\n\n\n<ul class=\"wp-block-list\">\n<li><a href=\"https:\/\/facebook.com\/sharer.php?u=https%3a%2f%2fwww.vozdeamerica.com%2fa%2fcosta-rica-es-invitada-unirse-al-acuerdo-transpacifico-comunicado%2f7881005.html\" target=\"_blank\" rel=\"noreferrer noopener\"><\/a><\/li>\n\n\n\n<li><a href=\"https:\/\/twitter.com\/share?url=https%3a%2f%2fwww.vozdeamerica.com%2fa%2fcosta-rica-es-invitada-unirse-al-acuerdo-transpacifico-comunicado%2f7881005.html&amp;text=Costa+Rica+es+invitada+unirse+al+Acuerdo+Transpac%c3%adfico%3a+comunicado\" target=\"_blank\" rel=\"noreferrer noopener\"><\/a><\/li>\n\n\n\n<li><\/li>\n\n\n\n<li><a href=\"mailto:?body=https%3a%2f%2fwww.vozdeamerica.com%2fa%2fcosta-rica-es-invitada-unirse-al-acuerdo-transpacifico-comunicado%2f7881005.html&amp;subject=Costa%20Rica%20es%20invitada%20unirse%20al%20Acuerdo%20Transpac%C3%ADfico:%20comunicado\"><\/a><\/li>\n<\/ul>\n\n\n\n<p><a href=\"https:\/\/www.vozdeamerica.com\/a\/costa-rica-es-invitada-unirse-al-acuerdo-transpacifico-comunicado\/7881005.html#comments\">&nbsp;Vea comentarios<\/a><\/p>\n\n\n\n<p>Costa Rica fue invitada a unirse al Acuerdo Transpac\u00edfico, uno de los principales tratados comerciales del mundo que re\u00fane a 12 econom\u00edas de cuatro continentes.<\/p>\n\n\n\n<p>SAN JOS\u00c9 \u2014&nbsp;<\/p>\n\n\n\n<p>Los miembros del Acuerdo Transpac\u00edfico (CPTPP, por sus siglas en ingl\u00e9s) invitaron el jueves a Costa Rica a iniciar el proceso de ingreso al bloque comercial compuesto por 12 pa\u00edses, dijo el Ministerio de Comercio Exterior del pa\u00eds centroamericano en un comunicado.<\/p>\n\n\n\n<p>Las autoridades costarricenses plantearon en agosto de 2022 la solicitud para incorporarse al&nbsp;<em><strong><a href=\"https:\/\/www.vozdeamerica.com\/a\/estadosunidos_algunas-prioridades-de-biden-podrian-tener-apoyo-bipartidista\/6071078.html\" target=\"_blank\" rel=\"noreferrer noopener\">CPTPP<\/a><\/strong><\/em>, uno de los principales tratados comerciales del mundo que re\u00fane a 12 econom\u00edas de cuatro continentes, incluidas tres del grupo de siete pa\u00edses m\u00e1s ricos del mundo (G7), y abarca el 15 % del PIB mundial.<\/p>\n\n\n\n<p><a href=\"https:\/\/www.vozdeamerica.com\/a\/economia-finanzas_gran-bretania-bloque-comercial-transpacifico\/6071224.html\"><\/a><\/p>\n\n\n\n<p><a href=\"https:\/\/www.vozdeamerica.com\/a\/economia-finanzas_gran-bretania-bloque-comercial-transpacifico\/6071224.html\">Tambi\u00e9n lea<\/a><\/p>\n\n\n\n<h4 class=\"wp-block-heading\"><a href=\"https:\/\/www.vozdeamerica.com\/a\/economia-finanzas_gran-bretania-bloque-comercial-transpacifico\/6071224.html\">Reino Unido listo para solicitar formalmente membres\u00eda de bloque comercial transpac\u00edfico<\/a><\/h4>\n\n\n\n<p>\u00abBrindar\u00e1 a Costa Rica la oportunidad \u00fanica de entrar con condiciones preferenciales a los mercados de pa\u00edses con los que a\u00fan no tiene tratados comerciales\u00bb, dijo el Ministerio de Comercio Exterior en un comunicado.<\/p>\n\n\n\n<p>Para cumplir los requisitos de ingreso, Costa Rica se someter\u00e1 a un proceso de evaluaci\u00f3n por parte de los pa\u00edses miembros del CPTPP y deber\u00e1 negociar condiciones de acceso a los mercados para bienes y servicios.<\/p>\n\n\n\n<p>El CPTPP incluye a Australia, Brun\u00e9i, Canad\u00e1, Chile, Jap\u00f3n, Malasia, M\u00e9xico, Nueva Zelanda, Per\u00fa, Singapur y Vietnam. Recientemente, Reino Unido se uni\u00f3 a la lista.<\/p>\n","protected":false},"excerpt":{"rendered":"<p>Un hombre toma una fotograf\u00eda con su tel\u00e9fono celular durante una reuni\u00f3n del Acuerdo Integral y Progresista de Asociaci\u00f3n Transpac\u00edfico, CP TPP. noviembre 28, 2024 &nbsp;Vea comentarios Costa Rica fue invitada a unirse al Acuerdo Transpac\u00edfico, uno de los principales tratados comerciales del mundo que re\u00fane a 12 econom\u00edas de cuatro continentes. SAN JOS\u00c9 \u2014&nbsp; [&hellip;]<\/p>\n","protected":false},"author":28,"featured_media":578627,"comment_status":"closed","ping_status":"closed","sticky":true,"template":"","format":"standard","meta":{"footnotes":""},"categories":[18,23],"tags":[],"class_list":["post-578626","post","type-post","status-publish","format-standard","has-post-thumbnail","hentry","category-economia","category-internacional"],"_links":{"self":[{"href":"https:\/\/diariodominicano.com\/index.php?rest_route=\/wp\/v2\/posts\/578626","targetHints":{"allow":["GET"]}}],"collection":[{"href":"https:\/\/diariodominicano.com\/index.php?rest_route=\/wp\/v2\/posts"}],"about":[{"href":"https:\/\/diariodominicano.com\/index.php?rest_route=\/wp\/v2\/types\/post"}],"author":[{"embeddable":true,"href":"https:\/\/diariodominicano.com\/index.php?rest_route=\/wp\/v2\/users\/28"}],"replies":[{"embeddable":true,"href":"https:\/\/diariodominicano.com\/index.php?rest_route=%2Fwp%2Fv2%2Fcomments&post=578626"}],"version-history":[{"count":1,"href":"https:\/\/diariodominicano.com\/index.php?rest_route=\/wp\/v2\/posts\/578626\/revisions"}],"predecessor-version":[{"id":578628,"href":"https:\/\/diariodominicano.com\/index.php?rest_route=\/wp\/v2\/posts\/578626\/revisions\/578628"}],"wp:featuredmedia":[{"embeddable":true,"href":"https:\/\/diariodominicano.com\/index.php?rest_route=\/wp\/v2\/media\/578627"}],"wp:attachment":[{"href":"https:\/\/diariodominicano.com\/index.php?rest_route=%2Fwp%2Fv2%2Fmedia&parent=578626"}],"wp:term":[{"taxonomy":"category","embeddable":true,"href":"https:\/\/diariodominicano.com\/index.php?rest_route=%2Fwp%2Fv2%2Fcategories&post=578626"},{"taxonomy":"post_tag","embeddable":true,"href":"https:\/\/diariodominicano.com\/index.php?rest_route=%2Fwp%2Fv2%2Ftags&post=578626"}],"curies":[{"name":"wp","href":"https:\/\/api.w.org\/{rel}","templated":true}]}}