{"id":578581,"date":"2024-11-29T02:05:01","date_gmt":"2024-11-29T06:05:01","guid":{"rendered":"https:\/\/diariodominicano.com\/?p=578581"},"modified":"2024-11-29T02:11:27","modified_gmt":"2024-11-29T06:11:27","slug":"airen-celebra-40-anos-impulsando-la-productividad-en-el-norte","status":"publish","type":"post","link":"https:\/\/diariodominicano.com\/?p=578581","title":{"rendered":"AIREN celebra 40 a\u00f1os impulsando la productividad en el Norte"},"content":{"rendered":"\n<p>Juan B. Ventura, presidente de AIREN<\/p>\n\n\n\n<p>AIREN destaca su compromiso con la competitividad, la transici\u00f3n energ\u00e9tica y el desarrollo sostenible en su aniversario.<\/p>\n\n\n\n<figure class=\"wp-block-image size-large\"><img loading=\"lazy\" decoding=\"async\" width=\"1024\" height=\"683\" src=\"https:\/\/diariodominicano.com\/wp-content\/uploads\/2024\/11\/2-Junta-directiva-de-AIREN-con-la-vicepresidenta-Raquel-Pena-1024x683.jpeg\" alt=\"\" class=\"wp-image-578584\" srcset=\"https:\/\/diariodominicano.com\/wp-content\/uploads\/2024\/11\/2-Junta-directiva-de-AIREN-con-la-vicepresidenta-Raquel-Pena-1024x683.jpeg 1024w, https:\/\/diariodominicano.com\/wp-content\/uploads\/2024\/11\/2-Junta-directiva-de-AIREN-con-la-vicepresidenta-Raquel-Pena-300x200.jpeg 300w, https:\/\/diariodominicano.com\/wp-content\/uploads\/2024\/11\/2-Junta-directiva-de-AIREN-con-la-vicepresidenta-Raquel-Pena-768x512.jpeg 768w, https:\/\/diariodominicano.com\/wp-content\/uploads\/2024\/11\/2-Junta-directiva-de-AIREN-con-la-vicepresidenta-Raquel-Pena-1536x1024.jpeg 1536w, https:\/\/diariodominicano.com\/wp-content\/uploads\/2024\/11\/2-Junta-directiva-de-AIREN-con-la-vicepresidenta-Raquel-Pena-2048x1366.jpeg 2048w, https:\/\/diariodominicano.com\/wp-content\/uploads\/2024\/11\/2-Junta-directiva-de-AIREN-con-la-vicepresidenta-Raquel-Pena-816x544.jpeg 816w\" sizes=\"auto, (max-width: 1024px) 100vw, 1024px\" \/><\/figure>\n\n\n\n<p>Junta directiva de AIREN, junto con la vicepresidenta Raquel Pe\u00f1a..<\/p>\n\n\n\n<p><strong>Santiago de los Caballeros. Rep\u00fablica Dominicana .-<\/strong>\u00a0La Asociaci\u00f3n de Industriales de la Regi\u00f3n Norte (AIREN) celebr\u00f3 su 40 aniversario en el tradicional Almuerzo Anual, el cual reuni\u00f3 a socios, l\u00edderes empresariales, autoridades gubernamentales y representantes de los m\u00e1s diversos sectores econ\u00f3micos de Rep\u00fablica Dominicana.<\/p>\n\n\n\n<p>En su discurso, Juan B. Ventura, presidente de la AIREN, resalt\u00f3 que la asociaci\u00f3n, fundada en 1984, ha sido un pilar para el desarrollo econ\u00f3mico de la regi\u00f3n norte, promoviendo la innovaci\u00f3n, la exportaci\u00f3n y la consolidaci\u00f3n de mercados internacionales. En este contexto, se reconoci\u00f3 el apoyo de pol\u00edticas gubernamentales, como el Plan Nacional de Industrializaci\u00f3n impulsado por el presidente Luis Abinader, el Plan Nacional de Fomento de las Exportaciones, y el mantenimiento de incentivos a la innovaci\u00f3n como la Ley 392-07, de Competitividad Industrial.<\/p>\n\n\n\n<p><strong>Productividad: el desaf\u00edo para el futuro<\/strong><\/p>\n\n\n\n<p>Ventura identific\u00f3 el tema de la productividad como un desaf\u00edo crucial para el sector industrial dominicano. Seg\u00fan datos de la CEPAL, la productividad nacional a\u00fan se encuentra por debajo de pa\u00edses como Panam\u00e1 y Uruguay, lo que subraya la necesidad de aumentar la eficiencia, invertir en tecnolog\u00eda avanzada y reducir las brechas estructurales, como la informalidad laboral y la desigualdad de g\u00e9nero.<\/p>\n\n\n\n<p>El presidente de la AIREN destac\u00f3 que \u201cla productividad no es solo un indicador econ\u00f3mico, sino la base para el bienestar social y la competitividad regional. Incrementarla requiere esfuerzos coordinados entre el sector p\u00fablico y privado, con innovaci\u00f3n, capacitaci\u00f3n y una cultura organizacional adaptada a los desaf\u00edos globales.\u201d En la actividad tambi\u00e9n fue presentado un video que recoge la historia de los 40 a\u00f1os de la AIREN.<\/p>\n\n\n\n<p><strong>D\u00edaz-Granados: Rep\u00fablica Dominicana: un pa\u00eds de oportunidades<\/strong><\/p>\n\n\n\n<p>La conferencia estuvo a cargo de Sergio D\u00edaz-Granados, presidente ejecutivo del Banco de Desarrollo de Am\u00e9rica Latina y el Caribe. Expuso sobre la situaci\u00f3n de Rep\u00fablica Dominicana y la regi\u00f3n en m\u00faltiples aspectos, como el educativo, las exportaciones, la transici\u00f3n energ\u00e9tica y el nearshoring. Expres\u00f3 que Am\u00e9rica Latina ten\u00eda grandes desaf\u00edos de temas de agua y saneamiento.<\/p>\n\n\n\n<figure class=\"wp-block-image size-large\"><img loading=\"lazy\" decoding=\"async\" width=\"1024\" height=\"1024\" src=\"https:\/\/diariodominicano.com\/wp-content\/uploads\/2024\/11\/3-Sergio-Diaz-Granados-1024x1024.jpeg\" alt=\"\" class=\"wp-image-578586\" srcset=\"https:\/\/diariodominicano.com\/wp-content\/uploads\/2024\/11\/3-Sergio-Diaz-Granados-1024x1024.jpeg 1024w, https:\/\/diariodominicano.com\/wp-content\/uploads\/2024\/11\/3-Sergio-Diaz-Granados-300x300.jpeg 300w, https:\/\/diariodominicano.com\/wp-content\/uploads\/2024\/11\/3-Sergio-Diaz-Granados-150x150.jpeg 150w, https:\/\/diariodominicano.com\/wp-content\/uploads\/2024\/11\/3-Sergio-Diaz-Granados-768x767.jpeg 768w, https:\/\/diariodominicano.com\/wp-content\/uploads\/2024\/11\/3-Sergio-Diaz-Granados-88x88.jpeg 88w, https:\/\/diariodominicano.com\/wp-content\/uploads\/2024\/11\/3-Sergio-Diaz-Granados-816x815.jpeg 816w, https:\/\/diariodominicano.com\/wp-content\/uploads\/2024\/11\/3-Sergio-Diaz-Granados.jpeg 1440w\" sizes=\"auto, (max-width: 1024px) 100vw, 1024px\" \/><\/figure>\n\n\n\n<p>El expositor Sergio D\u00edaz Granados.<\/p>\n\n\n\n<p>Reconociendo que el mundo \u00a8est\u00e1 en su grado m\u00e1s alto de endeudamiento; D\u00edaz-Granados, asegur\u00f3 que para hacer crecer el mercado \u00a8hay que incluir m\u00e1s mujeres a la fuerza laboral. \u00a8<\/p>\n\n\n\n<p>Al hablar del nearshoring, D\u00edaz-Granados expres\u00f3 que son m\u00faltiples los retos y desaf\u00edos. La diversificaci\u00f3n de exportaciones y de inversi\u00f3n extranjera directa \u201ces crucial para reducir la dependencia de la Rep\u00fablica Dominicana en sectores tradicionales como el turismo y los recursos naturales. Esto implica identificar y desarrollar sectores con potencial para aportar valor agregado, como la tecnolog\u00eda, la manufactura avanzada y los servicios especializados. Aprovechar las capacidades locales y fomentar la creaci\u00f3n de un ecosistema que atraiga inversiones tecnol\u00f3gicas podr\u00eda ser un camino hacia un crecimiento sostenible\u201d.<\/p>\n\n\n\n<p>Tambi\u00e9n cit\u00f3 como clave la superaci\u00f3n de barreras estructurales, como la infraestructura insuficiente, la regulaci\u00f3n excesiva y la falta de habilidades avanzadas, que son desaf\u00edos significativos Consider\u00f3 importante una pol\u00edtica industrial bien dirigida que se enfoque en proporcionar bienes p\u00fablicos como infraestructura de calidad y capacitaci\u00f3n laboral, as\u00ed como la promoci\u00f3n de clusters industriales donde empresas de diferentes tama\u00f1os y especializaciones puedan cooperar y generar sinergias importantes.<\/p>\n\n\n\n<p>\u201cLa tendencia hacia el nearshoring puede beneficiar al pa\u00eds debido a su proximidad geogr\u00e1fica a los Estados Unidos. El desarrollo de sectores que puedan integrarse f\u00e1cilmente a las cadenas de valor norteamericanas, como la manufactura electr\u00f3nica y de dispositivos m\u00e9dicos, deber\u00eda ser una prioridad\u201d, sentenci\u00f3 D\u00edaz-Granados<\/p>\n\n\n\n<p>En aspectos que implican retos, explic\u00f3 que Rep\u00fablica Dominicana enfrenta desaf\u00edos como baja productividad, alta informalidad laboral y pobreza, adem\u00e1s de una creciente brecha de g\u00e9nero en el mercado laboral Concluy\u00f3 afirmando que juntos es posible construir un futuro m\u00e1s pr\u00f3spero y sostenible para Am\u00e9rica Latina y el Caribe.<\/p>\n\n\n\n<p>Johanna Benoit<\/p>\n\n\n\n<p>Johanna Benoit (De tus contactos de Google)<\/p>\n\n\n\n<p><a target=\"_blank\" href=\"mailto:benoit181182@gmail.com\" rel=\"noreferrer noopener\">benoit181182@gmail.com<\/a><\/p>\n\n\n\n<p><\/p>\n","protected":false},"excerpt":{"rendered":"<p>Juan B. Ventura, presidente de AIREN AIREN destaca su compromiso con la competitividad, la transici\u00f3n energ\u00e9tica y el desarrollo sostenible en su aniversario. Junta directiva de AIREN, junto con la vicepresidenta Raquel Pe\u00f1a.. Santiago de los Caballeros. Rep\u00fablica Dominicana .-\u00a0La Asociaci\u00f3n de Industriales de la Regi\u00f3n Norte (AIREN) celebr\u00f3 su 40 aniversario en el tradicional [&hellip;]<\/p>\n","protected":false},"author":28,"featured_media":578582,"comment_status":"closed","ping_status":"closed","sticky":true,"template":"","format":"standard","meta":{"footnotes":""},"categories":[36,18,25,27],"tags":[],"class_list":["post-578581","post","type-post","status-publish","format-standard","has-post-thumbnail","hentry","category-hombresmujeresycosas","category-economia","category-gente","category-portada"],"_links":{"self":[{"href":"https:\/\/diariodominicano.com\/index.php?rest_route=\/wp\/v2\/posts\/578581","targetHints":{"allow":["GET"]}}],"collection":[{"href":"https:\/\/diariodominicano.com\/index.php?rest_route=\/wp\/v2\/posts"}],"about":[{"href":"https:\/\/diariodominicano.com\/index.php?rest_route=\/wp\/v2\/types\/post"}],"author":[{"embeddable":true,"href":"https:\/\/diariodominicano.com\/index.php?rest_route=\/wp\/v2\/users\/28"}],"replies":[{"embeddable":true,"href":"https:\/\/diariodominicano.com\/index.php?rest_route=%2Fwp%2Fv2%2Fcomments&post=578581"}],"version-history":[{"count":3,"href":"https:\/\/diariodominicano.com\/index.php?rest_route=\/wp\/v2\/posts\/578581\/revisions"}],"predecessor-version":[{"id":578589,"href":"https:\/\/diariodominicano.com\/index.php?rest_route=\/wp\/v2\/posts\/578581\/revisions\/578589"}],"wp:featuredmedia":[{"embeddable":true,"href":"https:\/\/diariodominicano.com\/index.php?rest_route=\/wp\/v2\/media\/578582"}],"wp:attachment":[{"href":"https:\/\/diariodominicano.com\/index.php?rest_route=%2Fwp%2Fv2%2Fmedia&parent=578581"}],"wp:term":[{"taxonomy":"category","embeddable":true,"href":"https:\/\/diariodominicano.com\/index.php?rest_route=%2Fwp%2Fv2%2Fcategories&post=578581"},{"taxonomy":"post_tag","embeddable":true,"href":"https:\/\/diariodominicano.com\/index.php?rest_route=%2Fwp%2Fv2%2Ftags&post=578581"}],"curies":[{"name":"wp","href":"https:\/\/api.w.org\/{rel}","templated":true}]}}