{"id":578577,"date":"2024-11-29T01:50:06","date_gmt":"2024-11-29T05:50:06","guid":{"rendered":"https:\/\/diariodominicano.com\/?p=578577"},"modified":"2024-11-29T01:50:09","modified_gmt":"2024-11-29T05:50:09","slug":"el-gasto-de-capital","status":"publish","type":"post","link":"https:\/\/diariodominicano.com\/?p=578577","title":{"rendered":"El gasto de capital"},"content":{"rendered":"\n<p>Daris Javier Cuevas<\/p>\n\n\n\n<p>Hablar del gasto de capital es tratar un componente muy importante del gasto p\u00fablico, el cual combinado con el gasto corriente constituye la herramienta principal que viabiliza la ejecuci\u00f3n de la pol\u00edtica fiscal. Pues con ello, corresponde al gobierno garantizar que este se realice con alto nivel de calidad para enfrentar las necesidades y demanda sociales y econ\u00f3micas que exige la poblaci\u00f3n. Pero resulta que, en la vida econ\u00f3mica de una naci\u00f3n, la importancia que tiene el gasto publico es enorme ya que los beneficios que de este se derivan, lo cual estar\u00e1 en funci\u00f3n del estricto cumplimiento de las obligaciones tributarias por parte de las personas f\u00edsicas y jur\u00eddicas.<\/p>\n\n\n\n<p>Una precisi\u00f3n muy concreta y aceptada acerca de lo que significa el gasto publico son los criterios concebidos por Cambridge University cuando sostiene que todo el dinero que gasta el gobierno orientado a prestaci\u00f3n de servicio y en compra de bienes, tanto en educaci\u00f3n, protecci\u00f3n social, salud y defensa corresponde al gasto p\u00fablico. Cabe resaltar que el gasto p\u00fablico en su estructura funcional descansa en el gasto corriente, el cual se describe en el marco del ejercicio fiscal en el gasto ordinario en servicios y adquisici\u00f3n de bienes, mientras que el otro componente se refiere al gasto orientado a incrementar el patrimonio p\u00fablico, en particular, las inversiones publicas con el objetivo de obtener un retorno de car\u00e1cter social.<\/p>\n\n\n\n<p>Hay que destacar que el gasto publico combinado con los impuestos constituyen los instrumentos de alto poder que favorecen la intervenci\u00f3n del Estado en la economia, por tanto, la v\u00eda de ejecuci\u00f3n m\u00e1s efectiva de la pol\u00edtica fiscal. En tal sentido, se trata de la sumatoria de gastos que el Estado dispone para garantizar la educaci\u00f3n, seguridad, salud, electricidad y las obras de infraestructura para beneficiar al conjunto de la poblaci\u00f3n.<\/p>\n\n\n\n<p>Tanto el gasto corriente como el gasto de capital son esenciales en procura de mejorar la calidad de vida de los ciudadanos. Sin embargo, al desglosarlos podemos encontrar que el gasto corriente engloba los gastos destinados en salarios para los servidores publicos y mejorar los servicios publicos. Pero con el gasto capital se logra impulsar las inversiones en edificaciones, plantas el\u00e9ctricas, hospitales, escuelas y carreteras, lo que significa que este tiende aumentar el patrimonio del Estado y su capacidad de las transformaciones f\u00edsicas de un pa\u00eds.&nbsp;<\/p>\n\n\n\n<p>Al gobierno le resulta muy favorable orientar el gasto p\u00fablico en el gasto de capital ya que este implica tener nuevos activos e impulsar la inversi\u00f3n en infraestructura que permiten impulsar los principales elementos que se orientan hacia el progreso y desarrollo de la naci\u00f3n y crean la base de la satisfacci\u00f3n de la presente y futuras generaciones. En las econom\u00edas emergentes, el ahorro nacional resulta insuficiente para la inversi\u00f3n en infraestructura con vocaci\u00f3n hacia el desarrollo y tal situaci\u00f3n es la que justifica que estas se lleven a cabo a trav\u00e9s del financiamiento, pero de manera racional y prudente.<\/p>\n\n\n\n<p>Ahora bien, cuando el gobierno recurre al financiamiento y orienta los recursos obtenidos para cubrir el gasto corriente en perjuicio del gasto de capital, est\u00e1 sacrificando la inversi\u00f3n publica destinada a promover el progreso y compromete a las futuras generaciones ya que como contribuyentes futuros le han sido sacrificado sus intereses. Y es por esa raz\u00f3n que la pol\u00edtica fiscal y la deuda publica ocupan un lugar notorio en el debate pol\u00edtico y economico a escala global.<\/p>\n\n\n\n<p>La preocupaci\u00f3n que se genera cuando existen elevados de endeudamiento p\u00fablico, fruto de unos incrementos en el d\u00e9ficit presupuestario, conduce a fomentar una Politica monetaria expansiva, lo que tiende a traducirse en generar m\u00e1s inflacion. Es por tal raz\u00f3n que se debe poner atencion a la liberalizaci\u00f3n de RD$35,355 millones de encaje legal por parte de la Junta Monetaria. En adicion, el gasto de capital, el cual crece a ritmo rezagado, mientras que el gasto corriente crece a una velocidad sin precedentes, evidenciando la prioridad y decanto por el gasto corriente y marginaci\u00f3n del gasto de capital, por parte del gobierno.<\/p>\n","protected":false},"excerpt":{"rendered":"<p>Daris Javier Cuevas Hablar del gasto de capital es tratar un componente muy importante del gasto p\u00fablico, el cual combinado con el gasto corriente constituye la herramienta principal que viabiliza la ejecuci\u00f3n de la pol\u00edtica fiscal. Pues con ello, corresponde al gobierno garantizar que este se realice con alto nivel de calidad para enfrentar las [&hellip;]<\/p>\n","protected":false},"author":28,"featured_media":552151,"comment_status":"closed","ping_status":"closed","sticky":true,"template":"","format":"standard","meta":{"footnotes":""},"categories":[18],"tags":[],"class_list":["post-578577","post","type-post","status-publish","format-standard","has-post-thumbnail","hentry","category-economia"],"_links":{"self":[{"href":"https:\/\/diariodominicano.com\/index.php?rest_route=\/wp\/v2\/posts\/578577","targetHints":{"allow":["GET"]}}],"collection":[{"href":"https:\/\/diariodominicano.com\/index.php?rest_route=\/wp\/v2\/posts"}],"about":[{"href":"https:\/\/diariodominicano.com\/index.php?rest_route=\/wp\/v2\/types\/post"}],"author":[{"embeddable":true,"href":"https:\/\/diariodominicano.com\/index.php?rest_route=\/wp\/v2\/users\/28"}],"replies":[{"embeddable":true,"href":"https:\/\/diariodominicano.com\/index.php?rest_route=%2Fwp%2Fv2%2Fcomments&post=578577"}],"version-history":[{"count":2,"href":"https:\/\/diariodominicano.com\/index.php?rest_route=\/wp\/v2\/posts\/578577\/revisions"}],"predecessor-version":[{"id":578739,"href":"https:\/\/diariodominicano.com\/index.php?rest_route=\/wp\/v2\/posts\/578577\/revisions\/578739"}],"wp:featuredmedia":[{"embeddable":true,"href":"https:\/\/diariodominicano.com\/index.php?rest_route=\/wp\/v2\/media\/552151"}],"wp:attachment":[{"href":"https:\/\/diariodominicano.com\/index.php?rest_route=%2Fwp%2Fv2%2Fmedia&parent=578577"}],"wp:term":[{"taxonomy":"category","embeddable":true,"href":"https:\/\/diariodominicano.com\/index.php?rest_route=%2Fwp%2Fv2%2Fcategories&post=578577"},{"taxonomy":"post_tag","embeddable":true,"href":"https:\/\/diariodominicano.com\/index.php?rest_route=%2Fwp%2Fv2%2Ftags&post=578577"}],"curies":[{"name":"wp","href":"https:\/\/api.w.org\/{rel}","templated":true}]}}