{"id":578552,"date":"2024-11-29T01:17:52","date_gmt":"2024-11-29T05:17:52","guid":{"rendered":"https:\/\/diariodominicano.com\/?p=578552"},"modified":"2024-11-29T01:18:32","modified_gmt":"2024-11-29T05:18:32","slug":"fallece-a-los-93-anos-silvia-pinal-leyenda-del-cine-mexicano","status":"publish","type":"post","link":"https:\/\/diariodominicano.com\/?p=578552","title":{"rendered":"Fallece a los 93 a\u00f1os Silvia Pinal, leyenda del cine mexicano"},"content":{"rendered":"\n<p>ARCHIVO &#8211; Silvia Pinal aplaude durante un homenaje a su trayectoria en el Palacio de Bellas Artes de la Ciudad de M\u00e9xico el 29 de agosto de 2022. Pinal falleci\u00f3 el 28 de noviembre de 2024. Ten\u00eda 93 a\u00f1os.<\/p>\n\n\n\n<p>noviembre 28, 2024<\/p>\n\n\n\n<ul class=\"wp-block-list\">\n<li><a href=\"https:\/\/www.vozdeamerica.com\/author\/voz-de-america-redaccion\/p_kym\">Voz de Am\u00e9rica &#8211; Redacci\u00f3n<\/a><\/li>\n<\/ul>\n\n\n\n<ul class=\"wp-block-list\">\n<li><a href=\"https:\/\/facebook.com\/sharer.php?u=https%3a%2f%2fwww.vozdeamerica.com%2fa%2ffallece-a-los-93-anios-silvia-pinal-leyenda-del-cine-mexicano%2f7881007.html\" target=\"_blank\" rel=\"noreferrer noopener\"><\/a><\/li>\n\n\n\n<li><a href=\"https:\/\/twitter.com\/share?url=https%3a%2f%2fwww.vozdeamerica.com%2fa%2ffallece-a-los-93-anios-silvia-pinal-leyenda-del-cine-mexicano%2f7881007.html&amp;text=Fallece+a+los+93+a%c3%b1os+Silvia+Pinal%2c+leyenda+del+cine+mexicano\" target=\"_blank\" rel=\"noreferrer noopener\"><\/a><\/li>\n\n\n\n<li><\/li>\n\n\n\n<li><a href=\"mailto:?body=https%3a%2f%2fwww.vozdeamerica.com%2fa%2ffallece-a-los-93-anios-silvia-pinal-leyenda-del-cine-mexicano%2f7881007.html&amp;subject=Fallece%20a%20los%2093%20a%C3%B1os%20Silvia%20Pinal,%20leyenda%20del%20cine%20mexicano\"><\/a><\/li>\n<\/ul>\n\n\n\n<p><a href=\"https:\/\/www.vozdeamerica.com\/a\/fallece-a-los-93-anios-silvia-pinal-leyenda-del-cine-mexicano\/7881007.html#comments\">&nbsp;Vea comentarios<\/a><\/p>\n\n\n\n<p>La diva del cine mexicano, Silvia Pinal, falleci\u00f3 a los 93 a\u00f1os. Su trayectoria no s\u00f3lo abarc\u00f3 la pantalla grande, sino tambi\u00e9n el teatro y la televisi\u00f3n.<\/p>\n\n\n\n<p>La leyenda de la \u00e9poca de oro del cine mexicano, Silvia Pinal, falleci\u00f3 este jueves a los 93 a\u00f1os.<\/p>\n\n\n\n<p>Nacida en 1931 y conocida como la Gran Diva de M\u00e9xico, falleci\u00f3 tras varios d\u00edas de ser internada por una infecci\u00f3n urinaria, aunque no han sido reveladas las causas de su muerte.<\/p>\n\n\n\n<p>En sus \u00faltimos a\u00f1os tambi\u00e9n padeci\u00f3 COVID-19, neumon\u00eda y llagas en su espalda. En 2020 debi\u00f3 someterse a una cirug\u00eda de cadera tras sufrir una ca\u00edda.<\/p>\n\n\n\n<p>Con una trayectoria que abarc\u00f3 tambi\u00e9n el teatro y la televisi\u00f3n, Pinal fue reconocida con tres premios Ariel (los galardones de la industria del cine mexicano) en 1953, 1957 y 1958, y un Ariel de oro por su trayectoria actoral en 2008.<\/p>\n\n\n\n<p>En la pantalla grande, se distingui\u00f3 por protagonizar papeles complejos y controvertidos para su \u00e9poca, poni\u00e9ndose en la piel de personajes como una prostituta o una mujer que ten\u00eda relaciones extramaritales.<\/p>\n\n\n\n<p>Junto con Mar\u00eda F\u00e9lix y Dolores del R\u00edo, Pinal conforma el tr\u00edo de actrices legendarias de la \u00e9poca dorada del cine mexicano (entre las d\u00e9cadas de 1930 y 1950). Mario Moreno \u00abCantinflas\u00bb, Pedro Armend\u00e1riz, Emilio \u00abEl Indio\u00bb Fern\u00e1ndez y Jorge Negrete son algunos de los actores c\u00e9lebres de esa etapa.<\/p>\n\n\n\n<p>Pinal tuvo una carrera de m\u00e1s seis d\u00e9cadas en las que apareci\u00f3 en m\u00e1s de 60 pel\u00edculas producidas en M\u00e9xico, Argentina, Espa\u00f1a e incluso Estados Unidos. A partir de la d\u00e9cada de 1960, comenz\u00f3 su igualmente prol\u00edfica carrera televisiva, con programas como \u201cMujer casos de la vida real\u201d y \u201cSilvia y Enrique\u201d y las telenovelas \u201cEl privilegio de amar\u201d y \u201cSoy tu due\u00f1a\u201d.<\/p>\n\n\n\n<p>Fue una de las musas del cineasta espa\u00f1ol Luis Bu\u00f1uel, quien la inmortaliz\u00f3 en las pel\u00edculas \u00abViridiana\u00bb (1961), que gan\u00f3 el Le\u00f3n de Oro en el Festival de Cine de Venecia y fue censurada por la dictadura de Francisco Franco en Espa\u00f1a, \u00abEl \u00e1ngel exterminador\u00bb (1962) y \u00abSim\u00f3n del desierto\u00bb (1965).<\/p>\n\n\n\n<p><a href=\"https:\/\/www.vozdeamerica.com\/a\/premiado-corto-parole-refleja-de-manera-muy-personal-la-espera-y-la-incertidumbre-migrante-\/7865476.html\"><\/a><\/p>\n\n\n\n<p><a href=\"https:\/\/www.vozdeamerica.com\/a\/premiado-corto-parole-refleja-de-manera-muy-personal-la-espera-y-la-incertidumbre-migrante-\/7865476.html\">Tambi\u00e9n lea<\/a><\/p>\n\n\n\n<h4 class=\"wp-block-heading\"><a href=\"https:\/\/www.vozdeamerica.com\/a\/premiado-corto-parole-refleja-de-manera-muy-personal-la-espera-y-la-incertidumbre-migrante-\/7865476.html\">Premiado corto \u00abParole\u00bb refleja de manera personal la espera e incertidumbre migrante<\/a><\/h4>\n\n\n\n<p>A la par de su faceta como actriz, Pinal sobresali\u00f3 como productora teatral, incursion\u00f3 en la pol\u00edtica y fue l\u00edder de la Asociaci\u00f3n Nacional de Actores entre 2010 y 2014.<\/p>\n\n\n\n<p>En 2022 el Instituto Nacional de Bellas Artes y Literatura de M\u00e9xico le realiz\u00f3 un homenaje con cine, teatro musical y un show digno de una gala de televisi\u00f3n.<\/p>\n\n\n\n<p>\u201c\u00a1Ay mamacita!\u201d, dijo Pinal, provocando risas del p\u00fablico cuando estaba en el escenario. \u201cMe siento tan emocionada en este momento, me siento llena de cosas\u201d.<\/p>\n\n\n\n<p>Pinal naci\u00f3 en Guaymas, en el norte\u00f1o estado mexicano de Sonora, el 12 de septiembre de 1931. Su familia se mud\u00f3 a la Ciudad de M\u00e9xico cuando ella todav\u00eda era peque\u00f1a. Comenz\u00f3 su carrera como actriz a muy temprana edad en el teatro y la radio. A los 17 a\u00f1os obtuvo su primer papel en la pel\u00edcula \u201cBamba\u201d (1948) de Miguel Contreras Torres.<\/p>\n\n\n\n<p>Su voz ronca y su atractivo f\u00edsico la colocaron r\u00e1pidamente como una estrella a pesar de su corta edad. Al a\u00f1o siguiente ya estaba actuando con Cantinflas en \u201cPuerta, joven\u201d y con Tin Tan en \u201cEl rey del barrio\u201d.<\/p>\n\n\n\n<p>Pinal estuvo casada en cuatro ocasiones. Uno de sus maridos fue el cantante y actor Enrique Guzm\u00e1n, con el que tuvo a Alejandra Guzm\u00e1n, famosa int\u00e9rprete de rock, y Luis Enrique. Otro esposo fue el director de cine Rafael Banquells, con el que engendr\u00f3 otra hija, Sylvia.<\/p>\n\n\n\n<p>Su vida estuvo marcada por el tr\u00e1gico fallecimiento en un accidente de autom\u00f3vil de su hija Viridiana, fruto de su matrimonio con el actor y director de cine Gustavo Alatriste. Su cuarto marido fue el pol\u00edtico Tulio Hern\u00e1ndez, gobernador del estado mexicano Tlaxcala, de quien termin\u00f3 separ\u00e1ndose.<\/p>\n\n\n\n<p><em>[Con informaci\u00f3n de AP y Reuters]<\/em><\/p>\n","protected":false},"excerpt":{"rendered":"<p>ARCHIVO &#8211; Silvia Pinal aplaude durante un homenaje a su trayectoria en el Palacio de Bellas Artes de la Ciudad de M\u00e9xico el 29 de agosto de 2022. Pinal falleci\u00f3 el 28 de noviembre de 2024. Ten\u00eda 93 a\u00f1os. noviembre 28, 2024 &nbsp;Vea comentarios La diva del cine mexicano, Silvia Pinal, falleci\u00f3 a los 93 [&hellip;]<\/p>\n","protected":false},"author":28,"featured_media":578553,"comment_status":"closed","ping_status":"closed","sticky":true,"template":"","format":"standard","meta":{"footnotes":""},"categories":[36,26,25,23],"tags":[],"class_list":["post-578552","post","type-post","status-publish","format-standard","has-post-thumbnail","hentry","category-hombresmujeresycosas","category-efemerides","category-gente","category-internacional"],"_links":{"self":[{"href":"https:\/\/diariodominicano.com\/index.php?rest_route=\/wp\/v2\/posts\/578552","targetHints":{"allow":["GET"]}}],"collection":[{"href":"https:\/\/diariodominicano.com\/index.php?rest_route=\/wp\/v2\/posts"}],"about":[{"href":"https:\/\/diariodominicano.com\/index.php?rest_route=\/wp\/v2\/types\/post"}],"author":[{"embeddable":true,"href":"https:\/\/diariodominicano.com\/index.php?rest_route=\/wp\/v2\/users\/28"}],"replies":[{"embeddable":true,"href":"https:\/\/diariodominicano.com\/index.php?rest_route=%2Fwp%2Fv2%2Fcomments&post=578552"}],"version-history":[{"count":2,"href":"https:\/\/diariodominicano.com\/index.php?rest_route=\/wp\/v2\/posts\/578552\/revisions"}],"predecessor-version":[{"id":578555,"href":"https:\/\/diariodominicano.com\/index.php?rest_route=\/wp\/v2\/posts\/578552\/revisions\/578555"}],"wp:featuredmedia":[{"embeddable":true,"href":"https:\/\/diariodominicano.com\/index.php?rest_route=\/wp\/v2\/media\/578553"}],"wp:attachment":[{"href":"https:\/\/diariodominicano.com\/index.php?rest_route=%2Fwp%2Fv2%2Fmedia&parent=578552"}],"wp:term":[{"taxonomy":"category","embeddable":true,"href":"https:\/\/diariodominicano.com\/index.php?rest_route=%2Fwp%2Fv2%2Fcategories&post=578552"},{"taxonomy":"post_tag","embeddable":true,"href":"https:\/\/diariodominicano.com\/index.php?rest_route=%2Fwp%2Fv2%2Ftags&post=578552"}],"curies":[{"name":"wp","href":"https:\/\/api.w.org\/{rel}","templated":true}]}}