{"id":578542,"date":"2024-11-29T01:08:45","date_gmt":"2024-11-29T05:08:45","guid":{"rendered":"https:\/\/diariodominicano.com\/?p=578542"},"modified":"2024-11-29T01:09:23","modified_gmt":"2024-11-29T05:09:23","slug":"presidenta-de-mexico-confia-en-evitar-guerra-arancelaria-con-eeuu","status":"publish","type":"post","link":"https:\/\/diariodominicano.com\/?p=578542","title":{"rendered":"Presidenta de M\u00e9xico conf\u00eda en evitar guerra arancelaria con EEUU"},"content":{"rendered":"\n<p>Esta imagen publicada por la Presidencia de M\u00e9xico muestra a la presidenta de M\u00e9xico, Claudia Sheinbaum, mirando durante su conferencia de prensa diaria en el Palacio Nacional en la Ciudad de M\u00e9xico el 28 de noviembre de 2024.<\/p>\n\n\n\n<p>noviembre 28, 2024<\/p>\n\n\n\n<ul class=\"wp-block-list\">\n<li><a href=\"https:\/\/www.vozdeamerica.com\/author\/voz-de-america-redaccion\/p_kym\">Voz de Am\u00e9rica &#8211; Redacci\u00f3n<\/a><\/li>\n<\/ul>\n\n\n\n<ul class=\"wp-block-list\">\n<li><a href=\"https:\/\/facebook.com\/sharer.php?u=https%3a%2f%2fwww.vozdeamerica.com%2fa%2fpresidenta-de-mexico-confia-en-evitar-guerra-arancelaria-con-eeuu%2f7880642.html\" target=\"_blank\" rel=\"noreferrer noopener\"><\/a><\/li>\n\n\n\n<li><a href=\"https:\/\/twitter.com\/share?url=https%3a%2f%2fwww.vozdeamerica.com%2fa%2fpresidenta-de-mexico-confia-en-evitar-guerra-arancelaria-con-eeuu%2f7880642.html&amp;text=Presidenta+de+M%c3%a9xico+conf%c3%ada+en+evitar+guerra+arancelaria+con+EEUU\" target=\"_blank\" rel=\"noreferrer noopener\"><\/a><\/li>\n\n\n\n<li><\/li>\n\n\n\n<li><a href=\"mailto:?body=https%3a%2f%2fwww.vozdeamerica.com%2fa%2fpresidenta-de-mexico-confia-en-evitar-guerra-arancelaria-con-eeuu%2f7880642.html&amp;subject=Presidenta%20de%20M%C3%A9xico%20conf%C3%ADa%20en%20evitar%20guerra%20arancelaria%20con%20EEUU\"><\/a><\/li>\n<\/ul>\n\n\n\n<p><a href=\"https:\/\/www.vozdeamerica.com\/a\/presidenta-de-mexico-confia-en-evitar-guerra-arancelaria-con-eeuu\/7880642.html#comments\">&nbsp;Vea comentarios<\/a><\/p>\n\n\n\n<p>Un d\u00eda despu\u00e9s de conversar con el presidente electo de EEUU, Donald Trump, la mandataria mexicana Claudia Sheinbaum dijo que conf\u00eda en que se puede evitar una guerra arancelaria con su vecino.<\/p>\n\n\n\n<p>M\u00c9XICO \u2014&nbsp;<\/p>\n\n\n\n<p>La presidenta mexicana, Claudia Sheinbaum, dijo el jueves que conf\u00eda en que se puede evitar una guerra arancelaria con Estados Unidos.<\/p>\n\n\n\n<p>Sin embargo, su declaraci\u00f3n, hecha un d\u00eda despu\u00e9s de sostener una&nbsp;<strong><em><a href=\"https:\/\/www.vozdeamerica.com\/a\/sheinbaum-habla-trump-migracion-combate-fentanilo-\/7879488.html\" target=\"_blank\" rel=\"noreferrer noopener\">llamada telef\u00f3nica con el presidente electo de Estados Unidos, Donald Trump<\/a><\/em><\/strong>, no dej\u00f3 claro qui\u00e9n hab\u00eda ofrecido qu\u00e9.<\/p>\n\n\n\n<p>\u201cNo va a haber potencial guerra arancelaria\u201d, afirm\u00f3 Sheinbaum categ\u00f3ricamente cuando se le pregunt\u00f3 sobre el tema en su conferencia de prensa matutina.<\/p>\n\n\n\n<p>El mi\u00e9rcoles, Trump escribi\u00f3 que Sheinbaum hab\u00eda acordado detener la migraci\u00f3n no autorizada a trav\u00e9s de la frontera hacia Estados Unidos. Ella escribi\u00f3 el mismo d\u00eda, en sus cuentas de redes sociales, que \u201cse atiende a las personas migrantes y a las caravanas previo a que lleguen a la frontera\u201d.<\/p>\n\n\n\n<p>Pero no est\u00e1 claro si eso fue una promesa, un compromiso o simplemente una descripci\u00f3n de la realidad. En los \u00faltimos a\u00f1os, los migrantes que no han podido obtener permiso para cruzar M\u00e9xico se han unido en caravanas para caminar o viajar de dedo al norte, hacia la frontera de Estados Unidos, buscando una mayor seguridad al viajar en grandes grupos.<\/p>\n\n\n\n<p>De hecho, aparte de las&nbsp;<strong><em><a href=\"https:\/\/www.vozdeamerica.com\/a\/sale-nueva-caravana-migrantes-sur-mexico-\/7871564.html\" target=\"_blank\" rel=\"noreferrer noopener\">primeras caravanas en 2018 y 2019&nbsp;<\/a><\/em><\/strong>\u2014a las cuales se les proporcionaron autobuses para recorrer parte del camino hacia el norte\u2014 ninguna caravana ha llegado nunca a la frontera caminando o viajando de dedo de manera cohesiva.<\/p>\n\n\n\n<p>Durante a\u00f1os, la polic\u00eda mexicana y los agentes de migraci\u00f3n han bloqueado, hostigado o les han impedido viajar de dedo a las caravanas de migrantes. \u00c9stas tambi\u00e9n han sido frecuentemente apresadas o devueltas a \u00e1reas cercanas a la frontera con Guatemala. Por lo tanto, la declaraci\u00f3n de Sheinbaum parece reflejar una realidad que ha estado vigente durante alg\u00fan tiempo.<\/p>\n\n\n\n<p><a href=\"https:\/\/www.vozdeamerica.com\/a\/biden-espera-trump-reconsidere-aranceles-mexico-canada\/7880455.html\"><\/a><\/p>\n\n\n\n<p><a href=\"https:\/\/www.vozdeamerica.com\/a\/biden-espera-trump-reconsidere-aranceles-mexico-canada\/7880455.html\">Tambi\u00e9n lea<\/a><\/p>\n\n\n\n<h4 class=\"wp-block-heading\"><a href=\"https:\/\/www.vozdeamerica.com\/a\/biden-espera-trump-reconsidere-aranceles-mexico-canada\/7880455.html\">Biden dice que espera que Trump reconsidere aranceles a M\u00e9xico y Canad\u00e1<\/a><\/h4>\n\n\n\n<p>El presidente de Estados Unidos, Joe Biden, dijo el jueves que&nbsp;<em><strong><a href=\"https:\/\/www.vozdeamerica.com\/a\/biden-espera-trump-reconsidere-aranceles-mexico-canada\/7880455.html\" target=\"_blank\" rel=\"noreferrer noopener\">esperaba que Trump reconsiderara su plan<\/a><\/strong><\/em>&nbsp;de imponer aranceles a M\u00e9xico y Canad\u00e1, diciendo que podr\u00eda \u201carruinar\u201d las relaciones con sus aliados cercanos.<\/p>\n\n\n\n<p>\u201cEspero que lo reconsidere. Creo que es algo contraproducente\u201d, dijo a la prensa en Nantucket, Massachusetts.<\/p>\n\n\n\n<p>Anteriormente,&nbsp;<strong><em><a href=\"https:\/\/www.vozdeamerica.com\/a\/mexico-eeuu-perderia-400-000-empleos-aranceles-trump-advierte-imponerlos-tambien\/7879467.html\" target=\"_blank\" rel=\"noreferrer noopener\">Trump amenaz\u00f3 con imponer aranceles de 25 % a las importaciones procedentes de M\u00e9xico y Canad\u00e1<\/a><\/em><\/strong>&nbsp;hasta que esos pa\u00edses detuvieran satisfactoriamente la inmigraci\u00f3n no autorizada y el tr\u00e1fico de drogas ilegales, como el fentanilo, hacia Estados Unidos. Tambi\u00e9n dijo que las importaciones chinas enfrentar\u00edan aranceles adicionales de 10 % hasta que Beijing tomara medidas en\u00e9rgicas contra la producci\u00f3n de materiales utilizados en la fabricaci\u00f3n de fentanilo.<\/p>\n\n\n\n<p>A pesar de la confianza de Sheinbaum \u2014que describi\u00f3 la conversaci\u00f3n telef\u00f3nica con Trump como \u201cexcelente\u201d\u2014 a muchos mexicanos les preocupa que los aranceles estadounidenses puedan afectar una amplia gama de productos mexicanos representativos y amenazar econom\u00edas regionales enteras.<\/p>\n\n\n\n<p>En el occidente de M\u00e9xico, ning\u00fan cultivo proporciona ingresos a tantos peque\u00f1os productores como el aguacate, y M\u00e9xico es el principal proveedor de esta fruta en el mercado estadounidense. Pero a los productores, recolectores y empacadores de aguacates les preocupa que los consumidores estadounidenses, enfrentados a precios 25 % m\u00e1s altos, simplemente dejen de consumir guacamole.<\/p>\n\n\n\n<p><a href=\"https:\/\/www.vozdeamerica.com\/a\/la-patrulla-fronteriza-entrena-capellanes-ante-debate-migratorio-impacto-agentes-\/7879296.html\"><\/a><\/p>\n\n\n\n<p><a href=\"https:\/\/www.vozdeamerica.com\/a\/la-patrulla-fronteriza-entrena-capellanes-ante-debate-migratorio-impacto-agentes-\/7879296.html\">Tambi\u00e9n lea<\/a><\/p>\n\n\n\n<h4 class=\"wp-block-heading\"><a href=\"https:\/\/www.vozdeamerica.com\/a\/la-patrulla-fronteriza-entrena-capellanes-ante-debate-migratorio-impacto-agentes-\/7879296.html\">La Patrulla Fronteriza entrena m\u00e1s capellanes ante el debate migratorio y el impacto en los agentes<\/a><\/h4>\n\n\n\n<p>Y a principios de esta semana, Sheinbaum dijo que M\u00e9xico preparaba una lista de aranceles de represalia si Trump segu\u00eda adelante con sus planes de imponer derechos de importaci\u00f3n.<\/p>\n\n\n\n<p>Si M\u00e9xico, Canad\u00e1 y China enfrentaran los aranceles adicionales propuestos por Trump sobre todos los bienes importados a Estados Unidos, eso podr\u00eda equivaler aproximadamente a 266.000 millones de d\u00f3lares en recaudaciones fiscales, cifra que no toma en cuenta ninguna interrupci\u00f3n en el comercio o actos de represalia de otros pa\u00edses.<\/p>\n\n\n\n<p>El costo de esos impuestos probablemente lo pagar\u00edan las familias estadounidenses, los importadores y las empresas nacionales y extranjeras en forma de precios m\u00e1s altos o menores ganancias.<\/p>\n\n\n\n<p>Algunos analistas han dicho que creen que la amenaza de imponer aranceles, que esperan eleve los precios al consumidor en Estados Unidos, es una t\u00e1ctica de negociaci\u00f3n antes de la revisi\u00f3n del TMEC en 2026.<\/p>\n\n\n\n<p>M\u00e9xico represent\u00f3 15.9 % del comercio de Estados Unidos en los primeros nueve meses del a\u00f1o, seguido de Canad\u00e1 con el 14.4 % y China con el 10.8 %. Trump tambi\u00e9n sugiri\u00f3 aranceles del 25 % a Canad\u00e1 y \u00abun arancel adicional del 10 %, encima de cualquier otro arancel\u00bb a China.<\/p>\n\n\n\n<p>M\u00e1s temprano el jueves, el secretario de Econom\u00eda mexicano, Marcelo Ebrard, dijo que no cre\u00eda que fuera probable que Estados Unidos impusiera dichos aranceles, ya que ser\u00edan muy costosos para ambos lados de la frontera.<\/p>\n\n\n\n<p><em>[Con informaci\u00f3n de AP y Reuters]<\/em><\/p>\n","protected":false},"excerpt":{"rendered":"<p>Esta imagen publicada por la Presidencia de M\u00e9xico muestra a la presidenta de M\u00e9xico, Claudia Sheinbaum, mirando durante su conferencia de prensa diaria en el Palacio Nacional en la Ciudad de M\u00e9xico el 28 de noviembre de 2024. noviembre 28, 2024 &nbsp;Vea comentarios Un d\u00eda despu\u00e9s de conversar con el presidente electo de EEUU, Donald [&hellip;]<\/p>\n","protected":false},"author":28,"featured_media":578543,"comment_status":"closed","ping_status":"closed","sticky":true,"template":"","format":"standard","meta":{"footnotes":""},"categories":[36,18,23,27],"tags":[],"class_list":["post-578542","post","type-post","status-publish","format-standard","has-post-thumbnail","hentry","category-hombresmujeresycosas","category-economia","category-internacional","category-portada"],"_links":{"self":[{"href":"https:\/\/diariodominicano.com\/index.php?rest_route=\/wp\/v2\/posts\/578542","targetHints":{"allow":["GET"]}}],"collection":[{"href":"https:\/\/diariodominicano.com\/index.php?rest_route=\/wp\/v2\/posts"}],"about":[{"href":"https:\/\/diariodominicano.com\/index.php?rest_route=\/wp\/v2\/types\/post"}],"author":[{"embeddable":true,"href":"https:\/\/diariodominicano.com\/index.php?rest_route=\/wp\/v2\/users\/28"}],"replies":[{"embeddable":true,"href":"https:\/\/diariodominicano.com\/index.php?rest_route=%2Fwp%2Fv2%2Fcomments&post=578542"}],"version-history":[{"count":2,"href":"https:\/\/diariodominicano.com\/index.php?rest_route=\/wp\/v2\/posts\/578542\/revisions"}],"predecessor-version":[{"id":578546,"href":"https:\/\/diariodominicano.com\/index.php?rest_route=\/wp\/v2\/posts\/578542\/revisions\/578546"}],"wp:featuredmedia":[{"embeddable":true,"href":"https:\/\/diariodominicano.com\/index.php?rest_route=\/wp\/v2\/media\/578543"}],"wp:attachment":[{"href":"https:\/\/diariodominicano.com\/index.php?rest_route=%2Fwp%2Fv2%2Fmedia&parent=578542"}],"wp:term":[{"taxonomy":"category","embeddable":true,"href":"https:\/\/diariodominicano.com\/index.php?rest_route=%2Fwp%2Fv2%2Fcategories&post=578542"},{"taxonomy":"post_tag","embeddable":true,"href":"https:\/\/diariodominicano.com\/index.php?rest_route=%2Fwp%2Fv2%2Ftags&post=578542"}],"curies":[{"name":"wp","href":"https:\/\/api.w.org\/{rel}","templated":true}]}}