{"id":578491,"date":"2024-11-28T17:23:08","date_gmt":"2024-11-28T21:23:08","guid":{"rendered":"https:\/\/diariodominicano.com\/?p=578491"},"modified":"2024-11-28T17:23:14","modified_gmt":"2024-11-28T21:23:14","slug":"dia-nacional-de-albania","status":"publish","type":"post","link":"https:\/\/diariodominicano.com\/?p=578491","title":{"rendered":"D\u00eda Nacional de Albania"},"content":{"rendered":"\n<p>Antony J. Blinken, Secretario de Estado<\/p>\n\n\n\n<p>En nombre de los Estados Unidos de Am\u00e9rica, deseo expresar nuestros mejores deseos al pueblo de Albania en este 112\u00ba aniversario de su independencia.<\/p>\n\n\n\n<p>La estrecha relaci\u00f3n entre nuestras naciones se basa en valores democr\u00e1ticos compartidos y un deseo mutuo de paz y seguridad. Albania ha ejemplificado estos valores mediante su firme apoyo a Ucrania frente a la agresi\u00f3n rusa no provocada, su liderazgo en el Consejo de Derechos Humanos de las Naciones Unidas y su compromiso inquebrantable con la seguridad colectiva de la OTAN. Agradecemos profundamente la hospitalidad y la asistencia de Albania como anfitriones temporales de nuestros aliados afganos.<\/p>\n\n\n\n<p>Los Estados Unidos esperan que sigamos colaborando para lograr prioridades compartidas, como la lucha contra la corrupci\u00f3n y los esfuerzos por fortalecer el Estado de derecho. Seguimos comprometidos a apoyar el camino de Albania hacia la plena integraci\u00f3n en la Uni\u00f3n Europea.<\/p>\n\n\n\n<p>Estoy seguro de que los fuertes v\u00ednculos entre los pueblos alban\u00e9s y estadounidense seguir\u00e1n floreciendo a medida que trabajemos juntos en materia de comercio e inversi\u00f3n, diversificando la energ\u00eda renovable e integrando m\u00e1s estrechamente a toda la regi\u00f3n. La cooperaci\u00f3n estrecha y continua en estos esfuerzos fortalecer\u00e1 a Albania, nuestra relaci\u00f3n bilateral y los valores compartidos que celebramos.<\/p>\n\n\n\n<p>Deseo al pueblo de Albania un feliz D\u00eda de la Independencia.<\/p>\n\n\n\n<p>U.S. Department of State<\/p>\n\n\n\n<p>U.S. Department of State ()<\/p>\n\n\n\n<p><a target=\"_blank\" href=\"mailto:usstatebpa@public.govdelivery.com\" rel=\"noreferrer noopener\">usstatebpa@public.govdelivery.com<\/a><\/p>\n\n\n\n<p><\/p>\n","protected":false},"excerpt":{"rendered":"<p>Antony J. Blinken, Secretario de Estado En nombre de los Estados Unidos de Am\u00e9rica, deseo expresar nuestros mejores deseos al pueblo de Albania en este 112\u00ba aniversario de su independencia. La estrecha relaci\u00f3n entre nuestras naciones se basa en valores democr\u00e1ticos compartidos y un deseo mutuo de paz y seguridad. Albania ha ejemplificado estos valores [&hellip;]<\/p>\n","protected":false},"author":28,"featured_media":556695,"comment_status":"closed","ping_status":"closed","sticky":true,"template":"","format":"standard","meta":{"footnotes":""},"categories":[21,26,23],"tags":[],"class_list":["post-578491","post","type-post","status-publish","format-standard","has-post-thumbnail","hentry","category-cultura","category-efemerides","category-internacional"],"_links":{"self":[{"href":"https:\/\/diariodominicano.com\/index.php?rest_route=\/wp\/v2\/posts\/578491","targetHints":{"allow":["GET"]}}],"collection":[{"href":"https:\/\/diariodominicano.com\/index.php?rest_route=\/wp\/v2\/posts"}],"about":[{"href":"https:\/\/diariodominicano.com\/index.php?rest_route=\/wp\/v2\/types\/post"}],"author":[{"embeddable":true,"href":"https:\/\/diariodominicano.com\/index.php?rest_route=\/wp\/v2\/users\/28"}],"replies":[{"embeddable":true,"href":"https:\/\/diariodominicano.com\/index.php?rest_route=%2Fwp%2Fv2%2Fcomments&post=578491"}],"version-history":[{"count":1,"href":"https:\/\/diariodominicano.com\/index.php?rest_route=\/wp\/v2\/posts\/578491\/revisions"}],"predecessor-version":[{"id":578493,"href":"https:\/\/diariodominicano.com\/index.php?rest_route=\/wp\/v2\/posts\/578491\/revisions\/578493"}],"wp:featuredmedia":[{"embeddable":true,"href":"https:\/\/diariodominicano.com\/index.php?rest_route=\/wp\/v2\/media\/556695"}],"wp:attachment":[{"href":"https:\/\/diariodominicano.com\/index.php?rest_route=%2Fwp%2Fv2%2Fmedia&parent=578491"}],"wp:term":[{"taxonomy":"category","embeddable":true,"href":"https:\/\/diariodominicano.com\/index.php?rest_route=%2Fwp%2Fv2%2Fcategories&post=578491"},{"taxonomy":"post_tag","embeddable":true,"href":"https:\/\/diariodominicano.com\/index.php?rest_route=%2Fwp%2Fv2%2Ftags&post=578491"}],"curies":[{"name":"wp","href":"https:\/\/api.w.org\/{rel}","templated":true}]}}