{"id":578478,"date":"2024-11-28T17:14:53","date_gmt":"2024-11-28T21:14:53","guid":{"rendered":"https:\/\/diariodominicano.com\/?p=578478"},"modified":"2024-11-28T17:14:57","modified_gmt":"2024-11-28T21:14:57","slug":"gonel-anuncia-teatro-agua-y-luz-sera-destinado-del-merengue-y-museo-para-turistas-y-nacionales","status":"publish","type":"post","link":"https:\/\/diariodominicano.com\/?p=578478","title":{"rendered":"Gonel anuncia Teatro Agua y Luz ser\u00e1 destinado del merengue y museo para turistas y nacionales"},"content":{"rendered":"\n<p>Jos\u00e9 Rub\u00e9n Gonell Cosme,\u00a0director general de la Oficina Nacional de Derecho de Autor<\/p>\n\n\n\n<p>El director de la ONDA, en la puesta en circulaci\u00f3n del libro sobre el Merengue del Euri Cabral, &nbsp;dijo que el presidente Abinader ha trazado esa meta en coordinaci\u00f3n con el Ministerio de Turismo.<\/p>\n\n\n\n<figure class=\"wp-block-image size-large\"><img loading=\"lazy\" decoding=\"async\" width=\"1024\" height=\"461\" src=\"https:\/\/diariodominicano.com\/wp-content\/uploads\/2024\/11\/Imagen-de-WhatsApp-2024-11-28-a-las-06.54.39_ed40cf7e-1-1024x461.jpg\" alt=\"\" class=\"wp-image-578485\" srcset=\"https:\/\/diariodominicano.com\/wp-content\/uploads\/2024\/11\/Imagen-de-WhatsApp-2024-11-28-a-las-06.54.39_ed40cf7e-1-1024x461.jpg 1024w, https:\/\/diariodominicano.com\/wp-content\/uploads\/2024\/11\/Imagen-de-WhatsApp-2024-11-28-a-las-06.54.39_ed40cf7e-1-300x135.jpg 300w, https:\/\/diariodominicano.com\/wp-content\/uploads\/2024\/11\/Imagen-de-WhatsApp-2024-11-28-a-las-06.54.39_ed40cf7e-1-768x346.jpg 768w, https:\/\/diariodominicano.com\/wp-content\/uploads\/2024\/11\/Imagen-de-WhatsApp-2024-11-28-a-las-06.54.39_ed40cf7e-1-816x367.jpg 816w, https:\/\/diariodominicano.com\/wp-content\/uploads\/2024\/11\/Imagen-de-WhatsApp-2024-11-28-a-las-06.54.39_ed40cf7e-1.jpg 1448w\" sizes=\"auto, (max-width: 1024px) 100vw, 1024px\" \/><\/figure>\n\n\n\n<p>Vista del acto de puesta en circulaci\u00f3n del libro\u00a0 Historia del Merengue, or\u00edgenes, etapas y l\u00edderes, de Euri Cabral.<\/p>\n\n\n\n<p>Servicio de Prensa<\/p>\n\n\n\n<p>SANTO DOMINGO, RD.-  . El director general de la Oficina Nacional de Derecho de Autor, anunci\u00f3 que el Teatro Agua y Luz, una vez restaurado, se pondr\u00e1 al servicio de la promoci\u00f3n y baile del merengue para turistas y nacionales.<\/p>\n\n\n\n<p>Jos\u00e9 Rub\u00e9n Gonell Cosme&nbsp;detall\u00f3, en el marco de la puesta en circulaci\u00f3n indic\u00f3 que igualmente a nivel oficial se ha planteado la creaci\u00f3n del Instituto Nacional de Merengue y que se incluir\u00e1 la promoci\u00f3n del ritmo nacional en las escuelas.<\/p>\n\n\n\n<p>El director de ONDA destac\u00f3 el entusiasmo del presidente Abinader en lograr que el Teatro Agua y Luz se convierta en un centro cultural y art\u00edstico que proyecte el merengue.<\/p>\n\n\n\n<p>En una intervenci\u00f3n que solicit\u00f3 en el acto, &nbsp;Gonell Cosme indic\u00f3 que el merengue en tanto ritmo nacional debe ser defendido como un patrimonio por lo que el gobierno es coherente con esa postura al dedicar el Teatro Agua y Luz a su proyecci\u00f3n y disfrute.<\/p>\n\n\n\n<p>\u201cEntiendo positiva la circulaci\u00f3n de este libro de Euri Cabral y respaldamos las acciones para defender este ritmo, cuyos derechos de autor deben seguir beneficiando a sus creadores e int\u00e9rpretes \u201cafirm\u00f3 el director de ONDA&nbsp; en el acto, efectuado en el sal\u00f3n Aida Bonnelly, del Teatro Nacional, organizado por la Asociaci\u00f3n de Cronistas de Arte (ACROARTE).<\/p>\n\n\n\n<p>El libro fue una producci\u00f3n de Se\u00f1ales TV, Fundaci\u00f3n Ianna, y Acroarte, con respaldo del Banco Popular Dominicano. Cabral es autor de&nbsp;\u201cMatrimonios sanos y felices: sembrando valores para lograrlo-Retos e iron\u00eda del poder-, En defensa de los matrimonios (junto a Zinayda Rodr\u00edguez), Gilbert, H\u00e9roe de dos Pueblos y Presidentes Dominicanos en la historia (1844-.entre otros t\u00edtulos.&nbsp;En una actividad con miembros del sector cultural realizada el presidente Luis Abinader&nbsp;prometi\u00f3&nbsp;la&nbsp;reapertura del&nbsp;Teatro Agua y Luz.&nbsp;<\/p>\n\n\n\n<p>Cuando anunci\u00f3 la remodelaci\u00f3n y adecuaci\u00f3n del Agua&nbsp;y Luz, ubicado en el Centro de los H\u00e9roes en la capital, adscrito al Ministerio de Turismo y, manifest\u00f3 que ser\u00e1 adecuado para conciertos y bailes de mi\u00e9rcoles a domingos.<\/p>\n\n\n\n<p>El&nbsp;Teatro Agua y Luz, es un teatro construido en 1955 en&nbsp;Santo Domingo,&nbsp;Rep\u00fablica Dominicana, (llamada en ese entonces Ciudad Trujillo) en plena inauguraci\u00f3n de la&nbsp;Feria de la Paz y Confraternidad del Mundo Libre&nbsp;(hoy&nbsp;Centro de los H\u00e9roes) en donde se construyeron una serie de edificios, teatros y hoteles.<\/p>\n\n\n\n<p>La idea surgi\u00f3 en Barcelona cuando el dictador dominicano realiz\u00f3 un viaje para visitar a&nbsp;Francisco Franco&nbsp;y vio unas fuentes que lo dejaron sorprendido principalmente la&nbsp;Fuente M\u00e1gica de Montjuic. Decidi\u00f3 que Santo Domingo deb\u00eda tener una igual, por lo que contact\u00f3 al arquitecto&nbsp;Carles Bu\u00efgas Sans, responsable del dise\u00f1o y la ejecuci\u00f3n de la fuente. En el equipo de Bu\u00efgas participaron como jefes de obras y encargados de obras miembros de la Familia Larrosa, procedentes de Barcelona.&nbsp;<\/p>\n\n\n\n<p>El teatro agua y luz fue construido junto con la Feria de la paz y confraternidad del mundo libre con el prop\u00f3sito de celebrar 25 a\u00f1os de gloria en el poder del tirano\u00a0Rafael Le\u00f3nidas Trujillo\u00a0en 1955. Sus aguas esplendorosas de colores de sonidos avanzados para la \u00e9poca parec\u00edan tener vida propia.<\/p>\n\n\n\n<p>Jose Rafael Paula Sosa<\/p>\n\n\n\n<p>Jose Rafael Paula Sosa (De tus contactos de Google)<\/p>\n\n\n\n<p><a target=\"_blank\" href=\"mailto:joserafael.sosa@gmail.com\" rel=\"noreferrer noopener\">joserafael.sosa@gmail.com<\/a><\/p>\n\n\n\n<p><\/p>\n","protected":false},"excerpt":{"rendered":"<p>Jos\u00e9 Rub\u00e9n Gonell Cosme,\u00a0director general de la Oficina Nacional de Derecho de Autor El director de la ONDA, en la puesta en circulaci\u00f3n del libro sobre el Merengue del Euri Cabral, &nbsp;dijo que el presidente Abinader ha trazado esa meta en coordinaci\u00f3n con el Ministerio de Turismo. Vista del acto de puesta en circulaci\u00f3n del [&hellip;]<\/p>\n","protected":false},"author":28,"featured_media":578482,"comment_status":"closed","ping_status":"closed","sticky":true,"template":"","format":"standard","meta":{"footnotes":""},"categories":[21,25],"tags":[],"class_list":["post-578478","post","type-post","status-publish","format-standard","has-post-thumbnail","hentry","category-cultura","category-gente"],"_links":{"self":[{"href":"https:\/\/diariodominicano.com\/index.php?rest_route=\/wp\/v2\/posts\/578478","targetHints":{"allow":["GET"]}}],"collection":[{"href":"https:\/\/diariodominicano.com\/index.php?rest_route=\/wp\/v2\/posts"}],"about":[{"href":"https:\/\/diariodominicano.com\/index.php?rest_route=\/wp\/v2\/types\/post"}],"author":[{"embeddable":true,"href":"https:\/\/diariodominicano.com\/index.php?rest_route=\/wp\/v2\/users\/28"}],"replies":[{"embeddable":true,"href":"https:\/\/diariodominicano.com\/index.php?rest_route=%2Fwp%2Fv2%2Fcomments&post=578478"}],"version-history":[{"count":1,"href":"https:\/\/diariodominicano.com\/index.php?rest_route=\/wp\/v2\/posts\/578478\/revisions"}],"predecessor-version":[{"id":578487,"href":"https:\/\/diariodominicano.com\/index.php?rest_route=\/wp\/v2\/posts\/578478\/revisions\/578487"}],"wp:featuredmedia":[{"embeddable":true,"href":"https:\/\/diariodominicano.com\/index.php?rest_route=\/wp\/v2\/media\/578482"}],"wp:attachment":[{"href":"https:\/\/diariodominicano.com\/index.php?rest_route=%2Fwp%2Fv2%2Fmedia&parent=578478"}],"wp:term":[{"taxonomy":"category","embeddable":true,"href":"https:\/\/diariodominicano.com\/index.php?rest_route=%2Fwp%2Fv2%2Fcategories&post=578478"},{"taxonomy":"post_tag","embeddable":true,"href":"https:\/\/diariodominicano.com\/index.php?rest_route=%2Fwp%2Fv2%2Ftags&post=578478"}],"curies":[{"name":"wp","href":"https:\/\/api.w.org\/{rel}","templated":true}]}}