{"id":578395,"date":"2024-11-28T16:38:35","date_gmt":"2024-11-28T20:38:35","guid":{"rendered":"https:\/\/diariodominicano.com\/?p=578395"},"modified":"2024-11-28T16:39:52","modified_gmt":"2024-11-28T20:39:52","slug":"la-desigualdad-que-dana","status":"publish","type":"post","link":"https:\/\/diariodominicano.com\/?p=578395","title":{"rendered":"La desigualdad que da\u00f1a"},"content":{"rendered":"\n<p>Por: Ram\u00f3n Antonio Veras.<\/p>\n\n\n\n<p>1.- El asunto de la igualdad puede ser abordado desde diferentes puntos de vista, dependiendo del objetivo perseguido en lo humano, pol\u00edtico, social y jur\u00eddico.<\/p>\n\n\n\n<p>2.- En un medio cualquiera no es dif\u00edcil alcanzar la igualdad jur\u00eddica, aunque sea de manera formal, no as\u00ed en lo real, en la realidad objetiva.<\/p>\n\n\n\n<p>3.- En sociedades con estructuras socioecon\u00f3micas como la que existe en nuestro medio, el equilibrio, la semejanza social no es posible porque la impide el mismo ordenamiento.<\/p>\n\n\n\n<p>4.- La igualdad constitucional en el pa\u00eds es una ficci\u00f3n, una apariencia para ilusionar a la mayor\u00eda de las ciudadanas y los ciudadanos de a pie.<\/p>\n\n\n\n<p>5.- Los derechos fundamentales, en la pr\u00e1ctica, no tienen el mismo sentido de igualdad para quien bien hace uso de ellos y aquellos que se limitan a conocerlos te\u00f3ricamente sin posibilidad de disfrutarlos.<\/p>\n\n\n\n<p>6.- La condici\u00f3n o cualidad de igualdad deja de ser la misma cuando se utiliza de forma te\u00f3rica o pr\u00e1ctica. Hay exactitud y uniformidad en las comunidades homog\u00e9neas, pero no en las heterog\u00e9neas.<\/p>\n\n\n\n<p>7.- Es pura ilusi\u00f3n creer que una Constituci\u00f3n pol\u00edtica como la dominicana responde a la igualdad de ciudadanas y ciudadanos, cuando aqu\u00ed hay unos que lo tienen todo y otros que carecen de lo indispensable.<\/p>\n\n\n\n<p>8.- Poner a un ser humano igual a otro para que goce real y efectivamente de los mismos derechos y libertades, entra\u00f1a que el ordenamiento econ\u00f3mico y social, cultural y jur\u00eddico es beneficioso para la sociedad en su conjunto.<\/p>\n\n\n\n<p>9.- En la actualidad, en nuestro pa\u00eds no existe la igualdad de oportunidades, de posibilidades, la actitud, el deseo de los nuestros de hacer o no hacer.<\/p>\n\n\n\n<p>10.- En el ambiente dominicano, las mujeres son las peores v\u00edctimas de la desigualdad. En su persona se concentra con mayor dureza la desemejanza de vida material y espiritual.<\/p>\n\n\n\n<p>11.- La mujer, en pa\u00edses con estructuras como la dominicana, debe integrarse a la lucha pol\u00edtica y social para liberarse del fog\u00f3n, la tiran\u00eda marital y la opresi\u00f3n que le impone el sistema.<\/p>\n\n\n\n<p>12.- La realidad ense\u00f1a a la gente que la aut\u00e9ntica igualdad solo es posible all\u00ed donde existe un r\u00e9gimen econ\u00f3mico y social que garantice a todos y a todas las mismas posibilidades materiales y culturales.<\/p>\n\n\n\n<p>13.- En el sitio donde estamos viviendo hoy, la igualdad sigue siendo un leg\u00edtimo derecho, que solo se materializar\u00e1 con el com\u00fan esfuerzo de todos aquellos que son v\u00edctimas de la desigualdad de oportunidades, que es la mayor\u00eda de la poblaci\u00f3n dominicana.<\/p>\n\n\n\n<p>14.- Es de desear que mujeres y hombres del pueblo, que est\u00e1n bajo un orden social que descansa en la desigualdad, hagan suya la lucha contra toda forma de opresi\u00f3n.<\/p>\n\n\n\n<p>15.- Hasta ahora las grandes mayor\u00edas nacionales no han comprendido que su situaci\u00f3n de pobreza es causada por la desigualdad de oportunidades, que es la misma que convierte a Am\u00e9rica Latina y el Caribe en la regi\u00f3n m\u00e1s desigual del planeta tierra.<\/p>\n\n\n\n<p>16.- Cuando hablamos de desigualdad, hay que aclarar bien el concepto, porque la diferencia de sexo, color, etnia y nacionalidad no es la que hunde a los pueblos en la pobreza, sino la desigualdad de oportunidades.<\/p>\n\n\n\n<p>Santiago de los Caballeros,<br>28 de noviembre de 2024.<\/p>\n","protected":false},"excerpt":{"rendered":"<p>Por: Ram\u00f3n Antonio Veras. 1.- El asunto de la igualdad puede ser abordado desde diferentes puntos de vista, dependiendo del objetivo perseguido en lo humano, pol\u00edtico, social y jur\u00eddico. 2.- En un medio cualquiera no es dif\u00edcil alcanzar la igualdad jur\u00eddica, aunque sea de manera formal, no as\u00ed en lo real, en la realidad objetiva. [&hellip;]<\/p>\n","protected":false},"author":7,"featured_media":404710,"comment_status":"closed","ping_status":"closed","sticky":false,"template":"","format":"standard","meta":{"footnotes":""},"categories":[16],"tags":[426],"class_list":["post-578395","post","type-post","status-publish","format-standard","has-post-thumbnail","hentry","category-opiniones","tag-ramon-antonio-veras"],"_links":{"self":[{"href":"https:\/\/diariodominicano.com\/index.php?rest_route=\/wp\/v2\/posts\/578395","targetHints":{"allow":["GET"]}}],"collection":[{"href":"https:\/\/diariodominicano.com\/index.php?rest_route=\/wp\/v2\/posts"}],"about":[{"href":"https:\/\/diariodominicano.com\/index.php?rest_route=\/wp\/v2\/types\/post"}],"author":[{"embeddable":true,"href":"https:\/\/diariodominicano.com\/index.php?rest_route=\/wp\/v2\/users\/7"}],"replies":[{"embeddable":true,"href":"https:\/\/diariodominicano.com\/index.php?rest_route=%2Fwp%2Fv2%2Fcomments&post=578395"}],"version-history":[{"count":1,"href":"https:\/\/diariodominicano.com\/index.php?rest_route=\/wp\/v2\/posts\/578395\/revisions"}],"predecessor-version":[{"id":578434,"href":"https:\/\/diariodominicano.com\/index.php?rest_route=\/wp\/v2\/posts\/578395\/revisions\/578434"}],"wp:featuredmedia":[{"embeddable":true,"href":"https:\/\/diariodominicano.com\/index.php?rest_route=\/wp\/v2\/media\/404710"}],"wp:attachment":[{"href":"https:\/\/diariodominicano.com\/index.php?rest_route=%2Fwp%2Fv2%2Fmedia&parent=578395"}],"wp:term":[{"taxonomy":"category","embeddable":true,"href":"https:\/\/diariodominicano.com\/index.php?rest_route=%2Fwp%2Fv2%2Fcategories&post=578395"},{"taxonomy":"post_tag","embeddable":true,"href":"https:\/\/diariodominicano.com\/index.php?rest_route=%2Fwp%2Fv2%2Ftags&post=578395"}],"curies":[{"name":"wp","href":"https:\/\/api.w.org\/{rel}","templated":true}]}}