{"id":578379,"date":"2024-11-28T14:03:05","date_gmt":"2024-11-28T18:03:05","guid":{"rendered":"https:\/\/diariodominicano.com\/?p=578379"},"modified":"2024-11-28T14:04:02","modified_gmt":"2024-11-28T18:04:02","slug":"israel-impugnara-orden-de-arresto-de-cpi-contra-netanyahu-y-un-exministro","status":"publish","type":"post","link":"https:\/\/diariodominicano.com\/?p=578379","title":{"rendered":"Israel impugnar\u00e1 orden de arresto de CPI contra Netanyahu y un exministro"},"content":{"rendered":"\n<p>ARCHIVO &#8211; El primer ministro israel\u00ed, Benjam\u00edn Netanyahu, habla en el pleno, durante una discusi\u00f3n sobre el tema de los rehenes secuestrados durante el mortal ataque del 7 de octubre de 2023, en el parlamento de Israel, el Knesset, en Jerusal\u00e9n, el 18 de noviembre de 2024.<\/p>\n\n\n\n<p>noviembre 27, 2024<\/p>\n\n\n\n<ul class=\"wp-block-list\">\n<li><a href=\"https:\/\/www.vozdeamerica.com\/author\/reuters\/riv_i\">Reuters<\/a><\/li>\n<\/ul>\n\n\n\n<ul class=\"wp-block-list\">\n<li><a href=\"https:\/\/facebook.com\/sharer.php?u=https%3a%2f%2fwww.vozdeamerica.com%2fa%2fisrael-comunicado-cpi-impugnara-ordenes-detencion-dice-netanyahu-%2f7879226.html\" target=\"_blank\" rel=\"noreferrer noopener\"><\/a><\/li>\n\n\n\n<li><a href=\"https:\/\/twitter.com\/share?url=https%3a%2f%2fwww.vozdeamerica.com%2fa%2fisrael-comunicado-cpi-impugnara-ordenes-detencion-dice-netanyahu-%2f7879226.html&amp;text=Israel+impugnar%c3%a1+orden+de+arresto+de+CPI+contra+Netanyahu+y+un+exministro\" target=\"_blank\" rel=\"noreferrer noopener\"><\/a><\/li>\n\n\n\n<li><\/li>\n\n\n\n<li><a href=\"mailto:?body=https%3a%2f%2fwww.vozdeamerica.com%2fa%2fisrael-comunicado-cpi-impugnara-ordenes-detencion-dice-netanyahu-%2f7879226.html&amp;subject=Israel%20impugnar%C3%A1%20orden%20de%20arresto%20de%20CPI%20contra%20Netanyahu%20y%20un%20exministro\"><\/a><\/li>\n<\/ul>\n\n\n\n<p><a href=\"https:\/\/www.vozdeamerica.com\/a\/israel-comunicado-cpi-impugnara-ordenes-detencion-dice-netanyahu-\/7879226.html#comments\">&nbsp;Vea comentarios<\/a><\/p>\n\n\n\n<p>Israel comunic\u00f3 a la Corte Penal Internacional que impugnar\u00e1 las \u00f3rdenes de arresto contra Benjam\u00edn Netanyahu y su ex ministro de Defensa Yoav Gallant.<\/p>\n\n\n\n<p>JERUSAL\u00c9N \u2014&nbsp;<\/p>\n\n\n\n<p><em>Israel anunci\u00f3 que impugnar\u00e1 las \u00f3rdenes de arresto emitidas por la Corte Penal Internacional contra Benjam\u00edn Netanyahu y su ex ministro de Defensa Yoav Gallant.<\/em><\/p>\n\n\n\n<p>Israel inform\u00f3 a la Corte Penal Internacional que impugnar\u00e1 las&nbsp;<strong><em><a href=\"https:\/\/www.vozdeamerica.com\/a\/la-corte-penal-internacional-emite-ordenes-de-arresto-contra-netanyahu-y-mandos-de-hamas\/7871838.html\" target=\"_blank\" rel=\"noreferrer noopener\">\u00f3rdenes de detenci\u00f3n contra Benjam\u00edn Netanyahu<\/a><\/em><\/strong>&nbsp;y su ex ministro de Defensa Yoav Gallant por su actuaci\u00f3n en la guerra de Gaza, inform\u00f3 el mi\u00e9rcoles la oficina del primer ministro.<\/p>\n\n\n\n<p>La oficina tambi\u00e9n dijo que el senador republicano estadounidense Lindsey Graham hab\u00eda puesto al d\u00eda a Netanyahu \u00absobre una serie de medidas que est\u00e1 promoviendo en el Congreso de Estados Unidos contra la Corte Penal Internacional y contra los pa\u00edses que cooperar\u00edan con ella\u00bb.<\/p>\n\n\n\n<p>La CPI dict\u00f3 la semana pasada \u00f3rdenes de detenci\u00f3n contra Netanyahu, su ex jefe de Defensa y el l\u00edder militar de Ham\u00e1s Ibrahim Al-Masri, conocido como Mohammed Deif, por presuntos cr\u00edmenes de guerra y cr\u00edmenes contra la humanidad en el conflicto de Gaza.<\/p>\n\n\n\n<p><strong><em><a href=\"https:\/\/www.vozdeamerica.com\/a\/autoridades-israelies-expresan-su-preocupacion-por-posibles-ordenes-de-arresto-internacional\/7589158.html\" target=\"_blank\" rel=\"noreferrer noopener\">Israel ha rechazado la jurisdicci\u00f3n<\/a><\/em><\/strong>&nbsp;del tribunal con sede en La Haya y niega cr\u00edmenes de guerra en Gaza.<\/p>\n\n\n\n<p><a href=\"https:\/\/www.vozdeamerica.com\/a\/resolucion-1701-de-la-onu-clave-en-el-cese-del-fuego-entre-israel-y-hezbola-que-es-\/7878641.html\"><\/a><\/p>\n\n\n\n<p><a href=\"https:\/\/www.vozdeamerica.com\/a\/resolucion-1701-de-la-onu-clave-en-el-cese-del-fuego-entre-israel-y-hezbola-que-es-\/7878641.html\">Tambi\u00e9n lea<\/a><\/p>\n\n\n\n<h4 class=\"wp-block-heading\"><a href=\"https:\/\/www.vozdeamerica.com\/a\/resolucion-1701-de-la-onu-clave-en-el-cese-del-fuego-entre-israel-y-hezbola-que-es-\/7878641.html\">\u00bfQu\u00e9 estipula la resoluci\u00f3n 1701 de la ONU, clave en el cese al fuego entre Israel y Hezbol\u00e1?<\/a><\/h4>\n\n\n\n<p>\u00abIsrael present\u00f3 hoy una notificaci\u00f3n a la Corte Penal Internacional de su intenci\u00f3n de apelar ante el tribunal, junto con una demanda para retrasar la ejecuci\u00f3n de las \u00f3rdenes de detenci\u00f3n\u00bb, dijo la oficina de Netanyahu.<\/p>\n\n\n\n<p>El portavoz de la Corte, Fadi El Abdallah, dijo a periodistas que si se presentaban solicitudes de apelaci\u00f3n, corresponder\u00eda a los jueces decidir al respecto.<\/p>\n\n\n\n<p>Las normas del tribunal permiten que el Consejo de Seguridad de la ONU adopte una resoluci\u00f3n que suspenda o aplace una investigaci\u00f3n o un procesamiento durante un a\u00f1o, con la posibilidad de renovarla anualmente.<\/p>\n\n\n\n<p>Tras la emisi\u00f3n de una orden de detenci\u00f3n, el pa\u00eds implicado o una persona nombrada tambi\u00e9n pueden impugnar la jurisdicci\u00f3n del tribunal o la admisibilidad del caso.<\/p>\n","protected":false},"excerpt":{"rendered":"<p>ARCHIVO &#8211; El primer ministro israel\u00ed, Benjam\u00edn Netanyahu, habla en el pleno, durante una discusi\u00f3n sobre el tema de los rehenes secuestrados durante el mortal ataque del 7 de octubre de 2023, en el parlamento de Israel, el Knesset, en Jerusal\u00e9n, el 18 de noviembre de 2024. noviembre 27, 2024 &nbsp;Vea comentarios Israel comunic\u00f3 a [&hellip;]<\/p>\n","protected":false},"author":28,"featured_media":578380,"comment_status":"closed","ping_status":"closed","sticky":true,"template":"","format":"standard","meta":{"footnotes":""},"categories":[23,24],"tags":[],"class_list":["post-578379","post","type-post","status-publish","format-standard","has-post-thumbnail","hentry","category-internacional","category-justicia-y-derecho"],"_links":{"self":[{"href":"https:\/\/diariodominicano.com\/index.php?rest_route=\/wp\/v2\/posts\/578379","targetHints":{"allow":["GET"]}}],"collection":[{"href":"https:\/\/diariodominicano.com\/index.php?rest_route=\/wp\/v2\/posts"}],"about":[{"href":"https:\/\/diariodominicano.com\/index.php?rest_route=\/wp\/v2\/types\/post"}],"author":[{"embeddable":true,"href":"https:\/\/diariodominicano.com\/index.php?rest_route=\/wp\/v2\/users\/28"}],"replies":[{"embeddable":true,"href":"https:\/\/diariodominicano.com\/index.php?rest_route=%2Fwp%2Fv2%2Fcomments&post=578379"}],"version-history":[{"count":2,"href":"https:\/\/diariodominicano.com\/index.php?rest_route=\/wp\/v2\/posts\/578379\/revisions"}],"predecessor-version":[{"id":578383,"href":"https:\/\/diariodominicano.com\/index.php?rest_route=\/wp\/v2\/posts\/578379\/revisions\/578383"}],"wp:featuredmedia":[{"embeddable":true,"href":"https:\/\/diariodominicano.com\/index.php?rest_route=\/wp\/v2\/media\/578380"}],"wp:attachment":[{"href":"https:\/\/diariodominicano.com\/index.php?rest_route=%2Fwp%2Fv2%2Fmedia&parent=578379"}],"wp:term":[{"taxonomy":"category","embeddable":true,"href":"https:\/\/diariodominicano.com\/index.php?rest_route=%2Fwp%2Fv2%2Fcategories&post=578379"},{"taxonomy":"post_tag","embeddable":true,"href":"https:\/\/diariodominicano.com\/index.php?rest_route=%2Fwp%2Fv2%2Ftags&post=578379"}],"curies":[{"name":"wp","href":"https:\/\/api.w.org\/{rel}","templated":true}]}}