{"id":578368,"date":"2024-11-28T13:53:24","date_gmt":"2024-11-28T17:53:24","guid":{"rendered":"https:\/\/diariodominicano.com\/?p=578368"},"modified":"2024-11-28T13:53:29","modified_gmt":"2024-11-28T17:53:29","slug":"desfile-del-dia-de-accion-de-gracias-de-macys-globos-gigantes-clima-lluvioso-y-21-manifestantes-arrestados","status":"publish","type":"post","link":"https:\/\/diariodominicano.com\/?p=578368","title":{"rendered":"Desfile del D\u00eda de Acci\u00f3n de Gracias de Macy\u2019s: globos gigantes, clima lluvioso y 21 manifestantes arrestados"},"content":{"rendered":"\n<p>El globo de Minnie Mouse flota durante el desfile anual del D\u00eda de Acci\u00f3n de Gracias de Macy&#8217;s en la ciudad de Nueva York el 28 de noviembre de 2024. (Foto de CHARLY TRIBALLEAU \/ AFP)<\/p>\n\n\n\n<p>noviembre 28, 2024<\/p>\n\n\n\n<ul class=\"wp-block-list\">\n<li><a href=\"https:\/\/www.vozdeamerica.com\/author\/associated-press\/v_kyr\">Associated Press<\/a><\/li>\n<\/ul>\n\n\n\n<ul class=\"wp-block-list\">\n<li><a href=\"https:\/\/facebook.com\/sharer.php?u=https%3a%2f%2fwww.vozdeamerica.com%2fa%2fun-siglo-despues-primer-recorrido-por-manhattan-desfile-dia-accion-de-gracias-macys-%2f7880015.html\" target=\"_blank\" rel=\"noreferrer noopener\"><\/a><\/li>\n\n\n\n<li><a href=\"https:\/\/twitter.com\/share?url=https%3a%2f%2fwww.vozdeamerica.com%2fa%2fun-siglo-despues-primer-recorrido-por-manhattan-desfile-dia-accion-de-gracias-macys-%2f7880015.html&amp;text=Desfile+del+D%c3%ada+de+Acci%c3%b3n+de+Gracias+de+Macy%e2%80%99s%3a+globos+gigantes%2c+clima+lluvioso+y+21+manifestantes+arrestados\" target=\"_blank\" rel=\"noreferrer noopener\"><\/a><\/li>\n\n\n\n<li><\/li>\n\n\n\n<li><a href=\"mailto:?body=https%3a%2f%2fwww.vozdeamerica.com%2fa%2fun-siglo-despues-primer-recorrido-por-manhattan-desfile-dia-accion-de-gracias-macys-%2f7880015.html&amp;subject=Desfile%20del%20D%C3%ADa%20de%20Acci%C3%B3n%20de%20Gracias%20de%20Macy%E2%80%99s:%20globos%20gigantes,%20clima%20lluvioso%20y%2021%20manifestantes%20arrestados\"><\/a><\/li>\n<\/ul>\n\n\n\n<p><a href=\"https:\/\/www.vozdeamerica.com\/a\/un-siglo-despues-primer-recorrido-por-manhattan-desfile-dia-accion-de-gracias-macys-\/7880015.html#comments\">&nbsp;Vea comentarios<\/a><\/p>\n\n\n\n<p>El desfile del D\u00eda de Acci\u00f3n de Gracias de Macy\u2019s, la tradici\u00f3n navide\u00f1a anual, cumple 100 a\u00f1os y para celebrar la ocasi\u00f3n cuenta con nuevos globos de Spider-Man y Minnie Mouse, y m\u00e1s.<\/p>\n\n\n\n<p>Nueva York \u2014&nbsp;<\/p>\n\n\n\n<p>El desfile del D\u00eda de Acci\u00f3n de Gracias de Macy&#8217;s estuvo empapado por la lluvia el jueves y fue interrumpido brevemente por manifestantes pro palestinos.<\/p>\n\n\n\n<p>La polic\u00eda de la ciudad de Nueva York dijo que arrest\u00f3 a 21 personas despu\u00e9s de que los manifestantes se sentaran en la ruta del desfile con banderas palestinas y una pancarta que dec\u00eda \u00abNo celebren el genocidio\u00bb.<\/p>\n\n\n\n<p>Las personas que protestaban contra la guerra de Israel en Gaza tambi\u00e9n interrumpieron el desfile del a\u00f1o pasado.<\/p>\n\n\n\n<figure class=\"wp-block-image\"><img decoding=\"async\" src=\"https:\/\/gdb.voanews.com\/bd60ad36-f79e-4678-98f3-7a5b191f3e8f_w650_r0_s.jpg\" alt=\"La gente protesta durante el 98\u00ba desfile del D\u00eda de Acci\u00f3n de Gracias de Macy's en la ciudad de Nueva York, EE. UU., el 28 de noviembre de 2024. REUTERS\/Brendan McDermid\"\/><figcaption class=\"wp-element-caption\">La gente protesta durante el 98\u00ba desfile del D\u00eda de Acci\u00f3n de Gracias de Macy&#8217;s en la ciudad de Nueva York, EE. UU., el 28 de noviembre de 2024. REUTERS\/Brendan McDermid<\/figcaption><\/figure>\n\n\n\n<p>Debido al clima h\u00famedo, el desfile de este a\u00f1o cont\u00f3 con muchos ponchos y paraguas junto con la alineaci\u00f3n habitual de globos gigantes, carrozas y actuaciones repletas de estrellas.<\/p>\n\n\n\n<p><a href=\"https:\/\/www.vozdeamerica.com\/a\/dia-de-accion-de-gracias-cathedral-kitchen-o-la-magia-de-una-comida-caliente-para-espantar-la-soledad\/7877747.html\"><\/a><\/p>\n\n\n\n<p><a href=\"https:\/\/www.vozdeamerica.com\/a\/dia-de-accion-de-gracias-cathedral-kitchen-o-la-magia-de-una-comida-caliente-para-espantar-la-soledad\/7877747.html\">Tambi\u00e9n lea<\/a><\/p>\n\n\n\n<h4 class=\"wp-block-heading\"><a href=\"https:\/\/www.vozdeamerica.com\/a\/dia-de-accion-de-gracias-cathedral-kitchen-o-la-magia-de-una-comida-caliente-para-espantar-la-soledad\/7877747.html\">D\u00eda de Acci\u00f3n de Gracias: Cathedral Kitchen o la magia de una comida caliente para espantar la soledad<\/a><\/h4>\n\n\n\n<p>La \u00faltima edici\u00f3n de la tradici\u00f3n navide\u00f1a anual present\u00f3 nuevos globos de Spider-Man y Minnie Mouse, carrozas con temas de zool\u00f3gico y pasta, una oda al caf\u00e9 y los bagels de la Gran Manzana, actuaciones de Jennifer Hudson, Idina Menzel y Kylie Minogue, y m\u00e1s.<\/p>\n\n\n\n<p>La alineaci\u00f3n est\u00e1 muy lejos de la encarnaci\u00f3n inicial del desfile hace un siglo, que inclu\u00eda carrozas que mostraban escenas de Mam\u00e1 Ganso, Caperucita Roja y el Lobo, Miss Muffet y la Ara\u00f1a y otros cuentos de hadas. Sin embargo, algunas cosas siguen siendo iguales. Como en 1924, hay muchas bandas de m\u00fasica y muchos payasos, seguidos por el gran final de Pap\u00e1 Noel cabalgando por Manhattan y marcando el comienzo de la temporada navide\u00f1a.<\/p>\n\n\n\n<p>Sin embargo, algunas cosas siguen siendo iguales. Como en 1924, habr\u00e1 muchas bandas de m\u00fasica y muchos payasos, seguidos de la gran final con Santa Claus cabalgando por Manhattan y dando inicio a la temporada navide\u00f1a.<\/p>\n\n\n\n<p>El desfile de este a\u00f1o cuenta con 17 globos gigantes llenos de helio, 22 carrozas, 15 inflables novedosos y tradicionales, 11 bandas de m\u00fasica, 700 payasos, 10 grupos de actuaci\u00f3n, cantantes y actores galardonados y el campe\u00f3n de la WNBA, New York Liberty.<\/p>\n\n\n\n<p>Una nueva carroza destacar\u00e1 la marca de alimentos Rao&#8217;s, con un caballero y un drag\u00f3n en batalla hechos con elementos de pasta reales. Otra celebrar\u00e1 el 125 aniversario del Zool\u00f3gico del Bronx con representaciones de un tigre, una jirafa, una cebra y un gorila.<\/p>\n\n\n\n<p>\u201cEl trabajo que hacemos, la oportunidad de impactar a millones de personas y llevar un poco de alegr\u00eda por un par de horas en la ma\u00f1ana de Acci\u00f3n de Gracias, es lo que nos motiva todos los d\u00edas\u201d, dijo Will Coss, productor ejecutivo del Desfile del D\u00eda de Acci\u00f3n de Gracias de Macy&#8217;s.<\/p>\n\n\n\n<figure class=\"wp-block-image\"><img decoding=\"async\" src=\"https:\/\/gdb.voanews.com\/1b1f5f8a-0563-42ec-a68f-1c93af773ce3_w650_r0_s.jpg\" alt=\"El globo de Spider-Man se prepara un d\u00eda antes del Desfile del D\u00eda de Acci\u00f3n de Gracias de Macy's en la ciudad de Nueva York, EE. UU., El 27 de noviembre de 2024. REUTERS\/Kent Edwards IM\u00c1GENES TPX DEL D\u00cdA\"\/><figcaption class=\"wp-element-caption\">El globo de Spider-Man se prepara un d\u00eda antes del Desfile del D\u00eda de Acci\u00f3n de Gracias de Macy&#8217;s en la ciudad de Nueva York, EE. UU., El 27 de noviembre de 2024. REUTERS\/Kent Edwards IM\u00c1GENES TPX DEL D\u00cdA<\/figcaption><\/figure>\n\n\n\n<p>El desfile comenz\u00f3 a las 8:30 a.m. en el Upper West Side de Manhattan y termin\u00f3 a 4 kil\u00f3metros de distancia alrededor del mediod\u00eda en la tienda insignia de Macy&#8217;s en Herald Square en la calle 34, que sirve como escenario y tel\u00f3n de fondo para las actuaciones.<\/p>\n","protected":false},"excerpt":{"rendered":"<p>El globo de Minnie Mouse flota durante el desfile anual del D\u00eda de Acci\u00f3n de Gracias de Macy&#8217;s en la ciudad de Nueva York el 28 de noviembre de 2024. (Foto de CHARLY TRIBALLEAU \/ AFP) noviembre 28, 2024 &nbsp;Vea comentarios El desfile del D\u00eda de Acci\u00f3n de Gracias de Macy\u2019s, la tradici\u00f3n navide\u00f1a anual, [&hellip;]<\/p>\n","protected":false},"author":28,"featured_media":578369,"comment_status":"closed","ping_status":"closed","sticky":true,"template":"","format":"standard","meta":{"footnotes":""},"categories":[25,23],"tags":[],"class_list":["post-578368","post","type-post","status-publish","format-standard","has-post-thumbnail","hentry","category-gente","category-internacional"],"_links":{"self":[{"href":"https:\/\/diariodominicano.com\/index.php?rest_route=\/wp\/v2\/posts\/578368","targetHints":{"allow":["GET"]}}],"collection":[{"href":"https:\/\/diariodominicano.com\/index.php?rest_route=\/wp\/v2\/posts"}],"about":[{"href":"https:\/\/diariodominicano.com\/index.php?rest_route=\/wp\/v2\/types\/post"}],"author":[{"embeddable":true,"href":"https:\/\/diariodominicano.com\/index.php?rest_route=\/wp\/v2\/users\/28"}],"replies":[{"embeddable":true,"href":"https:\/\/diariodominicano.com\/index.php?rest_route=%2Fwp%2Fv2%2Fcomments&post=578368"}],"version-history":[{"count":1,"href":"https:\/\/diariodominicano.com\/index.php?rest_route=\/wp\/v2\/posts\/578368\/revisions"}],"predecessor-version":[{"id":578370,"href":"https:\/\/diariodominicano.com\/index.php?rest_route=\/wp\/v2\/posts\/578368\/revisions\/578370"}],"wp:featuredmedia":[{"embeddable":true,"href":"https:\/\/diariodominicano.com\/index.php?rest_route=\/wp\/v2\/media\/578369"}],"wp:attachment":[{"href":"https:\/\/diariodominicano.com\/index.php?rest_route=%2Fwp%2Fv2%2Fmedia&parent=578368"}],"wp:term":[{"taxonomy":"category","embeddable":true,"href":"https:\/\/diariodominicano.com\/index.php?rest_route=%2Fwp%2Fv2%2Fcategories&post=578368"},{"taxonomy":"post_tag","embeddable":true,"href":"https:\/\/diariodominicano.com\/index.php?rest_route=%2Fwp%2Fv2%2Ftags&post=578368"}],"curies":[{"name":"wp","href":"https:\/\/api.w.org\/{rel}","templated":true}]}}