{"id":578350,"date":"2024-11-28T12:06:03","date_gmt":"2024-11-28T16:06:03","guid":{"rendered":"https:\/\/diariodominicano.com\/?p=578350"},"modified":"2024-11-28T12:06:12","modified_gmt":"2024-11-28T16:06:12","slug":"presidenta-de-mexico-plantea-a-trump-poner-fin-al-bloqueo-a-cuba","status":"publish","type":"post","link":"https:\/\/diariodominicano.com\/?p=578350","title":{"rendered":"Presidenta de M\u00e9xico plantea a Trump poner fin al bloqueo a Cuba"},"content":{"rendered":"\n<p>diariodominicano.com<\/p>\n\n\n\n<p>Ciudad de M\u00e9xico, 28 nov (Prensa Latina) La presidenta de M\u00e9xico, Claudia Sheinbaum, afirm\u00f3 hoy que plante\u00f3 al mandatario electo de Estados Unidos, Donald Trump, acabar con los bloqueos econ\u00f3micos contra Cuba y Venezuela impuestos por ese pa\u00eds norte\u00f1o.<\/p>\n\n\n\n<p>Al referirse en su habitual conferencia de prensa a la conversaci\u00f3n sostenida ayer con el pol\u00edtico, la dignataria se\u00f1al\u00f3 que esos cercos \u201clo que hacen es que sufran los pueblos y que se d\u00e9 un fen\u00f3meno como la migraci\u00f3n\u201d.<\/p>\n\n\n\n<p>Como consecuencia de esa pol\u00edtica estadounidense, Cuba sufri\u00f3 p\u00e9rdidas por cinco mil 56,8 millones de d\u00f3lares desde el 1 de marzo de 2023 hasta el 29 de febrero de 2024, refieren cifras oficiales.<\/p>\n\n\n\n<p>En seis d\u00e9cadas, las afectaciones por el bloqueo, condenado cada a\u00f1o por la inmensa mayor\u00eda de los pa\u00edses en las Naciones Unidas, superaron el bill\u00f3n 499 mil 710 millones de d\u00f3lares, tomando en cuenta el comportamiento del d\u00f3lar frente al valor del oro en el mercado internacional.<\/p>\n\n\n\n<p>mem\/las<\/p>\n","protected":false},"excerpt":{"rendered":"<p>diariodominicano.com Ciudad de M\u00e9xico, 28 nov (Prensa Latina) La presidenta de M\u00e9xico, Claudia Sheinbaum, afirm\u00f3 hoy que plante\u00f3 al mandatario electo de Estados Unidos, Donald Trump, acabar con los bloqueos econ\u00f3micos contra Cuba y Venezuela impuestos por ese pa\u00eds norte\u00f1o. Al referirse en su habitual conferencia de prensa a la conversaci\u00f3n sostenida ayer con el [&hellip;]<\/p>\n","protected":false},"author":5,"featured_media":578351,"comment_status":"closed","ping_status":"closed","sticky":true,"template":"","format":"standard","meta":{"footnotes":""},"categories":[23,27],"tags":[],"class_list":["post-578350","post","type-post","status-publish","format-standard","has-post-thumbnail","hentry","category-internacional","category-portada"],"_links":{"self":[{"href":"https:\/\/diariodominicano.com\/index.php?rest_route=\/wp\/v2\/posts\/578350","targetHints":{"allow":["GET"]}}],"collection":[{"href":"https:\/\/diariodominicano.com\/index.php?rest_route=\/wp\/v2\/posts"}],"about":[{"href":"https:\/\/diariodominicano.com\/index.php?rest_route=\/wp\/v2\/types\/post"}],"author":[{"embeddable":true,"href":"https:\/\/diariodominicano.com\/index.php?rest_route=\/wp\/v2\/users\/5"}],"replies":[{"embeddable":true,"href":"https:\/\/diariodominicano.com\/index.php?rest_route=%2Fwp%2Fv2%2Fcomments&post=578350"}],"version-history":[{"count":1,"href":"https:\/\/diariodominicano.com\/index.php?rest_route=\/wp\/v2\/posts\/578350\/revisions"}],"predecessor-version":[{"id":578352,"href":"https:\/\/diariodominicano.com\/index.php?rest_route=\/wp\/v2\/posts\/578350\/revisions\/578352"}],"wp:featuredmedia":[{"embeddable":true,"href":"https:\/\/diariodominicano.com\/index.php?rest_route=\/wp\/v2\/media\/578351"}],"wp:attachment":[{"href":"https:\/\/diariodominicano.com\/index.php?rest_route=%2Fwp%2Fv2%2Fmedia&parent=578350"}],"wp:term":[{"taxonomy":"category","embeddable":true,"href":"https:\/\/diariodominicano.com\/index.php?rest_route=%2Fwp%2Fv2%2Fcategories&post=578350"},{"taxonomy":"post_tag","embeddable":true,"href":"https:\/\/diariodominicano.com\/index.php?rest_route=%2Fwp%2Fv2%2Ftags&post=578350"}],"curies":[{"name":"wp","href":"https:\/\/api.w.org\/{rel}","templated":true}]}}