{"id":578331,"date":"2024-11-28T11:47:44","date_gmt":"2024-11-28T15:47:44","guid":{"rendered":"https:\/\/diariodominicano.com\/?p=578331"},"modified":"2024-11-28T11:47:53","modified_gmt":"2024-11-28T15:47:53","slug":"papa-francisco-confirma-su-deseo-de-visitar-nicea-en-2025-en-el-1-700-aniversario-del-concilio","status":"publish","type":"post","link":"https:\/\/diariodominicano.com\/?p=578331","title":{"rendered":"Papa Francisco confirma su deseo de visitar Nicea en 2025 en el 1.700 aniversario del Concilio"},"content":{"rendered":"\n<p>diariodominicano.com<\/p>\n\n\n\n<p>Por <strong>Almudena Mart\u00ednez-Bordi\u00fa<\/strong>, corresponsal senior de ACI Prensa y EWTN Noticias en el Vaticano\u00a0<\/p>\n\n\n\n<p>Vaticano, 28 de noviembre, 2024.-\u2002El Papa Francisco confirm\u00f3 su deseo de visitar Nicea, actual Iznik en Turqu\u00eda, en 2025 para conmemorar el 1.700 aniversario del primer Concilio Ecum\u00e9nico en la historia de la Iglesia, celebrado en el a\u00f1o 325.<\/p>\n\n\n\n<p>Durante una audiencia mantenida esta ma\u00f1ana en el Vaticano con los miembros de la Comisi\u00f3n Teol\u00f3gica Internacional que participan en su sesi\u00f3n plenaria, el Pont\u00edfice afirm\u00f3 que tiene pensado viajar a Turqu\u00eda en el marco del A\u00f1o Jubilar.&nbsp;<\/p>\n\n\n\n<p>No es la primera vez que manifiesta esta intenci\u00f3n. El pasado mes de junio, el Santo Padre asegur\u00f3 que es un viaje que quiere hacer \u201cde coraz\u00f3n\u201d durante&nbsp;<a href=\"https:\/\/www.aciprensa.com\/noticias\/105102\/papa-francisco-deseo-de-corazon-viajar-a-nicea-en-2025\" target=\"_blank\" rel=\"noreferrer noopener\">una audiencia<\/a>&nbsp;con la delegaci\u00f3n del Patriarcado Ecum\u00e9nico de Constantinopla en la que particip\u00f3 el Patriarca Bartolom\u00e9, quien habr\u00eda invitado al Pont\u00edfice a Nicea.&nbsp;<\/p>\n\n\n\n<p>El primer Concilio Ecum\u00e9nico de la historia se desarroll\u00f3 del 20 de mayo al 25 de julio del a\u00f1o 325 en Nicea y cont\u00f3 con la participaci\u00f3n de obispos de todas las regiones donde hab\u00eda cristianos.<\/p>\n\n\n\n<p>Este acontecimiento se celebr\u00f3 para lograr la unidad de la Iglesia, sacudida por la predicaci\u00f3n de Arrio, un sacerdote que negaba la verdadera divinidad de Jesucristo.&nbsp;De este acontecimiento surgi\u00f3 el conocido como&nbsp;<a href=\"https:\/\/www.aciprensa.com\/noticias\/75721\/un-dia-como-hoy-comenzo-el-concilio-donde-surgio-el-credo-niceno-constantinopolitano\" target=\"_blank\" rel=\"noreferrer noopener\"><strong><u>Credo Niceno-Constantinopolitano<\/u><\/strong><\/a>, una declaraci\u00f3n dogm\u00e1tica de los contenidos de la fe cristiana que reflejaba la fe recibida y admitida por los cristianos desde los or\u00edgenes.<\/p>\n\n\n\n<p>En su discurso de esta ma\u00f1ana, el Santo Padre subray\u00f3 la relevancia de este acontecimiento hist\u00f3rico, que \u201cconstituye un cimiento en el camino de la Iglesia y de la humanidad entera\u201d.<\/p>\n\n\n\n<p>A\u00f1adi\u00f3 que la fe en Jes\u00fas \u201ccomo Hijo de Dios hecho carne por nosotros los hombres y por nuestra salvaci\u00f3n\u201d, fue formulada en el Concilio de Nicea \u201ccomo una luz que ilumina el significado de la realidad y el destino de toda la historia\u201d.<\/p>\n\n\n\n<p>Record\u00f3 asimismo que en Nicea se declar\u00f3 que el Hijo es de la misma sustancia del Padre, una verdad que revela algo esencial: \u201cEn Jes\u00fas podemos conocer el rostro de Dios y, al mismo tiempo, el rostro del hombre, descubri\u00e9ndonos hijos en el Hijo y hermanos entre nosotros\u201d.<\/p>\n\n\n\n<p>Esta fraternidad, fundamentada en Cristo, se convierte seg\u00fan el Pont\u00edfice en una \u201cuna tarea \u00e9tica esencial\u201d, para los creyentes.<\/p>\n\n\n\n<p>El Papa Francisco tambi\u00e9n expres\u00f3 su gratitud hacia los te\u00f3logos de la Comisi\u00f3n por el trabajo realizado durante su Asamblea Plenaria para profundizar en el significado de la fe profesada en Nicea.&nbsp;<\/p>\n\n\n\n<p>El documento elaborado ser\u00e1, seg\u00fan el Santo Padre, \u201cmuy valioso para nutrir y profundizar la fe de los creyentes y, a partir de la figura de Jes\u00fas, ofrecer perspectivas y reflexiones \u00fatiles para un nuevo paradigma cultural y social, inspirado precisamente en la humanidad de Cristo\u201d.&nbsp;&nbsp;<\/p>\n\n\n\n<p>\u201cEn un mundo actualmente complejo y frecuentemente polarizado, marcado tr\u00e1gicamente por conflictos y violencia, el amor de Dios que se revela en Cristo y se nos da en el Esp\u00edritu se convierte en una llamada para todos\u201d, a\u00f1adi\u00f3.\u00a0<\/p>\n\n\n\n<p>Para el Pont\u00edfice, \u201cse trata de una exhortaci\u00f3n a aprender a caminar en la fraternidad y a ser constructores de justicia y de paz. S\u00f3lo de este modo podemos esparcir semillas de esperanza all\u00ed donde vivimos\u201d.&nbsp;<\/p>\n\n\n\n<p>El Papa Francisco tambi\u00e9n centr\u00f3 su atenci\u00f3n en la reciente XVI Asamblea Ordinaria del S\u00ednodo de los Obispos, exhortando a los te\u00f3logos a dar \u201cun paso valiente\u201d y desarrollar una \u201cteolog\u00eda de la sinodalidad\u201d:<\/p>\n\n\n\n<p>\u201cUna reflexi\u00f3n teol\u00f3gica que ayude, que anime y acompa\u00f1e el proceso sinodal, en pro de una nueva etapa misionera, m\u00e1s creativa y audaz, que est\u00e9 inspirada en el&nbsp;<em>kerygma&nbsp;<\/em>e involucre a todos los miembros de la Iglesia\u201d, precis\u00f3 el Santo Padre.&nbsp;<\/p>\n\n\n\n<p>Asimismo, les invit\u00f3 a \u201cvolver a poner a Cristo en el centro\u201d para reavivar la esperanza, una tarea a la que est\u00e1 llamada la teolog\u00eda, \u201cllevando a cabo un trabajo constante y sabio, en el di\u00e1logo con todos los dem\u00e1s saberes\u201d.<\/p>\n\n\n\n<p><\/p>\n","protected":false},"excerpt":{"rendered":"<p>diariodominicano.com Por Almudena Mart\u00ednez-Bordi\u00fa, corresponsal senior de ACI Prensa y EWTN Noticias en el Vaticano\u00a0 Vaticano, 28 de noviembre, 2024.-\u2002El Papa Francisco confirm\u00f3 su deseo de visitar Nicea, actual Iznik en Turqu\u00eda, en 2025 para conmemorar el 1.700 aniversario del primer Concilio Ecum\u00e9nico en la historia de la Iglesia, celebrado en el a\u00f1o 325. Durante [&hellip;]<\/p>\n","protected":false},"author":5,"featured_media":578333,"comment_status":"closed","ping_status":"closed","sticky":true,"template":"","format":"standard","meta":{"footnotes":""},"categories":[23,27],"tags":[],"class_list":["post-578331","post","type-post","status-publish","format-standard","has-post-thumbnail","hentry","category-internacional","category-portada"],"_links":{"self":[{"href":"https:\/\/diariodominicano.com\/index.php?rest_route=\/wp\/v2\/posts\/578331","targetHints":{"allow":["GET"]}}],"collection":[{"href":"https:\/\/diariodominicano.com\/index.php?rest_route=\/wp\/v2\/posts"}],"about":[{"href":"https:\/\/diariodominicano.com\/index.php?rest_route=\/wp\/v2\/types\/post"}],"author":[{"embeddable":true,"href":"https:\/\/diariodominicano.com\/index.php?rest_route=\/wp\/v2\/users\/5"}],"replies":[{"embeddable":true,"href":"https:\/\/diariodominicano.com\/index.php?rest_route=%2Fwp%2Fv2%2Fcomments&post=578331"}],"version-history":[{"count":1,"href":"https:\/\/diariodominicano.com\/index.php?rest_route=\/wp\/v2\/posts\/578331\/revisions"}],"predecessor-version":[{"id":578337,"href":"https:\/\/diariodominicano.com\/index.php?rest_route=\/wp\/v2\/posts\/578331\/revisions\/578337"}],"wp:featuredmedia":[{"embeddable":true,"href":"https:\/\/diariodominicano.com\/index.php?rest_route=\/wp\/v2\/media\/578333"}],"wp:attachment":[{"href":"https:\/\/diariodominicano.com\/index.php?rest_route=%2Fwp%2Fv2%2Fmedia&parent=578331"}],"wp:term":[{"taxonomy":"category","embeddable":true,"href":"https:\/\/diariodominicano.com\/index.php?rest_route=%2Fwp%2Fv2%2Fcategories&post=578331"},{"taxonomy":"post_tag","embeddable":true,"href":"https:\/\/diariodominicano.com\/index.php?rest_route=%2Fwp%2Fv2%2Ftags&post=578331"}],"curies":[{"name":"wp","href":"https:\/\/api.w.org\/{rel}","templated":true}]}}