{"id":578295,"date":"2024-11-28T10:07:09","date_gmt":"2024-11-28T14:07:09","guid":{"rendered":"https:\/\/diariodominicano.com\/?p=578295"},"modified":"2024-11-28T10:07:43","modified_gmt":"2024-11-28T14:07:43","slug":"amenaza-arancelaria-de-trump-perjudicaria-a-los-trabajadores-canadienses-y-estadounidenses-trudeau","status":"publish","type":"post","link":"https:\/\/diariodominicano.com\/?p=578295","title":{"rendered":"Amenaza arancelaria de Trump perjudicar\u00eda a los trabajadores canadienses y estadounidenses: Trudeau"},"content":{"rendered":"\n<p>diariodominicano.com<\/p>\n\n\n\n<p>OTTAWA, 28 nov (Xinhua) &#8212; El primer ministro canadiense, Justin Trudeau, advirti\u00f3 el mi\u00e9rcoles que la imposici\u00f3n de un arancel del 25 por ciento ser\u00eda perjudicial tanto para los trabajadores canadienses como para los estadounidenses, y provocar\u00eda p\u00e9rdidas de empleo en ambos lados. de la frontera, en respuesta a la amenaza arancelaria del presidente electo de Estados Unidos, Donald Trump. Trudeau celebr\u00f3 el mi\u00e9rcoles por la noche una reuni\u00f3n virtual con los 13 primeros ministros provinciales para discutir la amenaza arancelaria de Trump, seg\u00fan un comunicado emitido por la oficina del primer ministro canadiense. La viceprimera ministra Chrystia Freeland pidi\u00f3 a los jefes de Gobierno de las provincias del pa\u00eds que utilicen todos sus contactos, canales y capacidades para transmitir informaci\u00f3n y mensajes importantes a los estadounidenses y las personas influyentes. Acordaron seguir colaborando estrechamente para defender los intereses de Canad\u00e1 y los profundos lazos econ\u00f3micos que impulsan la prosperidad a ambos lados de la frontera, en todos los sectores de la econom\u00eda. Trump prometi\u00f3 el lunes imponer un arancel del 25 por ciento a todos los productos procedentes de Canad\u00e1 y M\u00e9xico en cuanto asuma el cargo, y dijo que las medidas se mantendr\u00e1n hasta que ambos pa\u00edses tomen en\u00e9rgicas contra las drogas y los inmigrantes que ingresan ilegalmente en Estados Unidos. desde sus territorios. En los nueve primeros meses de este a\u00f1o, Canad\u00e1 export\u00f3 m\u00e1s de 300.000 millones de d\u00f3lares en mercanc\u00edas a Estados Unidos, seg\u00fan Statistics Canada.<\/p>\n","protected":false},"excerpt":{"rendered":"<p>diariodominicano.com OTTAWA, 28 nov (Xinhua) &#8212; El primer ministro canadiense, Justin Trudeau, advirti\u00f3 el mi\u00e9rcoles que la imposici\u00f3n de un arancel del 25 por ciento ser\u00eda perjudicial tanto para los trabajadores canadienses como para los estadounidenses, y provocar\u00eda p\u00e9rdidas de empleo en ambos lados. de la frontera, en respuesta a la amenaza arancelaria del presidente [&hellip;]<\/p>\n","protected":false},"author":5,"featured_media":578296,"comment_status":"closed","ping_status":"closed","sticky":true,"template":"","format":"standard","meta":{"footnotes":""},"categories":[23,27],"tags":[],"class_list":["post-578295","post","type-post","status-publish","format-standard","has-post-thumbnail","hentry","category-internacional","category-portada"],"_links":{"self":[{"href":"https:\/\/diariodominicano.com\/index.php?rest_route=\/wp\/v2\/posts\/578295","targetHints":{"allow":["GET"]}}],"collection":[{"href":"https:\/\/diariodominicano.com\/index.php?rest_route=\/wp\/v2\/posts"}],"about":[{"href":"https:\/\/diariodominicano.com\/index.php?rest_route=\/wp\/v2\/types\/post"}],"author":[{"embeddable":true,"href":"https:\/\/diariodominicano.com\/index.php?rest_route=\/wp\/v2\/users\/5"}],"replies":[{"embeddable":true,"href":"https:\/\/diariodominicano.com\/index.php?rest_route=%2Fwp%2Fv2%2Fcomments&post=578295"}],"version-history":[{"count":2,"href":"https:\/\/diariodominicano.com\/index.php?rest_route=\/wp\/v2\/posts\/578295\/revisions"}],"predecessor-version":[{"id":578298,"href":"https:\/\/diariodominicano.com\/index.php?rest_route=\/wp\/v2\/posts\/578295\/revisions\/578298"}],"wp:featuredmedia":[{"embeddable":true,"href":"https:\/\/diariodominicano.com\/index.php?rest_route=\/wp\/v2\/media\/578296"}],"wp:attachment":[{"href":"https:\/\/diariodominicano.com\/index.php?rest_route=%2Fwp%2Fv2%2Fmedia&parent=578295"}],"wp:term":[{"taxonomy":"category","embeddable":true,"href":"https:\/\/diariodominicano.com\/index.php?rest_route=%2Fwp%2Fv2%2Fcategories&post=578295"},{"taxonomy":"post_tag","embeddable":true,"href":"https:\/\/diariodominicano.com\/index.php?rest_route=%2Fwp%2Fv2%2Ftags&post=578295"}],"curies":[{"name":"wp","href":"https:\/\/api.w.org\/{rel}","templated":true}]}}