{"id":578283,"date":"2024-11-28T01:11:07","date_gmt":"2024-11-28T05:11:07","guid":{"rendered":"https:\/\/diariodominicano.com\/?p=578283"},"modified":"2024-11-28T01:11:53","modified_gmt":"2024-11-28T05:11:53","slug":"china-lanza-cohete-portador-zq-2-modificado","status":"publish","type":"post","link":"https:\/\/diariodominicano.com\/?p=578283","title":{"rendered":"China lanza cohete portador ZQ-2 modificado"},"content":{"rendered":"\n<p><em>spanish.news.cn<\/em>|<em>&nbsp;2024-11-27 12:40:00<\/em>|<\/p>\n\n\n\n<p>&nbsp;(Xinhua\/Wang Jiangbo)<\/p>\n\n\n\n<p>JIUQUAN, 27 nov (Xinhua) &#8212; China lanz\u00f3 hoy mi\u00e9rcoles con \u00e9xito al espacio el cohete portador ZQ-2 Y-1 modificado desde una zona piloto de innovaci\u00f3n espacial comercial, en el noroeste del pa\u00eds.<\/p>\n\n\n\n<p>El cohete despeg\u00f3 a las 10:00 (hora de Beijing) y envi\u00f3 dos sat\u00e9lites de prueba a sus \u00f3rbitas planificadas.&nbsp;<\/p>\n\n\n\n<figure class=\"wp-block-image\"><img decoding=\"async\" src=\"https:\/\/spanish.news.cn\/20241127\/ee185354cc004306b46bab3ccdde0e49\/x3oK1AZflQvCQS8F.jpeg\" alt=\"\"\/><\/figure>\n\n\n\n<p>&nbsp;(Xinhua\/Wang Jiangbo)<\/p>\n\n\n\n<figure class=\"wp-block-image\"><img decoding=\"async\" src=\"https:\/\/spanish.news.cn\/20241127\/ee185354cc004306b46bab3ccdde0e49\/yCzwQibFXOPLkwbQ.jpeg\" alt=\"\"\/><\/figure>\n\n\n\n<p>&nbsp;(Xinhua\/Wang Jiangbo)<\/p>\n\n\n\n<figure class=\"wp-block-image\"><img decoding=\"async\" src=\"https:\/\/spanish.news.cn\/20241127\/ee185354cc004306b46bab3ccdde0e49\/vLWrMra6Emi29FgE.jpeg\" alt=\"\"\/><\/figure>\n\n\n\n<p>&nbsp;(Xinhua\/Wang Jiangbo)<\/p>\n\n\n\n<figure class=\"wp-block-image\"><img decoding=\"async\" src=\"https:\/\/spanish.news.cn\/20241127\/ee185354cc004306b46bab3ccdde0e49\/yluvyV96H9dmjk9w.jpeg\" alt=\"\"\/><\/figure>\n\n\n\n<p>&nbsp;(Xinhua\/Wang Jiangbo)<\/p>\n\n\n\n<figure class=\"wp-block-image\"><img decoding=\"async\" src=\"https:\/\/spanish.news.cn\/20241127\/ee185354cc004306b46bab3ccdde0e49\/5HrqBKT4YROhWbLD.jpeg\" alt=\"\"\/><\/figure>\n\n\n\n<p>&nbsp;(Xinhua\/Wang Jiangbo)<\/p>\n\n\n\n<figure class=\"wp-block-image\"><img decoding=\"async\" src=\"https:\/\/spanish.news.cn\/20241127\/ee185354cc004306b46bab3ccdde0e49\/fW7B46GwAXw64mO5.jpeg\" alt=\"\"\/><\/figure>\n\n\n\n<p>&nbsp;&nbsp;(Xinhua\/Wang Jiangbo)<\/p>\n\n\n\n<p><a href=\"https:\/\/www.facebook.com\/sharer\/sharer.php?u=https:\/\/spanish.news.cn\/20241127\/ee185354cc004306b46bab3ccdde0e49\/c.html\" target=\"_blank\" rel=\"noreferrer noopener\"><\/a>&nbsp;<a href=\"https:\/\/twitter.com\/intent\/tweet?text=China%20lanza%20cohete%20portador%20ZQ-2%20modificado&amp;url=https:\/\/spanish.news.cn\/20241127\/ee185354cc004306b46bab3ccdde0e49\/c.html\" target=\"_blank\" rel=\"noreferrer noopener\"><\/a>&nbsp;<a target=\"_blank\" href=\"https:\/\/service.weibo.com\/share\/share.php?title=China%20lanza%20cohete%20portador%20ZQ-2%20modificado&amp;url=https:\/\/spanish.news.cn\/20241127\/ee185354cc004306b46bab3ccdde0e49\/c.html\" rel=\"noreferrer noopener\"><\/a>&nbsp;<a><\/a><\/p>\n\n\n\n<figure class=\"wp-block-image\"><img decoding=\"async\" src=\"https:\/\/imgs.news.cn\/res\/xhwimg\/spanish\/20170522\/img\/jc-xfa.png\" alt=\"\"\/><\/figure>\n\n\n\n<figure class=\"wp-block-table\"><table><tbody><tr><td><\/td><\/tr><\/tbody><\/table><\/figure>\n\n\n","protected":false},"excerpt":{"rendered":"<p>spanish.news.cn|&nbsp;2024-11-27 12:40:00| &nbsp;(Xinhua\/Wang Jiangbo) JIUQUAN, 27 nov (Xinhua) &#8212; China lanz\u00f3 hoy mi\u00e9rcoles con \u00e9xito al espacio el cohete portador ZQ-2 Y-1 modificado desde una zona piloto de innovaci\u00f3n espacial comercial, en el noroeste del pa\u00eds. El cohete despeg\u00f3 a las 10:00 (hora de Beijing) y envi\u00f3 dos sat\u00e9lites de prueba a sus \u00f3rbitas planificadas.&nbsp; [&hellip;]<\/p>\n","protected":false},"author":28,"featured_media":578284,"comment_status":"closed","ping_status":"closed","sticky":true,"template":"","format":"standard","meta":{"footnotes":""},"categories":[25,23],"tags":[],"class_list":["post-578283","post","type-post","status-publish","format-standard","has-post-thumbnail","hentry","category-gente","category-internacional"],"_links":{"self":[{"href":"https:\/\/diariodominicano.com\/index.php?rest_route=\/wp\/v2\/posts\/578283","targetHints":{"allow":["GET"]}}],"collection":[{"href":"https:\/\/diariodominicano.com\/index.php?rest_route=\/wp\/v2\/posts"}],"about":[{"href":"https:\/\/diariodominicano.com\/index.php?rest_route=\/wp\/v2\/types\/post"}],"author":[{"embeddable":true,"href":"https:\/\/diariodominicano.com\/index.php?rest_route=\/wp\/v2\/users\/28"}],"replies":[{"embeddable":true,"href":"https:\/\/diariodominicano.com\/index.php?rest_route=%2Fwp%2Fv2%2Fcomments&post=578283"}],"version-history":[{"count":2,"href":"https:\/\/diariodominicano.com\/index.php?rest_route=\/wp\/v2\/posts\/578283\/revisions"}],"predecessor-version":[{"id":578286,"href":"https:\/\/diariodominicano.com\/index.php?rest_route=\/wp\/v2\/posts\/578283\/revisions\/578286"}],"wp:featuredmedia":[{"embeddable":true,"href":"https:\/\/diariodominicano.com\/index.php?rest_route=\/wp\/v2\/media\/578284"}],"wp:attachment":[{"href":"https:\/\/diariodominicano.com\/index.php?rest_route=%2Fwp%2Fv2%2Fmedia&parent=578283"}],"wp:term":[{"taxonomy":"category","embeddable":true,"href":"https:\/\/diariodominicano.com\/index.php?rest_route=%2Fwp%2Fv2%2Fcategories&post=578283"},{"taxonomy":"post_tag","embeddable":true,"href":"https:\/\/diariodominicano.com\/index.php?rest_route=%2Fwp%2Fv2%2Ftags&post=578283"}],"curies":[{"name":"wp","href":"https:\/\/api.w.org\/{rel}","templated":true}]}}