{"id":578128,"date":"2024-11-27T14:58:03","date_gmt":"2024-11-27T18:58:03","guid":{"rendered":"https:\/\/diariodominicano.com\/?p=578128"},"modified":"2024-11-27T17:23:23","modified_gmt":"2024-11-27T21:23:23","slug":"jce-realizara-en-su-sede-central-tercer-simulacro-de-evacuacion-frente-a-situaciones-de-incendio-y-terremoto-2","status":"publish","type":"post","link":"https:\/\/diariodominicano.com\/?p=578128","title":{"rendered":"MINERD e INEFI inician \u201cCongreso Nacional de Ciencia y T\u00e9cnica en Educaci\u00f3n F\u00edsica y Deporte Escolar 2024\u201d en Juan Dolio"},"content":{"rendered":"\n<p><em>El director ejecutivo del Instituto Nacional de Educaci\u00f3n F\u00edsica, Alberto Rodr\u00edguez, resalt\u00f3 la importancia dada por el presidente Luis Abinader y el Ministro de Educaci\u00f3n, \u00c1ngel Hern\u00e1ndez, al evento, ya que es el foro para la investigaci\u00f3n e innovaci\u00f3n en ambos aspectos<\/em><\/p>\n\n\n\n<p>JUAN DOLIO, San Pedro de Macor\u00eds.- El Ministerio de Educaci\u00f3n (MINERD) y el Instituto Nacional de Educaci\u00f3n F\u00edsica (INEFI) iniciaron este martes&nbsp; el \u201cCongreso Internacional de Ciencia y T\u00e9cnica en Educaci\u00f3n F\u00edsica y Deporte Escolar Inefi 2024\u201d, evento que se llevar\u00e1 a cabo durante tres d\u00edas en el hotel Hodelpa, de este municipio petromacorisano.<\/p>\n\n\n\n<figure class=\"wp-block-gallery has-nested-images columns-default is-cropped wp-block-gallery-1 is-layout-flex wp-block-gallery-is-layout-flex\">\n<figure class=\"wp-block-image size-large\"><img loading=\"lazy\" decoding=\"async\" width=\"1024\" height=\"683\" data-id=\"578151\" src=\"https:\/\/diariodominicano.com\/wp-content\/uploads\/2024\/11\/El-director-ejecutivo-del-Instituto-Nacional-de-Educacion-Fisica-Alberto-Rodriguez-Mella-se-dirige-a-los-docentes-participantes-en-el-Congreso-1024x683.jpg\" alt=\"\" class=\"wp-image-578151\" srcset=\"https:\/\/diariodominicano.com\/wp-content\/uploads\/2024\/11\/El-director-ejecutivo-del-Instituto-Nacional-de-Educacion-Fisica-Alberto-Rodriguez-Mella-se-dirige-a-los-docentes-participantes-en-el-Congreso-1024x683.jpg 1024w, https:\/\/diariodominicano.com\/wp-content\/uploads\/2024\/11\/El-director-ejecutivo-del-Instituto-Nacional-de-Educacion-Fisica-Alberto-Rodriguez-Mella-se-dirige-a-los-docentes-participantes-en-el-Congreso-300x200.jpg 300w, https:\/\/diariodominicano.com\/wp-content\/uploads\/2024\/11\/El-director-ejecutivo-del-Instituto-Nacional-de-Educacion-Fisica-Alberto-Rodriguez-Mella-se-dirige-a-los-docentes-participantes-en-el-Congreso-768x512.jpg 768w, https:\/\/diariodominicano.com\/wp-content\/uploads\/2024\/11\/El-director-ejecutivo-del-Instituto-Nacional-de-Educacion-Fisica-Alberto-Rodriguez-Mella-se-dirige-a-los-docentes-participantes-en-el-Congreso-1536x1024.jpg 1536w, https:\/\/diariodominicano.com\/wp-content\/uploads\/2024\/11\/El-director-ejecutivo-del-Instituto-Nacional-de-Educacion-Fisica-Alberto-Rodriguez-Mella-se-dirige-a-los-docentes-participantes-en-el-Congreso-2048x1365.jpg 2048w, https:\/\/diariodominicano.com\/wp-content\/uploads\/2024\/11\/El-director-ejecutivo-del-Instituto-Nacional-de-Educacion-Fisica-Alberto-Rodriguez-Mella-se-dirige-a-los-docentes-participantes-en-el-Congreso-816x544.jpg 816w\" sizes=\"auto, (max-width: 1024px) 100vw, 1024px\" \/><figcaption class=\"wp-element-caption\">El director ejecutivo del INEFI, Alberto Rodr\u00edguez Mella, junto a varios de los ejecutivos y participantes, escucha las notas del Himno Nacional previo al inicio del \u201cCongreso Internacional de Ciencia y T\u00e9cnica en Educaci\u00f3n F\u00edsica y Deporte Escolar INEFI 2024\u201d que se inici\u00f3 en el hotel Hodelpa, en Juan Dolio  <\/figcaption><\/figure>\n<\/figure>\n\n\n\n<p>Luego de darle la bienvenida a los expositores de M\u00e9xico, Puerto Rico, Cuba, Panam\u00e1 y del pa\u00eds, el director ejecutivo del INEFI, Alberto Rodr\u00edguez Mella, destac\u00f3 el crecimiento y avance que ha tenido el INEFI a nivel institucional, y por ende el trabajo preponderante de los profesores de educaci\u00f3n f\u00edsica y el deporte escolar.<\/p>\n\n\n\n<p>Sostuvo que el congreso es un espacio para la discusi\u00f3n y puesta en escena de las mejores pr\u00e1cticas en educaci\u00f3n f\u00edsica y deporte escolar con el que se pone de manifiesto el quehacer cient\u00edfico, la creaci\u00f3n tecnol\u00f3gica y la sistematizaci\u00f3n de buenas pr\u00e1cticas educativas como punto de partida del proceso de reflexi\u00f3n acad\u00e9mica cient\u00edfica en el \u00e1rea de la educaci\u00f3n f\u00edsica.<\/p>\n\n\n\n<figure class=\"wp-block-gallery has-nested-images columns-default is-cropped wp-block-gallery-2 is-layout-flex wp-block-gallery-is-layout-flex\">\n<figure class=\"wp-block-image size-large\"><img loading=\"lazy\" decoding=\"async\" width=\"1024\" height=\"683\" data-id=\"578150\" src=\"https:\/\/diariodominicano.com\/wp-content\/uploads\/2024\/11\/El-director-ejecutivo-del-INEFI-Alberto-Rodriguez-Mella-junto-a-varios-de-los-ejecutivos-y-participantes-escucha-las-notas-del-Himno-Nacional-1024x683.jpg\" alt=\"\" class=\"wp-image-578150\" srcset=\"https:\/\/diariodominicano.com\/wp-content\/uploads\/2024\/11\/El-director-ejecutivo-del-INEFI-Alberto-Rodriguez-Mella-junto-a-varios-de-los-ejecutivos-y-participantes-escucha-las-notas-del-Himno-Nacional-1024x683.jpg 1024w, https:\/\/diariodominicano.com\/wp-content\/uploads\/2024\/11\/El-director-ejecutivo-del-INEFI-Alberto-Rodriguez-Mella-junto-a-varios-de-los-ejecutivos-y-participantes-escucha-las-notas-del-Himno-Nacional-300x200.jpg 300w, https:\/\/diariodominicano.com\/wp-content\/uploads\/2024\/11\/El-director-ejecutivo-del-INEFI-Alberto-Rodriguez-Mella-junto-a-varios-de-los-ejecutivos-y-participantes-escucha-las-notas-del-Himno-Nacional-768x512.jpg 768w, https:\/\/diariodominicano.com\/wp-content\/uploads\/2024\/11\/El-director-ejecutivo-del-INEFI-Alberto-Rodriguez-Mella-junto-a-varios-de-los-ejecutivos-y-participantes-escucha-las-notas-del-Himno-Nacional-1536x1024.jpg 1536w, https:\/\/diariodominicano.com\/wp-content\/uploads\/2024\/11\/El-director-ejecutivo-del-INEFI-Alberto-Rodriguez-Mella-junto-a-varios-de-los-ejecutivos-y-participantes-escucha-las-notas-del-Himno-Nacional-2048x1365.jpg 2048w, https:\/\/diariodominicano.com\/wp-content\/uploads\/2024\/11\/El-director-ejecutivo-del-INEFI-Alberto-Rodriguez-Mella-junto-a-varios-de-los-ejecutivos-y-participantes-escucha-las-notas-del-Himno-Nacional-816x544.jpg 816w\" sizes=\"auto, (max-width: 1024px) 100vw, 1024px\" \/><figcaption class=\"wp-element-caption\">El director ejecutivo del INEFI, Alberto Rodr\u00edguez Mella, junto a varios de los ejecutivos y participantes, escucha las notas del Himno Nacional previo al inicio del \u201cCongreso Internacional de Ciencia y T\u00e9cnica en Educaci\u00f3n F\u00edsica y Deporte Escolar INEFI 2024\u201d que se inici\u00f3 en el hotel Hodelpa, en Juan Dolio <\/figcaption><\/figure>\n<\/figure>\n\n\n\n<p>Resalt\u00f3 que la conferencia es la consecuci\u00f3n de otros procesos acad\u00e9micos cient\u00edficos llevados a cabo por el INEFI que procura concentrar en un mismo momento a los actores principales del sistema educativo dominicano, en el \u00e1mbito de la educaci\u00f3n f\u00edsica y deporte escolar.<\/p>\n\n\n\n<p>Rodr\u00edguez Mella argument\u00f3 que con ese tipo de c\u00f3nclave se busca dinamizar y actualizar los conocimientos de los docentes dominicanos, reiterando su exhortaci\u00f3n a todos los participantes a intercambiar impresiones y a proponer ideas para lograr el buen desempe\u00f1o de esa instituci\u00f3n descentralizada.<\/p>\n\n\n\n<p>El funcionario tambi\u00e9n ponder\u00f3 los esfuerzos del director docente y coordinador general del congreso, Manuel Morel, de quien dijo logr\u00f3 aglutinar a los conferencistas para capacitar y actualizar los conocimientos de los docentes dominicanos.<\/p>\n\n\n\n<figure class=\"wp-block-gallery has-nested-images columns-default is-cropped wp-block-gallery-3 is-layout-flex wp-block-gallery-is-layout-flex\">\n<figure class=\"wp-block-image size-large\"><img loading=\"lazy\" decoding=\"async\" width=\"1024\" height=\"683\" data-id=\"578152\" src=\"https:\/\/diariodominicano.com\/wp-content\/uploads\/2024\/11\/El-profesor-Manuel-Morel-coordinador-general-del-Congreso-de-Educacion-Fisica-y-Deporte-Escolar-INEFI-2024-1024x683.jpg\" alt=\"\" class=\"wp-image-578152\" srcset=\"https:\/\/diariodominicano.com\/wp-content\/uploads\/2024\/11\/El-profesor-Manuel-Morel-coordinador-general-del-Congreso-de-Educacion-Fisica-y-Deporte-Escolar-INEFI-2024-1024x683.jpg 1024w, https:\/\/diariodominicano.com\/wp-content\/uploads\/2024\/11\/El-profesor-Manuel-Morel-coordinador-general-del-Congreso-de-Educacion-Fisica-y-Deporte-Escolar-INEFI-2024-300x200.jpg 300w, https:\/\/diariodominicano.com\/wp-content\/uploads\/2024\/11\/El-profesor-Manuel-Morel-coordinador-general-del-Congreso-de-Educacion-Fisica-y-Deporte-Escolar-INEFI-2024-768x512.jpg 768w, https:\/\/diariodominicano.com\/wp-content\/uploads\/2024\/11\/El-profesor-Manuel-Morel-coordinador-general-del-Congreso-de-Educacion-Fisica-y-Deporte-Escolar-INEFI-2024-1536x1024.jpg 1536w, https:\/\/diariodominicano.com\/wp-content\/uploads\/2024\/11\/El-profesor-Manuel-Morel-coordinador-general-del-Congreso-de-Educacion-Fisica-y-Deporte-Escolar-INEFI-2024-2048x1365.jpg 2048w, https:\/\/diariodominicano.com\/wp-content\/uploads\/2024\/11\/El-profesor-Manuel-Morel-coordinador-general-del-Congreso-de-Educacion-Fisica-y-Deporte-Escolar-INEFI-2024-816x544.jpg 816w\" sizes=\"auto, (max-width: 1024px) 100vw, 1024px\" \/><figcaption class=\"wp-element-caption\">El coordinador general del congreso, profesor Manuel Morel, coordinador general del Congreso Internacional Ciencia y T\u00e9cnica de la Educaci\u00f3n F\u00edsica y Deporte Escolar INEFI 2024 se dirige a los presentes en el acto inaugural del \u201cCongreso Internacional de Ciencia y T\u00e9cnica en Educaci\u00f3n F\u00edsica y Deporte Escolar INEFI 2024\u201d que se llevar\u00e1 a cabo durante tres d\u00edas en el hotel Hodelpa, en Juan Dolio <\/figcaption><\/figure>\n<\/figure>\n\n\n\n<p>Revel\u00f3 que gracias al apoyo del presidente Luis Abinader y al ministro de Educaci\u00f3n, \u00c1ngel Hern\u00e1ndez, \u201chemos podido llevar a cabo este congreso\u201d.<\/p>\n\n\n\n<p>Rodr\u00edguez Mella manifest\u00f3 que el INEFI \u201cse responsabiliz\u00f3 de organizar esta conferencia, con el objetivo de capacitar a 160 docentes y fortalecer varios aspectos importantes de la educaci\u00f3n f\u00edsica que hab\u00edan sido olvidados por pasadas gestiones\u00bb.<\/p>\n\n\n\n<p>Sobre ese particular, Rodr\u00edguez Mella resalt\u00f3 que el INEFI asumi\u00f3 el reto de la organizaci\u00f3n de este importante congreso, con el fin de provocar el cambio necesario que por mucho tiempo viene esperando la educaci\u00f3n f\u00edsica en el pa\u00eds\u201d.<\/p>\n\n\n\n<p><strong>Miembros de la comisi\u00f3n y exponentes<\/strong><\/p>\n\n\n\n<p>El coordinador general del congreso, Manuel Morel, estar\u00e1 asistido por los consultores Anazario Rodr\u00edguez y Sandy Portorreal. Tambi\u00e9n fungir\u00e1n como coordinadores t\u00e9cnicos Zacar\u00edas Torres Polanco y Juan Francisco Vargas. Carmen Mota es la encargada de protocolo y Josmary Concepci\u00f3n es asistente de dicho proyecto.<\/p>\n\n\n\n<p>Entre los expositores internacionales estar\u00e1n el puertorrique\u00f1o Juan Carlos Garc\u00eda Rivera, quien disertar\u00e1 el tema \u201cTransformaci\u00f3n del Deportes, la Recreaci\u00f3n y la Educaci\u00f3n F\u00edsica desde la Perspectiva del Aprendizaje Significativo\u201d; el paname\u00f1o Ariel Friedman, con el tema \u201cInnovaci\u00f3n en la Did\u00e1ctica de La Educaci\u00f3n F\u00edsica\u201d, y el cubano Richard Almaguer, expondr\u00e1 \u201cDesde el Jugar Exploratorio en la Clase de Educaci\u00f3n F\u00edsica a la Iniciaci\u00f3n Deportiva\u201d.<\/p>\n\n\n\n<p>El puertorrique\u00f1o Jes\u00fas Hern\u00e1ndez Torres hablar\u00e1 sobre la \u201cSeguridad en Eventos Deportivos, Adaptado al \u00c1rea Escolar\u201d. Mientras que los dominicanos Carlos Santiago expondr\u00e1 \u201cColectivismo: Teor\u00eda de Aprendizaje Emergente para la Era Digital\u201d, y Manuel Morel Montero se referir\u00e1 a las \u201cGeneralidades y Did\u00e1ctica Especializada del Aprendizaje Motor, una Mirada al Nivel Inicial desde la Propuesta Curricular de la Rep\u00fablica Dominicana\u201d.<\/p>\n\n\n\n<p>Tambi\u00e9n estar\u00e1n como panelistas Sandy Portorreal,. Sofi Pe\u00f1a Arias, Juan Paredes, Jos\u00e9 V\u00e1squez, Luis Garcia, Edward Sosa, Sandy Portorreal, Anazario Rodr\u00edguez, Jos\u00e9 Luis Liranzo, Jos\u00e9 Beriguete, Juan Vargas y Jos\u00e9 \u00c1ngel Hilario.<\/p>\n\n\n\n<p>Entre los panelistas figuran Roselis Santana, Antonio Rosado, Argelis Tapia, Henyer Zamora, M\u00e1ximo S\u00e1nchez, Mario Villareal, Gustavo Bernarol, Jos\u00e9 Luis Espinal, Elvin Minaya, Judith Blanco, C\u00e9sar Montero, Sandy Portorreal,, Hansel Novas, Berenice Liriano y Elixandra Cuevas.<\/p>\n\n\n\n<p>Este evento se une a otros procesos acad\u00e9micos cient\u00edficos llevados a cabo por el INEFI que procura concentrar en un mismo momento a los actores principales del sistema educativo dominicano, en el \u00e1mbito de la educaci\u00f3n f\u00edsica y deporte escolar.<\/p>\n\n\n\n<p><strong>PIE DE FOTO 1 CONGRESO INEFI:<\/strong><\/p>\n\n\n\n<p><strong>El director ejecutivo del Instituto Nacional de Educaci\u00f3n F\u00edsica (INEFI), Alberto Rodr\u00edguez Mella, durante el acto inaugural del \u201cCongreso Internacional de Ciencia y T\u00e9cnica en Educaci\u00f3n F\u00edsica y Deporte Escolar INEFI 2024\u201d que se extender\u00e1 hasta este jueves en el hotel Hodelpa, en Juan Dolio, San Pedro de Macor\u00eds.<\/strong><\/p>\n\n\n\n<p><strong>PIE DE FOTO 2 CONGRESO INEFI:<\/strong><\/p>\n\n\n\n<p><strong>El director ejecutivo del INEFI, Alberto Rodr\u00edguez Mella, junto a varios de los ejecutivos y participantes, escucha las notas del Himno Nacional previo al inicio del \u201cCongreso Internacional de Ciencia y T\u00e9cnica en Educaci\u00f3n F\u00edsica y Deporte Escolar INEFI 2024\u201d que se inici\u00f3 en el hotel Hodelpa, en Juan Dolio.<\/strong><\/p>\n\n\n\n<p><strong>PIE DE FOTO 3 CONGRESO INEFI:<\/strong><\/p>\n\n\n\n<p><strong>El director ejecutivo del Instituto Nacional de Educaci\u00f3n F\u00edsica, Alberto Rodr\u00edguez Mella, se dirige a los participantes del \u201cCongreso Internacional de Ciencia y T\u00e9cnica en Educaci\u00f3n F\u00edsica y Deporte Escolar INEFI 2024\u201d que se inici\u00f3 este martes en Juan Dolio.<\/strong><\/p>\n\n\n\n<p><strong>PIE DE FOTO 4 CONGRESO INEFI:<\/strong><\/p>\n\n\n\n<p><strong>El&nbsp;<\/strong><strong>coordinador general del congreso,&nbsp;<\/strong><strong>profesor Manuel Morel, coordinador general del Congreso Internacional Ciencia y T\u00e9cnica de la Educaci\u00f3n F\u00edsica y Deporte Escolar INEFI 2024 se dirige a los presentes en el acto inaugural del&nbsp;<\/strong><strong>\u201cCongreso Internacional de Ciencia y T\u00e9cnica en Educaci\u00f3n F\u00edsica y Deporte Escolar INEFI 2024\u201d<\/strong><strong>&nbsp;que se llevar\u00e1 a cabo durante tres d\u00edas en el hotel Hodelpa, en Juan Dolio.<\/strong><\/p>\n\n\n\n<p><\/p>\n","protected":false},"excerpt":{"rendered":"<p>El director ejecutivo del Instituto Nacional de Educaci\u00f3n F\u00edsica, Alberto Rodr\u00edguez, resalt\u00f3 la importancia dada por el presidente Luis Abinader y el Ministro de Educaci\u00f3n, \u00c1ngel Hern\u00e1ndez, al evento, ya que es el foro para la investigaci\u00f3n e innovaci\u00f3n en ambos aspectos JUAN DOLIO, San Pedro de Macor\u00eds.- El Ministerio de Educaci\u00f3n (MINERD) y el [&hellip;]<\/p>\n","protected":false},"author":7,"featured_media":578149,"comment_status":"closed","ping_status":"closed","sticky":false,"template":"","format":"standard","meta":{"footnotes":""},"categories":[17],"tags":[491,280],"class_list":["post-578128","post","type-post","status-publish","format-standard","has-post-thumbnail","hentry","category-deportes","tag-inefi","tag-minerd"],"_links":{"self":[{"href":"https:\/\/diariodominicano.com\/index.php?rest_route=\/wp\/v2\/posts\/578128","targetHints":{"allow":["GET"]}}],"collection":[{"href":"https:\/\/diariodominicano.com\/index.php?rest_route=\/wp\/v2\/posts"}],"about":[{"href":"https:\/\/diariodominicano.com\/index.php?rest_route=\/wp\/v2\/types\/post"}],"author":[{"embeddable":true,"href":"https:\/\/diariodominicano.com\/index.php?rest_route=\/wp\/v2\/users\/7"}],"replies":[{"embeddable":true,"href":"https:\/\/diariodominicano.com\/index.php?rest_route=%2Fwp%2Fv2%2Fcomments&post=578128"}],"version-history":[{"count":2,"href":"https:\/\/diariodominicano.com\/index.php?rest_route=\/wp\/v2\/posts\/578128\/revisions"}],"predecessor-version":[{"id":578157,"href":"https:\/\/diariodominicano.com\/index.php?rest_route=\/wp\/v2\/posts\/578128\/revisions\/578157"}],"wp:featuredmedia":[{"embeddable":true,"href":"https:\/\/diariodominicano.com\/index.php?rest_route=\/wp\/v2\/media\/578149"}],"wp:attachment":[{"href":"https:\/\/diariodominicano.com\/index.php?rest_route=%2Fwp%2Fv2%2Fmedia&parent=578128"}],"wp:term":[{"taxonomy":"category","embeddable":true,"href":"https:\/\/diariodominicano.com\/index.php?rest_route=%2Fwp%2Fv2%2Fcategories&post=578128"},{"taxonomy":"post_tag","embeddable":true,"href":"https:\/\/diariodominicano.com\/index.php?rest_route=%2Fwp%2Fv2%2Ftags&post=578128"}],"curies":[{"name":"wp","href":"https:\/\/api.w.org\/{rel}","templated":true}]}}