{"id":578124,"date":"2024-11-27T14:42:10","date_gmt":"2024-11-27T18:42:10","guid":{"rendered":"https:\/\/diariodominicano.com\/?p=578124"},"modified":"2024-11-27T14:42:19","modified_gmt":"2024-11-27T18:42:19","slug":"explosion-en-zona-industrial-deja-tres-muertos-en-sureste-de-espana","status":"publish","type":"post","link":"https:\/\/diariodominicano.com\/?p=578124","title":{"rendered":"Explosi\u00f3n en zona industrial deja tres muertos en sureste de Espa\u00f1a"},"content":{"rendered":"\n<p>diariodominicano.com<\/p>\n\n\n\n<p>MADRID, 27 nov (Xinhua) &#8212; Al menos tres personas murieron y otras tres resultaron heridas de gravedad hoy mi\u00e9rcoles por la explosi\u00f3n de una f\u00e1brica ubicada en una zona industrial de la localidad de Ibi, en la provincia de Alicante de la Comunidad Valenciana. en la regi\u00f3n sureste de Espa\u00f1a, confirmaron las autoridades locales. La delegada del Gobierno espa\u00f1ol en la Comunidad Valenciana, Pilar Bernab\u00e9, confirm\u00f3 las muertes producto de la explosi\u00f3n ocurrida en la nave de Industrias Climber, en el pol\u00edgono industrial Alfas, en la peque\u00f1a localidad de Ibi, que se encuentra a unos 35 kil\u00f3metros de la ciudad de alicante. Bernab\u00e9 indic\u00f3 que 39 personas se encontraban en el interior de la f\u00e1brica cuando se produjo el estallido poco antes del mediod\u00eda, lo que provoc\u00f3 el derrumbe del techo y parte de los muros, que a la vez quedaron atrapadas a varias personas bajo los escombros. Tres personas adem\u00e1s de los fallecidos tambi\u00e9n resultaron gravemente heridas por la explosi\u00f3n y fueron trasladadas a hospitales cercanos en Alicante, Valencia y Alcoy, mientras se pon\u00eda en marcha un operativo de rescate en el que participaban siete camiones de bomberos, siete ambulancias, un helic\u00f3ptero para m\u00e9dica y la atenci\u00f3n policial local. El alcalde de Ibi, Sergio Carrasco, explic\u00f3 que dos de las v\u00edctimas mortales eran de su localidad y la tercera de la cercana Xixona. Carrasco agreg\u00f3 que los tres eran \u00abgente joven\u00bb, lo que hizo a\u00fan m\u00e1s tr\u00e1gico el accidente, adem\u00e1s de confirmar que se declar\u00f3 un per\u00edodo de luto oficial. El alcalde agradeci\u00f3 adem\u00e1s la r\u00e1pida respuesta de los equipos de emergencia, as\u00ed como de los voluntarios locales que acudieron para ayudar a limpiar los escombros y buscar alguna persona que pudiera haber quedado atrapada. Las autoridades han abierto una investigaci\u00f3n para aclarar la causa de la explosi\u00f3n y la primera hip\u00f3tesis es que se trat\u00f3 de la explosi\u00f3n de una caldera. Seg\u00fan medios locales, Industrias Climber, especializada en la elaboraci\u00f3n de envases para la producci\u00f3n alimentaria como el poliestireno expandido, no hab\u00eda sufrido ning\u00fan incidente de seguridad en el pasado.<\/p>\n","protected":false},"excerpt":{"rendered":"<p>diariodominicano.com MADRID, 27 nov (Xinhua) &#8212; Al menos tres personas murieron y otras tres resultaron heridas de gravedad hoy mi\u00e9rcoles por la explosi\u00f3n de una f\u00e1brica ubicada en una zona industrial de la localidad de Ibi, en la provincia de Alicante de la Comunidad Valenciana. en la regi\u00f3n sureste de Espa\u00f1a, confirmaron las autoridades locales. [&hellip;]<\/p>\n","protected":false},"author":5,"featured_media":578125,"comment_status":"closed","ping_status":"closed","sticky":true,"template":"","format":"standard","meta":{"footnotes":""},"categories":[23,27],"tags":[],"class_list":["post-578124","post","type-post","status-publish","format-standard","has-post-thumbnail","hentry","category-internacional","category-portada"],"_links":{"self":[{"href":"https:\/\/diariodominicano.com\/index.php?rest_route=\/wp\/v2\/posts\/578124","targetHints":{"allow":["GET"]}}],"collection":[{"href":"https:\/\/diariodominicano.com\/index.php?rest_route=\/wp\/v2\/posts"}],"about":[{"href":"https:\/\/diariodominicano.com\/index.php?rest_route=\/wp\/v2\/types\/post"}],"author":[{"embeddable":true,"href":"https:\/\/diariodominicano.com\/index.php?rest_route=\/wp\/v2\/users\/5"}],"replies":[{"embeddable":true,"href":"https:\/\/diariodominicano.com\/index.php?rest_route=%2Fwp%2Fv2%2Fcomments&post=578124"}],"version-history":[{"count":1,"href":"https:\/\/diariodominicano.com\/index.php?rest_route=\/wp\/v2\/posts\/578124\/revisions"}],"predecessor-version":[{"id":578126,"href":"https:\/\/diariodominicano.com\/index.php?rest_route=\/wp\/v2\/posts\/578124\/revisions\/578126"}],"wp:featuredmedia":[{"embeddable":true,"href":"https:\/\/diariodominicano.com\/index.php?rest_route=\/wp\/v2\/media\/578125"}],"wp:attachment":[{"href":"https:\/\/diariodominicano.com\/index.php?rest_route=%2Fwp%2Fv2%2Fmedia&parent=578124"}],"wp:term":[{"taxonomy":"category","embeddable":true,"href":"https:\/\/diariodominicano.com\/index.php?rest_route=%2Fwp%2Fv2%2Fcategories&post=578124"},{"taxonomy":"post_tag","embeddable":true,"href":"https:\/\/diariodominicano.com\/index.php?rest_route=%2Fwp%2Fv2%2Ftags&post=578124"}],"curies":[{"name":"wp","href":"https:\/\/api.w.org\/{rel}","templated":true}]}}