{"id":578054,"date":"2024-11-27T10:39:48","date_gmt":"2024-11-27T14:39:48","guid":{"rendered":"https:\/\/diariodominicano.com\/?p=578054"},"modified":"2024-11-27T10:39:56","modified_gmt":"2024-11-27T14:39:56","slug":"iran-celebra-cese-del-fuego-en-el-libano","status":"publish","type":"post","link":"https:\/\/diariodominicano.com\/?p=578054","title":{"rendered":"Ir\u00e1n celebra cese del fuego en el L\u00edbano"},"content":{"rendered":"\n<p>diariodominicano.com<\/p>\n\n\n\n<p>TEHER\u00c1N, 27 nov (Xinhua) &#8212; Esmaeil Baghaei, portavoz del Ministerio de Relaciones Exteriores de Ir\u00e1n, celebr\u00f3 este mi\u00e9rcoles el alto el fuego entre Israel y el grupo Hizbul\u00e1 y el cese de la \u00abagresi\u00f3n\u00bb israel\u00ed contra el L\u00edbano. En un comunicado publicado por la Canciller\u00eda iran\u00ed sobre el alto el fuego entre Israel e Hizbul\u00e1, que entr\u00f3 en vigor el mi\u00e9rcoles a las 4:00 am hora local (02:00 GMT), Baghaei manifest\u00f3 el apoyo \u00abdecisivo\u00bb de Ir\u00e1n para el Gobierno y el pueblo libaneses, haciendo hincapi\u00e9 en la necesidad de detener inmediatamente la guerra contra Gaza y el L\u00edbano. Se\u00f1al\u00f3 que el \u00abbelicismo y los cr\u00edmenes de Israel, que han tenido el apoyo total de Estados Unidos y de algunos Gobiernos europeos\u00bb, han resultado en la muerte de civiles inocentes y el desplazamiento de millones de personas en la Franja de Gaza y el L\u00edbano. . El acuerdo de cese el fuego fue aprobado por el gabinete de seguridad de Israel el martes por la noche, seg\u00fan un comunicado de la oficina del primer ministro israel\u00ed. Seg\u00fan el acuerdo, el Ej\u00e9rcito liban\u00e9s tomar\u00e1 el control del territorio cerca de su frontera con Israel durante los pr\u00f3ximos 60 d\u00edas e Israel retirar\u00e1 gradualmente sus tropas de la regi\u00f3n.<\/p>\n","protected":false},"excerpt":{"rendered":"<p>diariodominicano.com TEHER\u00c1N, 27 nov (Xinhua) &#8212; Esmaeil Baghaei, portavoz del Ministerio de Relaciones Exteriores de Ir\u00e1n, celebr\u00f3 este mi\u00e9rcoles el alto el fuego entre Israel y el grupo Hizbul\u00e1 y el cese de la \u00abagresi\u00f3n\u00bb israel\u00ed contra el L\u00edbano. En un comunicado publicado por la Canciller\u00eda iran\u00ed sobre el alto el fuego entre Israel e [&hellip;]<\/p>\n","protected":false},"author":5,"featured_media":578060,"comment_status":"closed","ping_status":"closed","sticky":true,"template":"","format":"standard","meta":{"footnotes":""},"categories":[23,27],"tags":[],"class_list":["post-578054","post","type-post","status-publish","format-standard","has-post-thumbnail","hentry","category-internacional","category-portada"],"_links":{"self":[{"href":"https:\/\/diariodominicano.com\/index.php?rest_route=\/wp\/v2\/posts\/578054","targetHints":{"allow":["GET"]}}],"collection":[{"href":"https:\/\/diariodominicano.com\/index.php?rest_route=\/wp\/v2\/posts"}],"about":[{"href":"https:\/\/diariodominicano.com\/index.php?rest_route=\/wp\/v2\/types\/post"}],"author":[{"embeddable":true,"href":"https:\/\/diariodominicano.com\/index.php?rest_route=\/wp\/v2\/users\/5"}],"replies":[{"embeddable":true,"href":"https:\/\/diariodominicano.com\/index.php?rest_route=%2Fwp%2Fv2%2Fcomments&post=578054"}],"version-history":[{"count":1,"href":"https:\/\/diariodominicano.com\/index.php?rest_route=\/wp\/v2\/posts\/578054\/revisions"}],"predecessor-version":[{"id":578061,"href":"https:\/\/diariodominicano.com\/index.php?rest_route=\/wp\/v2\/posts\/578054\/revisions\/578061"}],"wp:featuredmedia":[{"embeddable":true,"href":"https:\/\/diariodominicano.com\/index.php?rest_route=\/wp\/v2\/media\/578060"}],"wp:attachment":[{"href":"https:\/\/diariodominicano.com\/index.php?rest_route=%2Fwp%2Fv2%2Fmedia&parent=578054"}],"wp:term":[{"taxonomy":"category","embeddable":true,"href":"https:\/\/diariodominicano.com\/index.php?rest_route=%2Fwp%2Fv2%2Fcategories&post=578054"},{"taxonomy":"post_tag","embeddable":true,"href":"https:\/\/diariodominicano.com\/index.php?rest_route=%2Fwp%2Fv2%2Ftags&post=578054"}],"curies":[{"name":"wp","href":"https:\/\/api.w.org\/{rel}","templated":true}]}}