{"id":578035,"date":"2024-11-27T10:05:31","date_gmt":"2024-11-27T14:05:31","guid":{"rendered":"https:\/\/diariodominicano.com\/?p=578035"},"modified":"2024-11-27T10:05:47","modified_gmt":"2024-11-27T14:05:47","slug":"venezuela-inicia-cinco-dias-de-conmemoraciones-y-celebraciones","status":"publish","type":"post","link":"https:\/\/diariodominicano.com\/?p=578035","title":{"rendered":"Venezuela inicia cinco d\u00edas de conmemoraciones y celebraciones"},"content":{"rendered":"\n<p>Caracas, 27 nov (Prensa Latina) Venezuela inicia hoy una jornada de cinco d\u00edas de conmemoraciones y celebraciones, que se extender\u00e1 hasta el venidero 1 de diciembre.<\/p>\n\n\n\n<ul class=\"wp-block-list\">\n<li><a href=\"https:\/\/www.prensa-latina.cu\/2024\/11\/27\/\"><time>noviembre 27, 2024 | 01:00<\/time><\/a><\/li>\n<\/ul>\n\n\n\n<ul class=\"wp-block-list\">\n<li><a href=\"https:\/\/www.prensa-latina.cu\/2024\/11\/27\/venezuela-inicia-cinco-dias-de-conmemoraciones-y-celebraciones\/#\"><\/a><\/li>\n\n\n\n<li><a href=\"https:\/\/www.prensa-latina.cu\/2024\/11\/27\/venezuela-inicia-cinco-dias-de-conmemoraciones-y-celebraciones\/#\"><\/a><\/li>\n\n\n\n<li><a href=\"https:\/\/www.prensa-latina.cu\/2024\/11\/27\/venezuela-inicia-cinco-dias-de-conmemoraciones-y-celebraciones\/#\"><\/a><\/li>\n\n\n\n<li><a href=\"https:\/\/www.prensa-latina.cu\/2024\/11\/27\/venezuela-inicia-cinco-dias-de-conmemoraciones-y-celebraciones\/#\"><\/a><\/li>\n<\/ul>\n\n\n\n<p>Este mi\u00e9rcoles comienzan las actividades que tendr\u00e1n como epicentro rememorar los 32 a\u00f1os de la rebeli\u00f3n c\u00edvico militar del 27 de noviembre de 1992, en el estado de Aragua (norte) y Carabobo (Valencia), lugares vinculados a este acontecimiento hist\u00f3rico.<\/p>\n\n\n\n<p>El primer vicepresidente del Partido Socialista Unido de Venezuela (PSUV), Diosdado Cabello, explic\u00f3 la v\u00edspera que el parque Sim\u00f3n Bol\u00edvar de Caracas ser\u00e1 tambi\u00e9n protagonista.<\/p>\n\n\n\n<p>En la jornada tambi\u00e9n se conmemorar\u00e1 el D\u00eda de la Aviaci\u00f3n Militar Bolivariana, constituido por el comandante Hugo Ch\u00e1vez en 2010.<\/p>\n\n\n\n<p>El dirigente partidista manifest\u00f3 que estas convocatorias son para seguir celebrando en paz rumbo al 2025, que \u201cse presenta con mucha esperanza y significativos avances en lo pol\u00edtico y social\u201d.<\/p>\n\n\n\n<p>Adelant\u00f3 que ma\u00f1ana celebrar\u00e1n los cuatro meses de la gran victoria popular del 28 de julio \u00faltimo con una gran cantata por la vida y por la paz en las Plazas Bol\u00edvar de cada municipio del pa\u00eds.<\/p>\n\n\n\n<p>El ministro para Relaciones interiores, Justicia y Paz afirm\u00f3 que ese d\u00eda la derecha fascista no pudo concretar sus planes y le dieron \u201cun parao de freno de mano al fascismo en Venezuela y en Am\u00e9rica\u201d.<\/p>\n\n\n\n<p>\u201cLa derecha no habla del 28 de julio, se le olvid\u00f3, porque su plan era la violencia y no electoral, y tenemos razones para celebrar porque ganamos las elecciones como se hizo y vamos a esperar el 10 de enero para que se juramente el Presidente junto con el pueblo\u201d, coment\u00f3.<\/p>\n\n\n\n<p>El viernes, precis\u00f3 el dirigente partidista, ser\u00e1 inaugurado el Paseo Macuto, en el estado de La Guaira (norte), con una gran parranda por la vida y celebrar con alegr\u00eda en cada circuito comunal y en cada calle.<\/p>\n\n\n\n<p>Para el s\u00e1bado 30, Cabello inform\u00f3 un gran ejercicio de defensa territorial del pueblo en cada rinc\u00f3n de Venezuela dentro del esquema de la fusi\u00f3n c\u00edvico militar policial, para prevenir \u201ccualquier ataque de la derecha interna y externa\u201d, y el cual terminar\u00e1 con una gran celebraci\u00f3n popular.<\/p>\n\n\n\n<p>El cierre de la jornada ser\u00e1 el 1 de diciembre desde las 06:00, hora local, con las tradicionales misas de aguinaldo en toda Venezuela, y luego Caracas acoger\u00e1 dos grandes movilizaciones (este y oeste) con camiones, comparsas, parrandas y expresiones culturales \u201cpara celebrar la vida, la victoria y la unidad nacional\u201d.<\/p>\n\n\n\n<p>Nuestra gente tiene que sentir que ha valido la pena luchar, porque aqu\u00ed est\u00e1 Venezuela de pie y no hay nada que empa\u00f1e la alegr\u00eda de la Navidad, asever\u00f3 el l\u00edder partidista.<\/p>\n\n\n\n<p>rc\/jcd<\/p>\n\n\n\n<ul class=\"wp-block-list\">\n<li>#<a href=\"https:\/\/www.prensa-latina.cu\/etiqueta\/venezuela\/\">Venezuela<\/a><\/li>\n<\/ul>\n","protected":false},"excerpt":{"rendered":"<p>Caracas, 27 nov (Prensa Latina) Venezuela inicia hoy una jornada de cinco d\u00edas de conmemoraciones y celebraciones, que se extender\u00e1 hasta el venidero 1 de diciembre. Este mi\u00e9rcoles comienzan las actividades que tendr\u00e1n como epicentro rememorar los 32 a\u00f1os de la rebeli\u00f3n c\u00edvico militar del 27 de noviembre de 1992, en el estado de Aragua [&hellip;]<\/p>\n","protected":false},"author":2,"featured_media":578036,"comment_status":"closed","ping_status":"closed","sticky":false,"template":"","format":"standard","meta":{"footnotes":""},"categories":[26,22],"tags":[],"class_list":["post-578035","post","type-post","status-publish","format-standard","has-post-thumbnail","hentry","category-efemerides","category-politica"],"_links":{"self":[{"href":"https:\/\/diariodominicano.com\/index.php?rest_route=\/wp\/v2\/posts\/578035","targetHints":{"allow":["GET"]}}],"collection":[{"href":"https:\/\/diariodominicano.com\/index.php?rest_route=\/wp\/v2\/posts"}],"about":[{"href":"https:\/\/diariodominicano.com\/index.php?rest_route=\/wp\/v2\/types\/post"}],"author":[{"embeddable":true,"href":"https:\/\/diariodominicano.com\/index.php?rest_route=\/wp\/v2\/users\/2"}],"replies":[{"embeddable":true,"href":"https:\/\/diariodominicano.com\/index.php?rest_route=%2Fwp%2Fv2%2Fcomments&post=578035"}],"version-history":[{"count":2,"href":"https:\/\/diariodominicano.com\/index.php?rest_route=\/wp\/v2\/posts\/578035\/revisions"}],"predecessor-version":[{"id":578039,"href":"https:\/\/diariodominicano.com\/index.php?rest_route=\/wp\/v2\/posts\/578035\/revisions\/578039"}],"wp:featuredmedia":[{"embeddable":true,"href":"https:\/\/diariodominicano.com\/index.php?rest_route=\/wp\/v2\/media\/578036"}],"wp:attachment":[{"href":"https:\/\/diariodominicano.com\/index.php?rest_route=%2Fwp%2Fv2%2Fmedia&parent=578035"}],"wp:term":[{"taxonomy":"category","embeddable":true,"href":"https:\/\/diariodominicano.com\/index.php?rest_route=%2Fwp%2Fv2%2Fcategories&post=578035"},{"taxonomy":"post_tag","embeddable":true,"href":"https:\/\/diariodominicano.com\/index.php?rest_route=%2Fwp%2Fv2%2Ftags&post=578035"}],"curies":[{"name":"wp","href":"https:\/\/api.w.org\/{rel}","templated":true}]}}