{"id":578031,"date":"2024-11-27T10:01:14","date_gmt":"2024-11-27T14:01:14","guid":{"rendered":"https:\/\/diariodominicano.com\/?p=578031"},"modified":"2024-11-27T10:02:34","modified_gmt":"2024-11-27T14:02:34","slug":"cuba-recuerda-fusilamiento-estudiantes-de-medicina-en-1871","status":"publish","type":"post","link":"https:\/\/diariodominicano.com\/?p=578031","title":{"rendered":"Cuba recuerda fusilamiento estudiantes de medicina en 1871"},"content":{"rendered":"\n<p>La Habana, 27 nov (Prensa Latina) Los cubanos conmemoran hoy el aniversario 153 del fusilamiento de ocho estudiantes de Medicina, considerado uno de los cr\u00edmenes m\u00e1s atroces cometidos en la isla por el colonialismo espa\u00f1ol.<\/p>\n\n\n\n<ul class=\"wp-block-list\">\n<li><a href=\"https:\/\/www.prensa-latina.cu\/2024\/11\/27\/\"><time>noviembre 27, 2024 | 00:01<\/time><\/a><\/li>\n<\/ul>\n\n\n\n<ul class=\"wp-block-list\">\n<li><a href=\"https:\/\/www.prensa-latina.cu\/2024\/11\/27\/cuba-recuerda-fusilamiento-estudiantes-de-medicina-en-1871\/#\"><\/a><\/li>\n\n\n\n<li><a href=\"https:\/\/www.prensa-latina.cu\/2024\/11\/27\/cuba-recuerda-fusilamiento-estudiantes-de-medicina-en-1871\/#\"><\/a><\/li>\n\n\n\n<li><a href=\"https:\/\/www.prensa-latina.cu\/2024\/11\/27\/cuba-recuerda-fusilamiento-estudiantes-de-medicina-en-1871\/#\"><\/a><\/li>\n\n\n\n<li><a href=\"https:\/\/www.prensa-latina.cu\/2024\/11\/27\/cuba-recuerda-fusilamiento-estudiantes-de-medicina-en-1871\/#\"><\/a><\/li>\n<\/ul>\n\n\n\n<p>Como es tradicional, centenares de estudiantes realizar\u00e1n esta jornada una peregrinaci\u00f3n desde la escalinata de la Universidad de La Habana hasta su monumento que rememora el vil asesinato, en Prado y Malec\u00f3n, en La Habana Vieja.<\/p>\n\n\n\n<p>El 24 de noviembre de 1871, alumnos del primer curso de Medicina esperaban en el Anfiteatro Anat\u00f3mico la llegada de su profesor Pablo Valencia, quien deb\u00eda impartir una clase, pero al enterarse que demorar\u00eda, varios de ellos se dispusieron a asistir a las pr\u00e1cticas de disecci\u00f3n del doctor Domingo Fern\u00e1ndez Cubas.<\/p>\n\n\n\n<p>Seg\u00fan apuntes hist\u00f3ricos, algunos entraron en el cementerio, ubicado cerca de la escuela, y recorrieron sus patios, pues la entrada no estaba prohibida, y uno de ellos, Alonso \u00c1lvarez de la Campa, tom\u00f3 una flor que estaba delante de las oficinas del cementerio, lo cual provoc\u00f3 la ira del celador, nombrado Vicente Cobas.<\/p>\n\n\n\n<p>Cobas los acus\u00f3 de rayar el cristal que cubr\u00eda el nicho donde reposaban los restos del periodista espa\u00f1ol Gonzalo Casta\u00f1\u00f3n, director de La Voz de Cuba, vocero del cuerpo de voluntarios, que hab\u00eda sido ultimado por un patriota cubano en Cayo Hueso.<\/p>\n\n\n\n<p>Los estudiantes fueron apresados y procesados en un juicio sumar\u00edsimo, pero el fallo no fue aceptado, y se realiz\u00f3 un segundo, y se determin\u00f3 condenar a los j\u00f3venes a la pena m\u00e1xima.<\/p>\n\n\n\n<p>Otros tres fueron escogidos al azar para llevar a cabo el escarmiento.<\/p>\n\n\n\n<p>Los ocho estudiantes condenados a morir fueron conducidos con las manos esposadas y un crucifijo entre ellas hasta la explanada de la Punta, donde se llev\u00f3 a cabo la ejecuci\u00f3n.<\/p>\n\n\n\n<p>jha\/evm<\/p>\n\n\n\n<ul class=\"wp-block-list\">\n<li>#<a href=\"https:\/\/www.prensa-latina.cu\/etiqueta\/cuba\/\">cuba<\/a>\u00a0#<a href=\"https:\/\/www.prensa-latina.cu\/etiqueta\/estudiantes\/\">estudiantes<\/a>\u00a0#<a href=\"https:\/\/www.prensa-latina.cu\/etiqueta\/fusilamiento\/\">fusilamiento<\/a>\u00a0#<a href=\"https:\/\/www.prensa-latina.cu\/etiqueta\/medicina\/\">medicina<\/a><\/li>\n\n\n\n<li>#espa\u00f1ol<\/li>\n<\/ul>\n","protected":false},"excerpt":{"rendered":"<p>La Habana, 27 nov (Prensa Latina) Los cubanos conmemoran hoy el aniversario 153 del fusilamiento de ocho estudiantes de Medicina, considerado uno de los cr\u00edmenes m\u00e1s atroces cometidos en la isla por el colonialismo espa\u00f1ol. Como es tradicional, centenares de estudiantes realizar\u00e1n esta jornada una peregrinaci\u00f3n desde la escalinata de la Universidad de La Habana [&hellip;]<\/p>\n","protected":false},"author":2,"featured_media":578032,"comment_status":"closed","ping_status":"closed","sticky":false,"template":"","format":"standard","meta":{"footnotes":""},"categories":[21,26],"tags":[],"class_list":["post-578031","post","type-post","status-publish","format-standard","has-post-thumbnail","hentry","category-cultura","category-efemerides"],"_links":{"self":[{"href":"https:\/\/diariodominicano.com\/index.php?rest_route=\/wp\/v2\/posts\/578031","targetHints":{"allow":["GET"]}}],"collection":[{"href":"https:\/\/diariodominicano.com\/index.php?rest_route=\/wp\/v2\/posts"}],"about":[{"href":"https:\/\/diariodominicano.com\/index.php?rest_route=\/wp\/v2\/types\/post"}],"author":[{"embeddable":true,"href":"https:\/\/diariodominicano.com\/index.php?rest_route=\/wp\/v2\/users\/2"}],"replies":[{"embeddable":true,"href":"https:\/\/diariodominicano.com\/index.php?rest_route=%2Fwp%2Fv2%2Fcomments&post=578031"}],"version-history":[{"count":2,"href":"https:\/\/diariodominicano.com\/index.php?rest_route=\/wp\/v2\/posts\/578031\/revisions"}],"predecessor-version":[{"id":578034,"href":"https:\/\/diariodominicano.com\/index.php?rest_route=\/wp\/v2\/posts\/578031\/revisions\/578034"}],"wp:featuredmedia":[{"embeddable":true,"href":"https:\/\/diariodominicano.com\/index.php?rest_route=\/wp\/v2\/media\/578032"}],"wp:attachment":[{"href":"https:\/\/diariodominicano.com\/index.php?rest_route=%2Fwp%2Fv2%2Fmedia&parent=578031"}],"wp:term":[{"taxonomy":"category","embeddable":true,"href":"https:\/\/diariodominicano.com\/index.php?rest_route=%2Fwp%2Fv2%2Fcategories&post=578031"},{"taxonomy":"post_tag","embeddable":true,"href":"https:\/\/diariodominicano.com\/index.php?rest_route=%2Fwp%2Fv2%2Ftags&post=578031"}],"curies":[{"name":"wp","href":"https:\/\/api.w.org\/{rel}","templated":true}]}}