{"id":578007,"date":"2024-11-27T09:40:30","date_gmt":"2024-11-27T13:40:30","guid":{"rendered":"https:\/\/diariodominicano.com\/?p=578007"},"modified":"2024-11-27T09:40:39","modified_gmt":"2024-11-27T13:40:39","slug":"mercosur-pragmatismo-y-autonomia-seran-ejes-de-insercion-internacional-del-proximo-presidente-de-uruguay","status":"publish","type":"post","link":"https:\/\/diariodominicano.com\/?p=578007","title":{"rendered":"Mercosur, pragmatismo y autonom\u00eda ser\u00e1n ejes de inserci\u00f3n internacional del pr\u00f3ximo presidente de Uruguay"},"content":{"rendered":"\n<p>diariodominicano.com<\/p>\n\n\n\n<p>Por Gerardo Laborde<\/p>\n\n\n\n<p> MONTEVIDEO, 26 nov (Xinhua) &#8212; Pragmatismo, autonom\u00eda y un mayor involucramiento con el Mercosur son algunos pilares de la inserci\u00f3n internacional que consider\u00f3 el presidente electo de Uruguay, Yamand\u00fa Orsi, cuando el Frente Amplio (FA) regres\u00f3 al poder. el pr\u00f3ximo mes de marzo, seg\u00fan analistas locales. \u00abNo creo que el Gobierno de Orsi cambie sustancialmente la pol\u00edtica exterior de Uruguay y la necesidad de apertura de mercados\u00bb, opin\u00f3 Ignacio Bartesaghi, director del Instituto de Negocios Internacionales de la Universidad Cat\u00f3lica del Uruguay (UCU). \u00abS\u00ed va a cambiar sustancialmente el v\u00ednculo con el Mercosur (Argentina, Brasil, Paraguay y Uruguay, m\u00e1s Bolivia en proceso de adhesi\u00f3n) porque Uruguay ser\u00e1 menos cr\u00edtico\u00bb, dijo Bartesaghi a Xinhua. \u00abSe enfriar\u00e1 la estrategia de flexibilizaci\u00f3n\u00bb que marc\u00f3 el Gobierno de Luis Lacalle Pou (2020-2025), quien insisti\u00f3 durante su gesti\u00f3n en el reclamo de flexibilizar el bloque regional y habilitar la firma bilateral de acuerdos comerciales con otros pa\u00edses. Al mismo tiempo, Orsi optar\u00e1 por un mayor acercamiento al presidente brasile\u00f1o Luiz In\u00e1cio Lula da Silva, seg\u00fan Bartesaghi. El analista record\u00f3 que Lula felicit\u00f3 a Orsi subrayando que \u00abBrasil y Uruguay seguir\u00e1n trabajando juntos en el Mercosur y en otros foros por el desarrollo justo y sostenible, la paz y la integraci\u00f3n regional\u00bb. El acad\u00e9mico de la UCU se pregunt\u00f3 \u00abcon qu\u00e9 pragmatismo articular\u00e1 la relaci\u00f3n con Milei, que est\u00e1 muy vinculada con Estados Unidos\u00bb. Orsi, que a\u00fan no design\u00f3 a quien ser\u00e1 su canciller, \u00abse ver\u00e1 tentado a ir m\u00e1s para el Mercosur, que es lo que la izquierda quiere, y hacia Lula y menos hacia la discusi\u00f3n de flexibilizar el bloque. Y mucho m\u00e1s cuando tiene a Milei enfrente, muy asociado a Donald Trump ya rompe el Mercosur\u00bb. Bartesaghi no duda que la relaci\u00f3n con China continuar\u00e1 en los mismos t\u00e9rminos porque \u00abtodos los gobiernos uruguayos le han dado una importancia central a China\u00bb desde el establecimiento de relaciones bilaterales en 1988. \u00abUruguay seguir\u00e1 muy cerca a China a nivel comercial y econ\u00f3mico, en aspectos de cooperaci\u00f3n y de participaci\u00f3n en los organismos internacionales que lideran China Eso va a seguir porque es una inercia que contin\u00faa y se profundiza\u00bb, a\u00f1adi\u00f3. \u00abDesarrollo, paz y autonom\u00eda van a ser los tres grandes ejes de la pol\u00edtica internacional de Orsi\u00bb, coment\u00f3 tambi\u00e9n a Xinhua el polit\u00f3logo Carlos Luj\u00e1n, profesor del Instituto de Ciencia Pol\u00edtica de la Universidad de la Rep\u00fablica (Udelar). El concepto de desarrollo \u00abha sido muy fuerte en la visi\u00f3n del presidente electo y, por lo tanto, la inserci\u00f3n internacional del pa\u00eds va a estar al servicio del desarrollo\u00bb, opin\u00f3 el experto especializado en pol\u00edtica internacional. \u00abEstamos en un mundo muy convulsionado y con muchas amenazas.El pa\u00eds tiene que tener una pol\u00edtica de una democracia plena como tenemos y de fortalecer sus instituciones y promover la paz\u00bb, argument\u00f3. Para Luj\u00e1n, el tercer punto implica \u00abuna autonom\u00eda fuerte de nuestra pol\u00edtica que mire a la regi\u00f3n, por un lado, al Sur Global en su conjunto, pero no desatienda del radar de nuestra pol\u00edtica internacional a las grandes potencias\u00bb. Luj\u00e1n plante\u00f3 que, con el FA, Uruguay tratar\u00e1 de \u00abdinamizar la integraci\u00f3n regional, no solo en lo econ\u00f3mico, sino tambi\u00e9n en t\u00e9rminos de \u00abiniciativas\u00bb de \u00abresoluci\u00f3n de situaciones por la v\u00eda pac\u00edfica y democr\u00e1tica\u00bb. \u00abUruguay es una voz con prestigio, siempre ubic\u00e1ndose en su peso relativo en el mundo\u00bb, evalu\u00f3 \u00abEn ese sentido, vamos a tener una pol\u00edtica pragm\u00e1tica\u00bb, afirm\u00f3. Tambi\u00e9n da por hecho que durante esta legislatura habr\u00e1 \u00abcontinuidad\u00bb en las relaciones con China, que es una pol\u00edtica de Estado y tambi\u00e9n en \u00abclave regional\u00bb, desde el Mercosur, donde se desarrolla un v\u00ednculo \u00abcon velocidades y ritmos variables\u00bb. Seg\u00fan Luj\u00e1n, \u00abla regi\u00f3n no tiene que ser un cors\u00e9, sino justamente algo que nos potencia. No tendr\u00eda sentido pensar en una relaci\u00f3n solo de nosotros con China, cuando justamente lo interesante es Sudam\u00e9rica en su conjunto\u00bb. \u00abNo vincularnos al puerto que hizo China en Per\u00fa, u otras inversiones en infraestructura, no tendr\u00eda sentido. Y eso puede ser bueno para Brasil, para nosotros y otros pa\u00edses\u00bb, estim\u00f3. Aletapara nosotros y otros pa\u00edses\u00bb, estim\u00f3. Finpara nosotros y otros pa\u00edses\u00bb, estim\u00f3.<\/p>\n","protected":false},"excerpt":{"rendered":"<p>diariodominicano.com Por Gerardo Laborde MONTEVIDEO, 26 nov (Xinhua) &#8212; Pragmatismo, autonom\u00eda y un mayor involucramiento con el Mercosur son algunos pilares de la inserci\u00f3n internacional que consider\u00f3 el presidente electo de Uruguay, Yamand\u00fa Orsi, cuando el Frente Amplio (FA) regres\u00f3 al poder. el pr\u00f3ximo mes de marzo, seg\u00fan analistas locales. \u00abNo creo que el Gobierno [&hellip;]<\/p>\n","protected":false},"author":5,"featured_media":578009,"comment_status":"closed","ping_status":"closed","sticky":true,"template":"","format":"standard","meta":{"footnotes":""},"categories":[23,27],"tags":[],"class_list":["post-578007","post","type-post","status-publish","format-standard","has-post-thumbnail","hentry","category-internacional","category-portada"],"_links":{"self":[{"href":"https:\/\/diariodominicano.com\/index.php?rest_route=\/wp\/v2\/posts\/578007","targetHints":{"allow":["GET"]}}],"collection":[{"href":"https:\/\/diariodominicano.com\/index.php?rest_route=\/wp\/v2\/posts"}],"about":[{"href":"https:\/\/diariodominicano.com\/index.php?rest_route=\/wp\/v2\/types\/post"}],"author":[{"embeddable":true,"href":"https:\/\/diariodominicano.com\/index.php?rest_route=\/wp\/v2\/users\/5"}],"replies":[{"embeddable":true,"href":"https:\/\/diariodominicano.com\/index.php?rest_route=%2Fwp%2Fv2%2Fcomments&post=578007"}],"version-history":[{"count":1,"href":"https:\/\/diariodominicano.com\/index.php?rest_route=\/wp\/v2\/posts\/578007\/revisions"}],"predecessor-version":[{"id":578017,"href":"https:\/\/diariodominicano.com\/index.php?rest_route=\/wp\/v2\/posts\/578007\/revisions\/578017"}],"wp:featuredmedia":[{"embeddable":true,"href":"https:\/\/diariodominicano.com\/index.php?rest_route=\/wp\/v2\/media\/578009"}],"wp:attachment":[{"href":"https:\/\/diariodominicano.com\/index.php?rest_route=%2Fwp%2Fv2%2Fmedia&parent=578007"}],"wp:term":[{"taxonomy":"category","embeddable":true,"href":"https:\/\/diariodominicano.com\/index.php?rest_route=%2Fwp%2Fv2%2Fcategories&post=578007"},{"taxonomy":"post_tag","embeddable":true,"href":"https:\/\/diariodominicano.com\/index.php?rest_route=%2Fwp%2Fv2%2Ftags&post=578007"}],"curies":[{"name":"wp","href":"https:\/\/api.w.org\/{rel}","templated":true}]}}