{"id":577960,"date":"2024-11-27T00:55:50","date_gmt":"2024-11-27T04:55:50","guid":{"rendered":"https:\/\/diariodominicano.com\/?p=577960"},"modified":"2024-11-27T00:55:53","modified_gmt":"2024-11-27T04:55:53","slug":"el-carnaval-dominicano-ilumina-guyana-con-vibrante-exhibicion","status":"publish","type":"post","link":"https:\/\/diariodominicano.com\/?p=577960","title":{"rendered":"El Carnaval Dominicano ilumina Guyana con Vibrante Exhibici\u00f3n"},"content":{"rendered":"\n<p><em>Una muestra fotogr\u00e1fica en el emblem\u00e1tico Umana Yana celebra la cultura y tradiciones de la naci\u00f3n quisqueyana.<\/em><\/p>\n\n\n\n<p>Georgetown, Guyana.-&nbsp; El 25 de noviembre se inaugur\u00f3 la Exhibici\u00f3n Fotogr\u00e1fica \u201cCarnaval Dominicano\u201d en el ic\u00f3nico Umana Yana de Georgetown, uno de los s\u00edmbolos culturales-arquitect\u00f3nicos m\u00e1s reconocidos de Guyana.<\/p>\n\n\n\n<figure class=\"wp-block-image size-large\"><img loading=\"lazy\" decoding=\"async\" width=\"768\" height=\"1024\" src=\"https:\/\/diariodominicano.com\/wp-content\/uploads\/2024\/11\/WhatsApp-Image-2024-11-26-at-8.56.56-AM-768x1024.jpeg\" alt=\"\" class=\"wp-image-577962\" srcset=\"https:\/\/diariodominicano.com\/wp-content\/uploads\/2024\/11\/WhatsApp-Image-2024-11-26-at-8.56.56-AM-768x1024.jpeg 768w, https:\/\/diariodominicano.com\/wp-content\/uploads\/2024\/11\/WhatsApp-Image-2024-11-26-at-8.56.56-AM-225x300.jpeg 225w, https:\/\/diariodominicano.com\/wp-content\/uploads\/2024\/11\/WhatsApp-Image-2024-11-26-at-8.56.56-AM-1152x1536.jpeg 1152w, https:\/\/diariodominicano.com\/wp-content\/uploads\/2024\/11\/WhatsApp-Image-2024-11-26-at-8.56.56-AM-816x1088.jpeg 816w, https:\/\/diariodominicano.com\/wp-content\/uploads\/2024\/11\/WhatsApp-Image-2024-11-26-at-8.56.56-AM.jpeg 1200w\" sizes=\"auto, (max-width: 768px) 100vw, 768px\" \/><\/figure>\n\n\n\n<p>La exhibici\u00f3n presenta obras de destacados fot\u00f3grafos dominicanos como Mariano Hern\u00e1ndez y de miembros del Grupo Fotogr\u00e1fico de Santiago (GRUFOS), quienes por a\u00f1os han captado con maestr\u00eda y pasi\u00f3n la esencia del carnaval dominicano como espect\u00e1culo de color, m\u00e1scaras elaboradas y expresiones de alegr\u00eda colectiva en cada regi\u00f3n del pa\u00eds.<\/p>\n\n\n\n<figure class=\"wp-block-image size-large\"><img loading=\"lazy\" decoding=\"async\" width=\"768\" height=\"1024\" src=\"https:\/\/diariodominicano.com\/wp-content\/uploads\/2024\/11\/WhatsApp-Image-2024-11-26-at-9.05.20-AM-768x1024.jpeg\" alt=\"\" class=\"wp-image-577963\" srcset=\"https:\/\/diariodominicano.com\/wp-content\/uploads\/2024\/11\/WhatsApp-Image-2024-11-26-at-9.05.20-AM-768x1024.jpeg 768w, https:\/\/diariodominicano.com\/wp-content\/uploads\/2024\/11\/WhatsApp-Image-2024-11-26-at-9.05.20-AM-225x300.jpeg 225w, https:\/\/diariodominicano.com\/wp-content\/uploads\/2024\/11\/WhatsApp-Image-2024-11-26-at-9.05.20-AM-1152x1536.jpeg 1152w, https:\/\/diariodominicano.com\/wp-content\/uploads\/2024\/11\/WhatsApp-Image-2024-11-26-at-9.05.20-AM-816x1088.jpeg 816w, https:\/\/diariodominicano.com\/wp-content\/uploads\/2024\/11\/WhatsApp-Image-2024-11-26-at-9.05.20-AM.jpeg 1200w\" sizes=\"auto, (max-width: 768px) 100vw, 768px\" \/><\/figure>\n\n\n\n<p>En su discurso inaugural, el embajador dominicano en Guyana, Ernesto Torres Pereyra, resalt\u00f3 el valor hist\u00f3rico y cultural del carnaval, subrayando c\u00f3mo esta tradici\u00f3n conecta a los dominicanos con sus ra\u00edces. Adem\u00e1s, se proyect\u00f3 un video alusivo que sumergi\u00f3 a los asistentes\u2014miembros del cuerpo diplom\u00e1tico, autoridades locales y personalidades destacadas\u2014en esta vibrante tradici\u00f3n.<\/p>\n\n\n\n<figure class=\"wp-block-image size-large\"><img loading=\"lazy\" decoding=\"async\" width=\"768\" height=\"1024\" src=\"https:\/\/diariodominicano.com\/wp-content\/uploads\/2024\/11\/WhatsApp-Image-2024-11-26-at-8.59.34-AM-768x1024.jpeg\" alt=\"\" class=\"wp-image-577964\" srcset=\"https:\/\/diariodominicano.com\/wp-content\/uploads\/2024\/11\/WhatsApp-Image-2024-11-26-at-8.59.34-AM-768x1024.jpeg 768w, https:\/\/diariodominicano.com\/wp-content\/uploads\/2024\/11\/WhatsApp-Image-2024-11-26-at-8.59.34-AM-225x300.jpeg 225w, https:\/\/diariodominicano.com\/wp-content\/uploads\/2024\/11\/WhatsApp-Image-2024-11-26-at-8.59.34-AM-1152x1536.jpeg 1152w, https:\/\/diariodominicano.com\/wp-content\/uploads\/2024\/11\/WhatsApp-Image-2024-11-26-at-8.59.34-AM-816x1088.jpeg 816w, https:\/\/diariodominicano.com\/wp-content\/uploads\/2024\/11\/WhatsApp-Image-2024-11-26-at-8.59.34-AM.jpeg 1200w\" sizes=\"auto, (max-width: 768px) 100vw, 768px\" \/><\/figure>\n\n\n\n<p>La muestra cultural estar\u00e1 disponible al p\u00fablico guyan\u00e9s hasta el 29 de noviembre, ofreciendo una ventana \u00fanica a las tradiciones dominicanas y fortaleciendo los lazos culturales y diplom\u00e1ticos entre ambas naciones en un espacio que promueve la diversidad y el intercambio cultural en el Caribe. &nbsp;&nbsp;<\/p>\n\n\n\n<figure class=\"wp-block-image size-large\"><img loading=\"lazy\" decoding=\"async\" width=\"1024\" height=\"768\" src=\"https:\/\/diariodominicano.com\/wp-content\/uploads\/2024\/11\/WhatsApp-Image-2024-11-26-at-9.05.23-AM-1-1024x768.jpeg\" alt=\"\" class=\"wp-image-577965\" srcset=\"https:\/\/diariodominicano.com\/wp-content\/uploads\/2024\/11\/WhatsApp-Image-2024-11-26-at-9.05.23-AM-1-1024x768.jpeg 1024w, https:\/\/diariodominicano.com\/wp-content\/uploads\/2024\/11\/WhatsApp-Image-2024-11-26-at-9.05.23-AM-1-300x225.jpeg 300w, https:\/\/diariodominicano.com\/wp-content\/uploads\/2024\/11\/WhatsApp-Image-2024-11-26-at-9.05.23-AM-1-768x576.jpeg 768w, https:\/\/diariodominicano.com\/wp-content\/uploads\/2024\/11\/WhatsApp-Image-2024-11-26-at-9.05.23-AM-1-1536x1152.jpeg 1536w, https:\/\/diariodominicano.com\/wp-content\/uploads\/2024\/11\/WhatsApp-Image-2024-11-26-at-9.05.23-AM-1-816x612.jpeg 816w, https:\/\/diariodominicano.com\/wp-content\/uploads\/2024\/11\/WhatsApp-Image-2024-11-26-at-9.05.23-AM-1.jpeg 1600w\" sizes=\"auto, (max-width: 1024px) 100vw, 1024px\" \/><\/figure>\n\n\n\n<figure class=\"wp-block-image size-large\"><img loading=\"lazy\" decoding=\"async\" width=\"768\" height=\"1024\" src=\"https:\/\/diariodominicano.com\/wp-content\/uploads\/2024\/11\/WhatsApp-Image-2024-11-26-at-8.59.07-AM-768x1024.jpeg\" alt=\"\" class=\"wp-image-577966\" srcset=\"https:\/\/diariodominicano.com\/wp-content\/uploads\/2024\/11\/WhatsApp-Image-2024-11-26-at-8.59.07-AM-768x1024.jpeg 768w, https:\/\/diariodominicano.com\/wp-content\/uploads\/2024\/11\/WhatsApp-Image-2024-11-26-at-8.59.07-AM-225x300.jpeg 225w, https:\/\/diariodominicano.com\/wp-content\/uploads\/2024\/11\/WhatsApp-Image-2024-11-26-at-8.59.07-AM-1152x1536.jpeg 1152w, https:\/\/diariodominicano.com\/wp-content\/uploads\/2024\/11\/WhatsApp-Image-2024-11-26-at-8.59.07-AM-816x1088.jpeg 816w, https:\/\/diariodominicano.com\/wp-content\/uploads\/2024\/11\/WhatsApp-Image-2024-11-26-at-8.59.07-AM.jpeg 1200w\" sizes=\"auto, (max-width: 768px) 100vw, 768px\" \/><\/figure>\n\n\n\n<figure class=\"wp-block-image size-large\"><img loading=\"lazy\" decoding=\"async\" width=\"768\" height=\"1024\" src=\"https:\/\/diariodominicano.com\/wp-content\/uploads\/2024\/11\/WhatsApp-Image-2024-11-26-at-9.05.23-AM-768x1024.jpeg\" alt=\"\" class=\"wp-image-577967\" srcset=\"https:\/\/diariodominicano.com\/wp-content\/uploads\/2024\/11\/WhatsApp-Image-2024-11-26-at-9.05.23-AM-768x1024.jpeg 768w, https:\/\/diariodominicano.com\/wp-content\/uploads\/2024\/11\/WhatsApp-Image-2024-11-26-at-9.05.23-AM-225x300.jpeg 225w, https:\/\/diariodominicano.com\/wp-content\/uploads\/2024\/11\/WhatsApp-Image-2024-11-26-at-9.05.23-AM-1152x1536.jpeg 1152w, https:\/\/diariodominicano.com\/wp-content\/uploads\/2024\/11\/WhatsApp-Image-2024-11-26-at-9.05.23-AM-816x1088.jpeg 816w, https:\/\/diariodominicano.com\/wp-content\/uploads\/2024\/11\/WhatsApp-Image-2024-11-26-at-9.05.23-AM.jpeg 1200w\" sizes=\"auto, (max-width: 768px) 100vw, 768px\" \/><\/figure>\n\n\n\n<figure class=\"wp-block-image size-large\"><img loading=\"lazy\" decoding=\"async\" width=\"768\" height=\"1024\" src=\"https:\/\/diariodominicano.com\/wp-content\/uploads\/2024\/11\/WhatsApp-Image-2024-11-26-at-9.05.23-AM-2-768x1024.jpeg\" alt=\"\" class=\"wp-image-577968\" srcset=\"https:\/\/diariodominicano.com\/wp-content\/uploads\/2024\/11\/WhatsApp-Image-2024-11-26-at-9.05.23-AM-2-768x1024.jpeg 768w, https:\/\/diariodominicano.com\/wp-content\/uploads\/2024\/11\/WhatsApp-Image-2024-11-26-at-9.05.23-AM-2-225x300.jpeg 225w, https:\/\/diariodominicano.com\/wp-content\/uploads\/2024\/11\/WhatsApp-Image-2024-11-26-at-9.05.23-AM-2-1152x1536.jpeg 1152w, https:\/\/diariodominicano.com\/wp-content\/uploads\/2024\/11\/WhatsApp-Image-2024-11-26-at-9.05.23-AM-2-816x1088.jpeg 816w, https:\/\/diariodominicano.com\/wp-content\/uploads\/2024\/11\/WhatsApp-Image-2024-11-26-at-9.05.23-AM-2.jpeg 1200w\" sizes=\"auto, (max-width: 768px) 100vw, 768px\" \/><\/figure>\n\n\n\n<p>El Umana Yana fue construido en 1972 por artesanos de la comunidad amerindia Wai Wai, y su dise\u00f1o est\u00e1 inspirado en las edificaciones tradicionales de los pueblos ind\u00edgenas guyaneses, reflejando la rica herencia cultural de ese pa\u00eds.<\/p>\n\n\n\n<p>Atentos recuerdos,<\/p>\n\n\n\n<figure class=\"wp-block-image\"><img decoding=\"async\" src=\"https:\/\/mail.google.com\/mail\/u\/0?ui=2&amp;ik=e6c115171d&amp;attid=0.0.1&amp;permmsgid=msg-f:1816821735797641388&amp;th=1936a5be266d50ac&amp;view=fimg&amp;fur=ip&amp;permmsgid=msg-f:1816821735797641388&amp;sz=s0-l75-ft&amp;attbid=ANGjdJ8tnw3_cUUSes2AC9sw4nyOt5EBOZ7vaHGXNQh0L0k7Ngza-0VHw1neuyWbdfLbLJmjkD7wvm1CkSs8XEi6PkWu6XwedqQQiTvi6YTVMxGMS6w9UwRPlMRv1oE&amp;disp=emb&amp;zw\" alt=\"\"\/><\/figure>\n\n\n\n<p><strong>Embajada de la Rep\u00fablica&nbsp;Dominicana&nbsp;<\/strong><strong>en la Rep\u00fablica&nbsp;Cooperativa de Guyana<\/strong><\/p>\n\n\n\n<figure class=\"wp-block-image\"><img decoding=\"async\" src=\"https:\/\/mail.google.com\/mail\/u\/0?ui=2&amp;ik=e6c115171d&amp;attid=0.0.2&amp;permmsgid=msg-f:1816821735797641388&amp;th=1936a5be266d50ac&amp;view=fimg&amp;fur=ip&amp;permmsgid=msg-f:1816821735797641388&amp;sz=s0-l75-ft&amp;attbid=ANGjdJ9kAdKMkJBHjQ7DVtwKVv9HM4PK-Tg_NQNqMQ7WH2wwQGpNxH9T-FyJmfE1Qz5PrgiOsZ_UtOqhy7ZWj7vuteh7Dsj_T4_hDyESnBxBwhPtlyXffH2-LfWKbao&amp;disp=emb&amp;zw\" alt=\"\"\/><\/figure>\n\n\n\n<p><strong>Joel Encarnaci\u00f3n Bernabel<\/strong><\/p>\n\n\n\n<p><strong>&nbsp;CONSEJERO<\/strong><\/p>\n\n\n\n<p><strong><u><a href=\"mailto:jencarnacion@mirex.gob.do\" target=\"_blank\" rel=\"noreferrer noopener\">jencarnacion@mirex.gob.do<\/a><\/u><\/strong><\/p>\n\n\n\n<p>Telefono +592 510 9922&nbsp;&nbsp;<\/p>\n","protected":false},"excerpt":{"rendered":"<p>Una muestra fotogr\u00e1fica en el emblem\u00e1tico Umana Yana celebra la cultura y tradiciones de la naci\u00f3n quisqueyana. Georgetown, Guyana.-&nbsp; El 25 de noviembre se inaugur\u00f3 la Exhibici\u00f3n Fotogr\u00e1fica \u201cCarnaval Dominicano\u201d en el ic\u00f3nico Umana Yana de Georgetown, uno de los s\u00edmbolos culturales-arquitect\u00f3nicos m\u00e1s reconocidos de Guyana. La exhibici\u00f3n presenta obras de destacados fot\u00f3grafos dominicanos como [&hellip;]<\/p>\n","protected":false},"author":2,"featured_media":577961,"comment_status":"closed","ping_status":"closed","sticky":false,"template":"","format":"standard","meta":{"footnotes":""},"categories":[21,25],"tags":[],"class_list":["post-577960","post","type-post","status-publish","format-standard","has-post-thumbnail","hentry","category-cultura","category-gente"],"_links":{"self":[{"href":"https:\/\/diariodominicano.com\/index.php?rest_route=\/wp\/v2\/posts\/577960","targetHints":{"allow":["GET"]}}],"collection":[{"href":"https:\/\/diariodominicano.com\/index.php?rest_route=\/wp\/v2\/posts"}],"about":[{"href":"https:\/\/diariodominicano.com\/index.php?rest_route=\/wp\/v2\/types\/post"}],"author":[{"embeddable":true,"href":"https:\/\/diariodominicano.com\/index.php?rest_route=\/wp\/v2\/users\/2"}],"replies":[{"embeddable":true,"href":"https:\/\/diariodominicano.com\/index.php?rest_route=%2Fwp%2Fv2%2Fcomments&post=577960"}],"version-history":[{"count":1,"href":"https:\/\/diariodominicano.com\/index.php?rest_route=\/wp\/v2\/posts\/577960\/revisions"}],"predecessor-version":[{"id":577969,"href":"https:\/\/diariodominicano.com\/index.php?rest_route=\/wp\/v2\/posts\/577960\/revisions\/577969"}],"wp:featuredmedia":[{"embeddable":true,"href":"https:\/\/diariodominicano.com\/index.php?rest_route=\/wp\/v2\/media\/577961"}],"wp:attachment":[{"href":"https:\/\/diariodominicano.com\/index.php?rest_route=%2Fwp%2Fv2%2Fmedia&parent=577960"}],"wp:term":[{"taxonomy":"category","embeddable":true,"href":"https:\/\/diariodominicano.com\/index.php?rest_route=%2Fwp%2Fv2%2Fcategories&post=577960"},{"taxonomy":"post_tag","embeddable":true,"href":"https:\/\/diariodominicano.com\/index.php?rest_route=%2Fwp%2Fv2%2Ftags&post=577960"}],"curies":[{"name":"wp","href":"https:\/\/api.w.org\/{rel}","templated":true}]}}