{"id":577824,"date":"2024-11-26T21:55:32","date_gmt":"2024-11-27T01:55:32","guid":{"rendered":"https:\/\/diariodominicano.com\/?p=577824"},"modified":"2024-11-26T21:55:45","modified_gmt":"2024-11-27T01:55:45","slug":"curiosidades-sobre-el-ces-el-evento-que-marca-el-futuro-de-la-tecnologia","status":"publish","type":"post","link":"https:\/\/diariodominicano.com\/?p=577824","title":{"rendered":"Curiosidades sobre el CES: El evento que marca el futuro de la tecnolog\u00eda"},"content":{"rendered":"\n<p><strong>Santo Domingo, RD. Noviembre 2024.&nbsp;<\/strong>\u2013 El&nbsp;<strong>Consumer Electronics Show (CES)<\/strong>, celebrado anualmente en Las Vegas, es mucho m\u00e1s que una feria tecnol\u00f3gica; es el epicentro donde las innovaciones del ma\u00f1ana cobran vida. Aqu\u00ed te compartimos algunas curiosidades que quiz\u00e1s no conoc\u00edas sobre este ic\u00f3nico evento:<\/p>\n\n\n\n<figure class=\"wp-block-gallery has-nested-images columns-default is-cropped wp-block-gallery-1 is-layout-flex wp-block-gallery-is-layout-flex\">\n<figure class=\"wp-block-image size-large\"><img loading=\"lazy\" decoding=\"async\" width=\"1024\" height=\"682\" data-id=\"577930\" src=\"https:\/\/diariodominicano.com\/wp-content\/uploads\/2024\/11\/CES-Pano.jpg\" alt=\"\" class=\"wp-image-577930\" srcset=\"https:\/\/diariodominicano.com\/wp-content\/uploads\/2024\/11\/CES-Pano.jpg 1024w, https:\/\/diariodominicano.com\/wp-content\/uploads\/2024\/11\/CES-Pano-300x200.jpg 300w, https:\/\/diariodominicano.com\/wp-content\/uploads\/2024\/11\/CES-Pano-768x512.jpg 768w, https:\/\/diariodominicano.com\/wp-content\/uploads\/2024\/11\/CES-Pano-816x543.jpg 816w\" sizes=\"auto, (max-width: 1024px) 100vw, 1024px\" \/><\/figure>\n<\/figure>\n\n\n\n<ol class=\"wp-block-list\" start=\"1\">\n<li><strong>Un legado que trasciende d\u00e9cadas<\/strong><br>El CES se celebr\u00f3 por primera vez en junio de 1967 en Nueva York, con apenas 200 expositores y alrededor de 17,500 asistentes. Hoy, re\u00fane a m\u00e1s de\u00a0<strong>4,500 empresas<\/strong>\u00a0y atrae a m\u00e1s de\u00a0<strong>175,000 visitantes de todo el mundo<\/strong>.<\/li>\n\n\n\n<li><strong>El CES y los grandes lanzamientos tecnol\u00f3gicos<\/strong><br>Este evento ha sido testigo del debut de tecnolog\u00edas que revolucionaron nuestras vidas, como el\u00a0<strong>videocassette en 1970<\/strong>, el\u00a0<strong>DVD en 1996<\/strong>, y m\u00e1s recientemente, los\u00a0<strong>televisores 8K<\/strong>\u00a0y dispositivos con inteligencia artificial.<\/li>\n\n\n\n<li><strong>Samsung: Un protagonista hist\u00f3rico del CES<\/strong><br>Samsung ha sido una figura central en el CES durante d\u00e9cadas, liderando la presentaci\u00f3n de avances tecnol\u00f3gicos que han redefinido la industria. Algunos hitos destacados incluyen:\n<ul class=\"wp-block-list\">\n<li><strong>2001<\/strong>: Presentaci\u00f3n del primer televisor de pantalla plana LCD.<\/li>\n\n\n\n<li><strong>2010<\/strong>: Lanzamiento del\u00a0<strong>Galaxy Tab<\/strong>, marcando su entrada en el mercado de tablets.<\/li>\n\n\n\n<li><strong>2018<\/strong>: Introducci\u00f3n de\u00a0<strong>The Wall<\/strong>, un televisor modular MicroLED que revolucion\u00f3 la forma de ver contenidos.<\/li>\n\n\n\n<li><strong>2020<\/strong>: Samsung dio un gran paso hacia el hogar conectado con su plataforma\u00a0<strong>SmartThings<\/strong>, combinando IoT e inteligencia artificial.<\/li>\n\n\n\n<li><strong>2023<\/strong>: Presentaci\u00f3n de la nueva generaci\u00f3n de dispositivos con Galaxy AI y con sostenibilidad integrada, expandiendo su filosof\u00eda de AI para todos y de un planeta m\u00e1s verde. <\/li>\n<\/ul>\n<\/li>\n<\/ol>\n\n\n\n<figure class=\"wp-block-gallery has-nested-images columns-default is-cropped wp-block-gallery-2 is-layout-flex wp-block-gallery-is-layout-flex\">\n<figure class=\"wp-block-image size-large\"><img loading=\"lazy\" decoding=\"async\" width=\"1024\" height=\"683\" data-id=\"577931\" src=\"https:\/\/diariodominicano.com\/wp-content\/uploads\/2024\/11\/CES-Vehiculo.jpg\" alt=\"\" class=\"wp-image-577931\" srcset=\"https:\/\/diariodominicano.com\/wp-content\/uploads\/2024\/11\/CES-Vehiculo.jpg 1024w, https:\/\/diariodominicano.com\/wp-content\/uploads\/2024\/11\/CES-Vehiculo-300x200.jpg 300w, https:\/\/diariodominicano.com\/wp-content\/uploads\/2024\/11\/CES-Vehiculo-768x512.jpg 768w, https:\/\/diariodominicano.com\/wp-content\/uploads\/2024\/11\/CES-Vehiculo-816x544.jpg 816w\" sizes=\"auto, (max-width: 1024px) 100vw, 1024px\" \/><\/figure>\n<\/figure>\n\n\n\n<ol class=\"wp-block-list\" start=\"1\">\n<li><strong>Una plataforma para startups y grandes nombres<\/strong><br>Adem\u00e1s de liderar con sus innovaciones, Samsung tambi\u00e9n impulsa el ecosistema de startups en el CES, colaborando con empresas emergentes a trav\u00e9s de su programa\u00a0<strong>C-Lab<\/strong>.<\/li>\n\n\n\n<li><strong>M\u00e1s all\u00e1 de los gadgets<\/strong><br>Aunque muchos asocian el CES con dispositivos como tel\u00e9fonos o televisores, Samsung ha destacado en temas como\u00a0<strong>inteligencia artificial aplicada<\/strong>,\u00a0<strong>ciudades inteligentes<\/strong>, y tecnolog\u00edas para\u00a0<strong>salud digital<\/strong>.<\/li>\n\n\n\n<li><strong>Un impacto global<\/strong><br>El CES no solo define tendencias tecnol\u00f3gicas; tambi\u00e9n impulsa econom\u00edas y abre puertas a colaboraciones globales. La participaci\u00f3n constante de Samsung en el evento ha cimentado su posici\u00f3n como l\u00edder en innovaci\u00f3n tecnol\u00f3gica.<\/li>\n<\/ol>\n\n\n\n<p><strong>\u00bfSab\u00edas esto?<\/strong><\/p>\n\n\n\n<p>El CES no est\u00e1 abierto al p\u00fablico general, sino que es un evento exclusivo para profesionales de la industria y prensa. Esto lo convierte en un escenario perfecto para el networking y el acceso a primicias exclusivas.<\/p>\n\n\n\n<p>Con su historial de innovaciones presentadas en el CES, Samsung contin\u00faa liderando el camino hacia un futuro m\u00e1s conectado y sostenible.<\/p>\n\n\n\n<p><strong>Dora Rojas<\/strong>\u00a0&lt;dora@prismgrp.com> <\/p>\n","protected":false},"excerpt":{"rendered":"<p>Santo Domingo, RD. Noviembre 2024.&nbsp;\u2013 El&nbsp;Consumer Electronics Show (CES), celebrado anualmente en Las Vegas, es mucho m\u00e1s que una feria tecnol\u00f3gica; es el epicentro donde las innovaciones del ma\u00f1ana cobran vida. Aqu\u00ed te compartimos algunas curiosidades que quiz\u00e1s no conoc\u00edas sobre este ic\u00f3nico evento: \u00bfSab\u00edas esto? El CES no est\u00e1 abierto al p\u00fablico general, sino [&hellip;]<\/p>\n","protected":false},"author":7,"featured_media":577929,"comment_status":"closed","ping_status":"closed","sticky":false,"template":"","format":"standard","meta":{"footnotes":""},"categories":[36],"tags":[1033,1032,1031],"class_list":["post-577824","post","type-post","status-publish","format-standard","has-post-thumbnail","hentry","category-hombresmujeresycosas","tag-ces","tag-consumer-electronics-show","tag-consumer-electronics-show-ces"],"_links":{"self":[{"href":"https:\/\/diariodominicano.com\/index.php?rest_route=\/wp\/v2\/posts\/577824","targetHints":{"allow":["GET"]}}],"collection":[{"href":"https:\/\/diariodominicano.com\/index.php?rest_route=\/wp\/v2\/posts"}],"about":[{"href":"https:\/\/diariodominicano.com\/index.php?rest_route=\/wp\/v2\/types\/post"}],"author":[{"embeddable":true,"href":"https:\/\/diariodominicano.com\/index.php?rest_route=\/wp\/v2\/users\/7"}],"replies":[{"embeddable":true,"href":"https:\/\/diariodominicano.com\/index.php?rest_route=%2Fwp%2Fv2%2Fcomments&post=577824"}],"version-history":[{"count":1,"href":"https:\/\/diariodominicano.com\/index.php?rest_route=\/wp\/v2\/posts\/577824\/revisions"}],"predecessor-version":[{"id":577932,"href":"https:\/\/diariodominicano.com\/index.php?rest_route=\/wp\/v2\/posts\/577824\/revisions\/577932"}],"wp:featuredmedia":[{"embeddable":true,"href":"https:\/\/diariodominicano.com\/index.php?rest_route=\/wp\/v2\/media\/577929"}],"wp:attachment":[{"href":"https:\/\/diariodominicano.com\/index.php?rest_route=%2Fwp%2Fv2%2Fmedia&parent=577824"}],"wp:term":[{"taxonomy":"category","embeddable":true,"href":"https:\/\/diariodominicano.com\/index.php?rest_route=%2Fwp%2Fv2%2Fcategories&post=577824"},{"taxonomy":"post_tag","embeddable":true,"href":"https:\/\/diariodominicano.com\/index.php?rest_route=%2Fwp%2Fv2%2Ftags&post=577824"}],"curies":[{"name":"wp","href":"https:\/\/api.w.org\/{rel}","templated":true}]}}