{"id":577772,"date":"2024-11-26T18:06:40","date_gmt":"2024-11-26T22:06:40","guid":{"rendered":"https:\/\/diariodominicano.com\/?p=577772"},"modified":"2024-11-27T01:25:32","modified_gmt":"2024-11-27T05:25:32","slug":"por-iniciativa-de-republica-dominicana-onu-conmemora-25-anos-del-dia-de-la-eliminacion-de-la-violencia-contra-la-mujer","status":"publish","type":"post","link":"https:\/\/diariodominicano.com\/?p=577772","title":{"rendered":"Por iniciativa de Rep\u00fablica Dominicana ONU conmemora 25 a\u00f1os del d\u00eda de la eliminaci\u00f3n de la violencia contra la mujer\u00a0"},"content":{"rendered":"\n<p>Nueva York, Estados Unidos.- Por iniciativa de Rep\u00fablica Dominicana, la Organizaci\u00f3n de las Naciones Unidas (ONU) realiz\u00f3 este lunes una Reuni\u00f3n de Alto Nivel para conmemorar el 25 aniversario del D\u00eda Internacional para la Eliminaci\u00f3n de la Violencia contra la Mujer. En el evento, realizado en el sal\u00f3n de la Asamblea General, la Rep\u00fablica Dominicana destac\u00f3 los avances y desaf\u00edos en los que est\u00e1 empe\u00f1ado el Gobierno dominicano para erradicar este flagelo.<\/p>\n\n\n\n<p>En este evento, la ministra de la Mujer, Mayra Jim\u00e9nez, quien encabez\u00f3 la delegaci\u00f3n dominicana, expres\u00f3 que, estos 25 a\u00f1os de acci\u00f3n global para visibilizar la violencia contra las mujeres, han significado un gran avance en el reconocimiento de la violencia como un asunto de orden p\u00fablico.<\/p>\n\n\n\n<figure class=\"wp-block-gallery has-nested-images columns-default is-cropped wp-block-gallery-1 is-layout-flex wp-block-gallery-is-layout-flex\">\n<figure class=\"wp-block-image size-large\"><img loading=\"lazy\" decoding=\"async\" width=\"624\" height=\"468\" data-id=\"577794\" src=\"https:\/\/diariodominicano.com\/wp-content\/uploads\/2024\/11\/Por-iniciativa-Republica-Dominicana-ONU-conmemora-25-anos-del-dia-de-la-eliminacion-de-la-violencia-contra-la-mujer.jpeg\" alt=\"\" class=\"wp-image-577794\" srcset=\"https:\/\/diariodominicano.com\/wp-content\/uploads\/2024\/11\/Por-iniciativa-Republica-Dominicana-ONU-conmemora-25-anos-del-dia-de-la-eliminacion-de-la-violencia-contra-la-mujer.jpeg 624w, https:\/\/diariodominicano.com\/wp-content\/uploads\/2024\/11\/Por-iniciativa-Republica-Dominicana-ONU-conmemora-25-anos-del-dia-de-la-eliminacion-de-la-violencia-contra-la-mujer-300x225.jpeg 300w\" sizes=\"auto, (max-width: 624px) 100vw, 624px\" \/><\/figure>\n<\/figure>\n\n\n\n<p>La ministra Jim\u00e9nez tambi\u00e9n destac\u00f3, que los esfuerzos globales, regionales y nacionales para poner fin a la violencia merecen ser reconocidos. Una gran cantidad de pa\u00edses cuentan con leyes para garantizar los derechos y el acceso de las v\u00edctimas a los sistemas de justicia; mecanismos institucionales de protecci\u00f3n, atenci\u00f3n y gobernanza; planes y herramientas para la prevenci\u00f3n, presupuestos especializados y sistemas estad\u00edsticos que dan cuenta del compromiso con la erradicaci\u00f3n de este flagelo,\u00a0 as\u00ed como una cantidad importante de instrumentos, declaraciones y resoluciones en el \u00e1mbito internacional.<\/p>\n\n\n\n<figure class=\"wp-block-gallery has-nested-images columns-default is-cropped wp-block-gallery-2 is-layout-flex wp-block-gallery-is-layout-flex\">\n<figure class=\"wp-block-image size-large\"><img loading=\"lazy\" decoding=\"async\" width=\"624\" height=\"468\" data-id=\"577796\" src=\"https:\/\/diariodominicano.com\/wp-content\/uploads\/2024\/11\/Por-iniciativa-de-Republica-Dominicana-ONU-conmemora.jpeg\" alt=\"\" class=\"wp-image-577796\" srcset=\"https:\/\/diariodominicano.com\/wp-content\/uploads\/2024\/11\/Por-iniciativa-de-Republica-Dominicana-ONU-conmemora.jpeg 624w, https:\/\/diariodominicano.com\/wp-content\/uploads\/2024\/11\/Por-iniciativa-de-Republica-Dominicana-ONU-conmemora-300x225.jpeg 300w\" sizes=\"auto, (max-width: 624px) 100vw, 624px\" \/><\/figure>\n<\/figure>\n\n\n\n<p>La reuni\u00f3n cont\u00f3 adem\u00e1s con la participaci\u00f3n de la se\u00f1ora Minou Tav\u00e1rez Mirabal, hija de Minerva Mirabal, quien sostuvo que\u00a0 las reparaciones son un componente vital para abordar el da\u00f1o sufrido por las v\u00edctimas de cr\u00edmenes graves, incluyendo los de violencia sexual y de g\u00e9nero. A trav\u00e9s de las reparaciones, proporcionamos a los y las sobrevivientes el reconocimiento de su dolor, su resiliencia y las injusticias que han sufrido.<\/p>\n\n\n\n<figure class=\"wp-block-gallery has-nested-images columns-default is-cropped wp-block-gallery-3 is-layout-flex wp-block-gallery-is-layout-flex\">\n<figure class=\"wp-block-image size-large\"><img loading=\"lazy\" decoding=\"async\" width=\"624\" height=\"468\" data-id=\"577793\" src=\"https:\/\/diariodominicano.com\/wp-content\/uploads\/2024\/11\/Por-iniciativa-de-Republica-Dominicana-ONU-conmemora-25-anos-del-dia-la-eliminacion-de-la-violencia-contra-la-mujer.jpeg\" alt=\"\" class=\"wp-image-577793\" srcset=\"https:\/\/diariodominicano.com\/wp-content\/uploads\/2024\/11\/Por-iniciativa-de-Republica-Dominicana-ONU-conmemora-25-anos-del-dia-la-eliminacion-de-la-violencia-contra-la-mujer.jpeg 624w, https:\/\/diariodominicano.com\/wp-content\/uploads\/2024\/11\/Por-iniciativa-de-Republica-Dominicana-ONU-conmemora-25-anos-del-dia-la-eliminacion-de-la-violencia-contra-la-mujer-300x225.jpeg 300w\" sizes=\"auto, (max-width: 624px) 100vw, 624px\" \/><\/figure>\n<\/figure>\n\n\n\n<p>Esta reuni\u00f3n fue aprobada mediante la resoluci\u00f3n 78\/288 de la Asamblea General, la cual fue propuesta por el Ministerio de la Mujer e impulsada por la Misi\u00f3n Permanente de Rep\u00fablica Dominicana ante la ONU, con el respaldo del Presidente de la Rep\u00fablica Luis Abinader, para conmemorar el 25 aniversario de la proclamaci\u00f3n de este d\u00eda, efem\u00e9ride que fue aprobada por ese organismo en 1999 con la resoluci\u00f3n 54\/134, para honrar a las hermanas Mirabal, cuyo activismo y resistencia han impulsado la atenci\u00f3n mundial convirti\u00e9ndose en un referente en la lucha contra la violencia hacia las mujeres.&nbsp;<\/p>\n\n\n\n<p>En el marco de esta Reuni\u00f3n de Alto Nivel, el Ministerio de la Mujer junto con la misi\u00f3n permanente de Rep\u00fablica Dominicana ante la ONU, ONU Mujeres y las misiones permanentes de Canad\u00e1, Costa Rica, M\u00e9xico y Sud\u00e1frica, realizaron el panel:&nbsp; Oportunidades para el cambio: Iniciativas exitosas en \u00e1reas pol\u00edtica, econ\u00f3mica y social, que tuvo lugar en la sede de este organismo; en el cual participaron&nbsp; la Ministra Jim\u00e9nez el Embajador Blanco y Melba Segura de Grull\u00f3n, presidenta de la Sur Futuro. En el mismo se analizaron los avances de los pa\u00edses en torno a las respuestas en el \u00e1mbito legislativo e institucional sobre la violencia contra la mujer y sobre el desarrollo de medios de vida para la prevenci\u00f3n de la violencia especialmente en la zona rural.<\/p>\n\n\n\n<p>De igual manera, la ministra Mayra Jim\u00e9nez sostuvo una reuni\u00f3n con el Presidente General de las Naciones Unidas Se\u00f1or <strong>Philemon Yang<\/strong>, a quien le expres\u00f3 la importancia para la Rep\u00fablica Dominicana, de las discusiones multilaterales y los temas relacionados al desarrollo de nuestros pa\u00edses; entre ellos el empoderamiento econ\u00f3mico de las mujeres, la educaci\u00f3n de calidad y accesible para todas las personas, as\u00ed como asegurar el financiamiento de las pol\u00edticas p\u00fablicas con enfoque de igualdad.&nbsp;<\/p>\n\n\n\n<p>La ministra Jim\u00e9nez y el embajador Blanco sostuvieron una reuni\u00f3n con la Directora Ejecutiva de&nbsp; ONU Mujeres Sima Bahous en la cual se abord\u00f3 la importancia de apoyar los esfuerzos para el establecimiento de pol\u00edticas de cuidados que propicien oportunidades para el desarrollo econ\u00f3mico de las mujeres. As\u00ed como tambi\u00e9n, trataron sobre los desaf\u00edos de cara a la conmemoraci\u00f3n del 30 aniversario de la IV Conferencia Mundial sobre la Mujer.&nbsp;<\/p>\n\n\n\n<p>La delegaci\u00f3n de la Rep\u00fablica Dominicana en esta importante reuni\u00f3n la integran representantes del Senado de la Rep\u00fablica, la C\u00e1mara de Diputados, el Tribunal Constitucional, Ministerio de&nbsp; Defensa, Polic\u00eda Nacional, Sup\u00e9rate, representantes de las federaciones empresariales de mujeres, sociedad civil, organizaciones campesinas, una amplia representaci\u00f3n de organizaciones de la comunidad dominicana en la ciudad de Nueva York, y de los medios de comunicaci\u00f3n.&nbsp;<\/p>\n\n\n\n<p><strong>Prensa Ministerio de la Mujer<\/strong> &lt;<a href=\"mailto:prensa@mujergobdo.onmicrosoft.com\">prensa@mujergobdo.onmicrosoft.com<\/a>&gt;&nbsp;<\/p>\n","protected":false},"excerpt":{"rendered":"<p>Nueva York, Estados Unidos.- Por iniciativa de Rep\u00fablica Dominicana, la Organizaci\u00f3n de las Naciones Unidas (ONU) realiz\u00f3 este lunes una Reuni\u00f3n de Alto Nivel para conmemorar el 25 aniversario del D\u00eda Internacional para la Eliminaci\u00f3n de la Violencia contra la Mujer. En el evento, realizado en el sal\u00f3n de la Asamblea General, la Rep\u00fablica Dominicana [&hellip;]<\/p>\n","protected":false},"author":7,"featured_media":577795,"comment_status":"closed","ping_status":"closed","sticky":false,"template":"","format":"standard","meta":{"footnotes":""},"categories":[21],"tags":[292,197],"class_list":["post-577772","post","type-post","status-publish","format-standard","has-post-thumbnail","hentry","category-cultura","tag-onu","tag-republica-dominicana"],"_links":{"self":[{"href":"https:\/\/diariodominicano.com\/index.php?rest_route=\/wp\/v2\/posts\/577772","targetHints":{"allow":["GET"]}}],"collection":[{"href":"https:\/\/diariodominicano.com\/index.php?rest_route=\/wp\/v2\/posts"}],"about":[{"href":"https:\/\/diariodominicano.com\/index.php?rest_route=\/wp\/v2\/types\/post"}],"author":[{"embeddable":true,"href":"https:\/\/diariodominicano.com\/index.php?rest_route=\/wp\/v2\/users\/7"}],"replies":[{"embeddable":true,"href":"https:\/\/diariodominicano.com\/index.php?rest_route=%2Fwp%2Fv2%2Fcomments&post=577772"}],"version-history":[{"count":1,"href":"https:\/\/diariodominicano.com\/index.php?rest_route=\/wp\/v2\/posts\/577772\/revisions"}],"predecessor-version":[{"id":577797,"href":"https:\/\/diariodominicano.com\/index.php?rest_route=\/wp\/v2\/posts\/577772\/revisions\/577797"}],"wp:featuredmedia":[{"embeddable":true,"href":"https:\/\/diariodominicano.com\/index.php?rest_route=\/wp\/v2\/media\/577795"}],"wp:attachment":[{"href":"https:\/\/diariodominicano.com\/index.php?rest_route=%2Fwp%2Fv2%2Fmedia&parent=577772"}],"wp:term":[{"taxonomy":"category","embeddable":true,"href":"https:\/\/diariodominicano.com\/index.php?rest_route=%2Fwp%2Fv2%2Fcategories&post=577772"},{"taxonomy":"post_tag","embeddable":true,"href":"https:\/\/diariodominicano.com\/index.php?rest_route=%2Fwp%2Fv2%2Ftags&post=577772"}],"curies":[{"name":"wp","href":"https:\/\/api.w.org\/{rel}","templated":true}]}}