{"id":577701,"date":"2024-11-26T11:08:29","date_gmt":"2024-11-26T15:08:29","guid":{"rendered":"https:\/\/diariodominicano.com\/?p=577701"},"modified":"2024-11-26T11:08:36","modified_gmt":"2024-11-26T15:08:36","slug":"sismo-de-magnitud-64-ocurre-en-la-prefectura-occidental-japonesa-de-ishikawa","status":"publish","type":"post","link":"https:\/\/diariodominicano.com\/?p=577701","title":{"rendered":"Sismo de magnitud 6,4 ocurre en la prefectura occidental japonesa de Ishikawa"},"content":{"rendered":"\n<p>diariodominicano.com<\/p>\n\n\n\n<p>TOKIO, 26 nov (Xinhua) &#8212; Un sismo de magnitud 6,4 en la escalada de Richter sacudi\u00f3 hoy martes la prefectura de Ishikawa, en el oeste de Jap\u00f3n, de acuerdo con la agencia meteorol\u00f3gica del pa\u00eds. El temblor ocurri\u00f3 a las 22:47 hora local a una profundidad de 10 kil\u00f3metros y midi\u00f3 menos de 5 en la escala japonesa de intensidad s\u00edsmica de 7 en partes de la prefectura, dijo la Agencia Meteorol\u00f3gica de Jap\u00f3n (JMA, siglas en ingl\u00e9s). El epicentro se localiz\u00f3 a 37 grados de latitud norte y 136,5 grados de longitud este.<\/p>\n","protected":false},"excerpt":{"rendered":"<p>diariodominicano.com TOKIO, 26 nov (Xinhua) &#8212; Un sismo de magnitud 6,4 en la escalada de Richter sacudi\u00f3 hoy martes la prefectura de Ishikawa, en el oeste de Jap\u00f3n, de acuerdo con la agencia meteorol\u00f3gica del pa\u00eds. El temblor ocurri\u00f3 a las 22:47 hora local a una profundidad de 10 kil\u00f3metros y midi\u00f3 menos de 5 [&hellip;]<\/p>\n","protected":false},"author":5,"featured_media":577702,"comment_status":"closed","ping_status":"closed","sticky":true,"template":"","format":"standard","meta":{"footnotes":""},"categories":[23,27],"tags":[],"class_list":["post-577701","post","type-post","status-publish","format-standard","has-post-thumbnail","hentry","category-internacional","category-portada"],"_links":{"self":[{"href":"https:\/\/diariodominicano.com\/index.php?rest_route=\/wp\/v2\/posts\/577701","targetHints":{"allow":["GET"]}}],"collection":[{"href":"https:\/\/diariodominicano.com\/index.php?rest_route=\/wp\/v2\/posts"}],"about":[{"href":"https:\/\/diariodominicano.com\/index.php?rest_route=\/wp\/v2\/types\/post"}],"author":[{"embeddable":true,"href":"https:\/\/diariodominicano.com\/index.php?rest_route=\/wp\/v2\/users\/5"}],"replies":[{"embeddable":true,"href":"https:\/\/diariodominicano.com\/index.php?rest_route=%2Fwp%2Fv2%2Fcomments&post=577701"}],"version-history":[{"count":1,"href":"https:\/\/diariodominicano.com\/index.php?rest_route=\/wp\/v2\/posts\/577701\/revisions"}],"predecessor-version":[{"id":577703,"href":"https:\/\/diariodominicano.com\/index.php?rest_route=\/wp\/v2\/posts\/577701\/revisions\/577703"}],"wp:featuredmedia":[{"embeddable":true,"href":"https:\/\/diariodominicano.com\/index.php?rest_route=\/wp\/v2\/media\/577702"}],"wp:attachment":[{"href":"https:\/\/diariodominicano.com\/index.php?rest_route=%2Fwp%2Fv2%2Fmedia&parent=577701"}],"wp:term":[{"taxonomy":"category","embeddable":true,"href":"https:\/\/diariodominicano.com\/index.php?rest_route=%2Fwp%2Fv2%2Fcategories&post=577701"},{"taxonomy":"post_tag","embeddable":true,"href":"https:\/\/diariodominicano.com\/index.php?rest_route=%2Fwp%2Fv2%2Ftags&post=577701"}],"curies":[{"name":"wp","href":"https:\/\/api.w.org\/{rel}","templated":true}]}}