{"id":577670,"date":"2024-11-26T10:09:49","date_gmt":"2024-11-26T14:09:49","guid":{"rendered":"https:\/\/diariodominicano.com\/?p=577670"},"modified":"2024-11-26T10:10:40","modified_gmt":"2024-11-26T14:10:40","slug":"pablo-vierci-autor-de-la-sociedad-de-la-nieve-tenia-que-estar-a-la-altura-porque-las-victimas-son-mis-amigos","status":"publish","type":"post","link":"https:\/\/diariodominicano.com\/?p=577670","title":{"rendered":"Pablo Vierci, autor de \u00abLa Sociedad de la Nieve\u00bb: \u201cTen\u00eda que estar a la altura porque las v\u00edctimas son mis amigos\u201d"},"content":{"rendered":"\n<p>El periodista y escritor Pablo Vierci es el autor de &#8216;La Sociedad de la Nieve&#8217;, el libro que rememora la tragedia a\u00e9rea en los Andes de 1972.<\/p>\n\n\n\n<p>noviembre 26, 2024<\/p>\n\n\n\n<ul class=\"wp-block-list\">\n<li><a href=\"https:\/\/www.vozdeamerica.com\/author\/antoni-belchi\/mymyv\">Antoni Belchi<\/a><\/li>\n<\/ul>\n\n\n\n<ul class=\"wp-block-list\">\n<li><a href=\"https:\/\/facebook.com\/sharer.php?u=https%3a%2f%2fwww.vozdeamerica.com%2fa%2fpablo-vierci-sociedad-nieve-altura-victimas-amigos%2f7877076.html\" target=\"_blank\" rel=\"noreferrer noopener\"><\/a><\/li>\n\n\n\n<li><a href=\"https:\/\/twitter.com\/share?url=https%3a%2f%2fwww.vozdeamerica.com%2fa%2fpablo-vierci-sociedad-nieve-altura-victimas-amigos%2f7877076.html&amp;text=Pablo+Vierci%2c+autor+de+%22La+Sociedad+de+la+Nieve%22%3a+%e2%80%9cTen%c3%ada+que+estar+a+la+altura+porque+las+v%c3%adctimas+son+mis+amigos%e2%80%9d\" target=\"_blank\" rel=\"noreferrer noopener\"><\/a><\/li>\n\n\n\n<li><\/li>\n\n\n\n<li><a href=\"mailto:?body=https%3a%2f%2fwww.vozdeamerica.com%2fa%2fpablo-vierci-sociedad-nieve-altura-victimas-amigos%2f7877076.html&amp;subject=Pablo%20Vierci,%20autor%20de%20%22La%20Sociedad%20de%20la%20Nieve%22:%20%E2%80%9CTen%C3%ADa%20que%20estar%20a%20la%20altura%20porque%20las%20v%C3%ADctimas%20son%20mis%20amigos%E2%80%9D\"><\/a><\/li>\n<\/ul>\n\n\n\n<p><a href=\"https:\/\/www.vozdeamerica.com\/a\/pablo-vierci-sociedad-nieve-altura-victimas-amigos\/7877076.html#comments\">&nbsp;Vea comentarios<\/a><\/p>\n\n\n\n<p>El escritor Pablo Vierci present\u00f3 en la Feria Internacional del Libro en Miami su libro \u00abLa Sociedad de la Nieve\u00bb, donde narra la historia de los 16 sobrevivientes del vuelo 571, una odisea de 72 d\u00edas en los Andes que ha inspirado obras literarias y la exitosa pel\u00edcula dirigida por J.A. Bayona.<\/p>\n\n\n\n<p>MIAMI, EEUU \u2014&nbsp;<\/p>\n\n\n\n<p>Hace m\u00e1s de medio siglo, la desaparici\u00f3n del vuelo 571 de la Fuerza A\u00e9rea Uruguaya conmocion\u00f3 a todo un pa\u00eds. Era el 13 de octubre de 1972 cuando el avi\u00f3n Fairchild FH-227D, con 45 personas a bordo y en ruta a Montevideo desde Santiago de Chile, se estrell\u00f3 en alg\u00fan punto de los Andes.<\/p>\n\n\n\n<p>Setenta y dos d\u00edas despu\u00e9s, cuando pr\u00e1cticamente todas las esperanzas se hab\u00edan desvanecido, las autoridades confirmaron que 16 personas hab\u00edan sobrevivido durante todo ese tiempo enfrent\u00e1ndose a las extremas condiciones del terreno, especialmente al fr\u00edo.<\/p>\n\n\n\n<p>\u201cNunca hab\u00eda habido sobrevivientes en ese lugar, porque eso es como es estar en Marte, entre monta\u00f1as, a 4.000 metros de altura, sin absolutamente nada, m\u00e1s que tus amigos\u201d, recuerda Pablo Vierci, periodista y autor de&nbsp;<em>La Sociedad de la Nieve (2008)<\/em>, un libro que narra las experiencias de los sobrevivientes durante esos m\u00e1s de dos meses.<\/p>\n\n\n\n<p>El escritor acaba de presentar una reedici\u00f3n de su obra en la Feria Internacional del Libro de Miami, aprovechando el tir\u00f3n que ha tenido&nbsp;<em><strong><a href=\"https:\/\/www.vozdeamerica.com\/a\/la-sociedad-de-la-nieve-es-la-gran-ganadora-en-premios-platino-2024\/7579532.html\" target=\"_blank\" rel=\"noreferrer noopener\">la pel\u00edcula hom\u00f3nima dirigida por Juan Antonio Bayona<\/a><\/strong><\/em>, estrenada a finales del a\u00f1o pasado.<\/p>\n\n\n\n<p>Vierci explica durante una entrevista con la&nbsp;<strong><em>Voz de Am\u00e9rica<\/em>&nbsp;<\/strong>que el proceso de documentaci\u00f3n fue \u201cpeculiar\u201d, en tanto que no tuvo que dedicar una buena parte del tiempo tratando de encontrar a los sobrevivientes ya que \u00e9l conoc\u00eda personalmente a todos aquellos estudiantes que iban a bordo.<\/p>\n\n\n\n<p><video poster=\"https:\/\/gdb.voanews.com\/f544d9b2-3db0-444e-b3d1-dc9931ac80f1_tv_w650_r1.jpg\" src=\"blob:https:\/\/www.vozdeamerica.com\/4e1836cd-43a6-4106-a2c4-259b5241f2d1\" height=\"381\" width=\"676\"><\/video><\/p>\n\n\n\n<h5 class=\"wp-block-heading\"><a href=\"https:\/\/www.vozdeamerica.com\/a\/pablo-vierci-sociedad-nieve-altura-victimas-amigos\/7877079.html\" target=\"_blank\" rel=\"noreferrer noopener\">Pablo Vierci habla del compromiso a la hora de escribir \u00abLa Sociedad de la Nieve\u00bb<\/a><\/h5>\n\n\n\n<ul class=\"wp-block-list\">\n<li><a href=\"https:\/\/facebook.com\/sharer.php?u=https%3a%2f%2fwww.vozdeamerica.com%2fa%2f7877079.html\" target=\"_blank\" rel=\"noreferrer noopener\">Comparta en Facebook<\/a><\/li>\n\n\n\n<li><a href=\"https:\/\/twitter.com\/share?url=https%3a%2f%2fwww.vozdeamerica.com%2fa%2f7877079.html&amp;text=Pablo+Vierci+habla+del+compromiso+a+la+hora+de+escribir+%22La+Sociedad+de+la+Nieve%22\" target=\"_blank\" rel=\"noreferrer noopener\">Comparta en Twitter<\/a><\/li>\n<\/ul>\n\n\n\n<p><a href=\"https:\/\/www.vozdeamerica.com\/embed\/player\/Article\/7877079.html?type=video&amp;FullScreenMode=True\" target=\"_blank\" rel=\"noreferrer noopener\"><\/a><\/p>\n\n\n\n<p>&nbsp;Descargar&nbsp;<\/p>\n\n\n\n<p>\u201cSoy amigo de ellos desde la infancia, \u00e9ramos compa\u00f1eros del mismo colegio, del Stella Maris. Hab\u00edamos ido tambi\u00e9n a secundaria y luego formamos un club de exalumnos\u201d, explica el periodista, que comparti\u00f3 aula con Nando Parrado, uno de los que sobrevivieron tras el accidente.<\/p>\n\n\n\n<p>Esa cercan\u00eda con \u201clos vivos y tambi\u00e9n con los muertos\u201d hizo que \u00e9l se tomara este trabajo mucho m\u00e1s en serio, al considerar que \u00e9l deb\u00eda estar a la altura de los sobrevivientes y de los familiares que hab\u00edan perdido alg\u00fan ser querido.<\/p>\n\n\n\n<p>\u201cEs un proceso que lo que trae es compromiso, responsabilidad y un desaf\u00edo tremendo, que es subjetivo, intransferible e intangible: es saber si uno estuvo a la altura. Particularmente con quienes no pude hablar, que son los chicos, mis amigos, que murieron con 20, 23 a\u00f1os (&#8230;) No puedo ser desleal con los chicos muertos de tu juventud\u201d, insisti\u00f3.<\/p>\n\n\n\n<p><a href=\"https:\/\/www.vozdeamerica.com\/a\/fuerza-%C3%A1rea-chilena-rinde-homenaje-a-los-rescatistas-del-vuelo-que-se-estrello-en-los-andes-en-1972\/7538622.html\"><\/a><\/p>\n\n\n\n<p><a href=\"https:\/\/www.vozdeamerica.com\/a\/fuerza-%C3%A1rea-chilena-rinde-homenaje-a-los-rescatistas-del-vuelo-que-se-estrello-en-los-andes-en-1972\/7538622.html\">Tambi\u00e9n lea<\/a><\/p>\n\n\n\n<h4 class=\"wp-block-heading\"><a href=\"https:\/\/www.vozdeamerica.com\/a\/fuerza-%C3%A1rea-chilena-rinde-homenaje-a-los-rescatistas-del-vuelo-que-se-estrello-en-los-andes-en-1972\/7538622.html\">Chile rinde homenaje a rescatistas del vuelo que se estrell\u00f3 en Los Andes en 1972<\/a><\/h4>\n\n\n\n<p>Ese libro,&nbsp;<em>La Sociedad de la Nieve<\/em>, fue publicado originalmente en 2008 convirti\u00e9ndose en un \u00e9xito literario. Pero no fue hasta 2011, cuando al director de cine espa\u00f1ol le llega el relato de esta tragedia.<\/p>\n\n\n\n<p>\u201cMe manda la primera carta e inmediatamente se lo traslado a los sobrevivientes. Ah\u00ed yo advert\u00ed claramente que Bayona estaba en la misma l\u00ednea que yo, que tiene una sensibilidad exquisita. Es como un Leonardo Da Vinci, es un creador por antonomasia. Y sent\u00ed que estaba esa llama que se encendi\u00f3 en los Andes y que luego fue esa antorcha que muchos la tomamos y que hay que mantenerla\u201d, explic\u00f3 trazando paralelismo con el fuego que lograron crear los supervivientes para cocinar y mantenerse calientes frente a las bajas temperaturas del lugar del accidente.<\/p>\n\n\n\n<p>Las buenas sensaciones que le transmit\u00eda Bayona, sumado a que el director de cine quer\u00eda hacer la pel\u00edcula \u00edntegramente en espa\u00f1ol para ser lo m\u00e1s fiel a la realidad, fue lo que acab\u00f3 convenciendo a Vierci a sumarse a este proyecto cinematogr\u00e1fico, que tambi\u00e9n fue un \u00e9xito de taquilla y recibi\u00f3 grandes elogios por parte de la cr\u00edtica.<\/p>\n\n\n\n<p>Vierci estuvo trabajando durante m\u00e1s de seis a\u00f1os en el proceso de documentaci\u00f3n para la pel\u00edcula, hablando continuamente con los familiares y los sobrevivientes de la tragedia a\u00e9rea. Todo con un \u00fanico objetivo: acercarse lo m\u00e1s posible a la realidad.<\/p>\n\n\n\n<p><a href=\"https:\/\/www.vozdeamerica.com\/a\/la-sociedad-de-la-nieve-domina-los-goya\/7483107.html\"><\/a><\/p>\n\n\n\n<p><a href=\"https:\/\/www.vozdeamerica.com\/a\/la-sociedad-de-la-nieve-domina-los-goya\/7483107.html\">Tambi\u00e9n lea<\/a><\/p>\n\n\n\n<h4 class=\"wp-block-heading\"><a href=\"https:\/\/www.vozdeamerica.com\/a\/la-sociedad-de-la-nieve-domina-los-goya\/7483107.html\">\u00abLa sociedad de la nieve\u00bb domina los Goya con 12 premios, incluyendo pel\u00edcula y director<\/a><\/h4>\n\n\n\n<p>El escritor confiesa que \u00e9l \u201cen ning\u00fan momento\u201d dio por perdido el avi\u00f3n y que manten\u00eda la esperanza, por muy remota que pareciera. \u201cSe supo que se hab\u00eda suspendido la b\u00fasqueda, pero las familias y sus seres queridos no la suspendieron. Cuando tienes 22 a\u00f1os, tienes la sensaci\u00f3n de que tus amigos son inmortales porque son buenas personas, inteligentes, buenos deportistas. No se te pasa por la cabeza que puedan morir\u201d, subraya.<\/p>\n\n\n\n<p>Con todo, se muestra satisfecho que gracias al \u00e9xito de la pel\u00edcula, muchos j\u00f3venes ahora se han interesado por el libro. \u201cEs excelente que los j\u00f3venes tengan referentes de verdad, no de pl\u00e1stico, ni superh\u00e9roes. Es importante que tengan compa\u00f1eros, que sean generosos y que tengan compasi\u00f3n por el pr\u00f3jimo. Ese es mi aporte\u201d, apostilla.<\/p>\n","protected":false},"excerpt":{"rendered":"<p>El periodista y escritor Pablo Vierci es el autor de &#8216;La Sociedad de la Nieve&#8217;, el libro que rememora la tragedia a\u00e9rea en los Andes de 1972. noviembre 26, 2024 &nbsp;Vea comentarios El escritor Pablo Vierci present\u00f3 en la Feria Internacional del Libro en Miami su libro \u00abLa Sociedad de la Nieve\u00bb, donde narra la [&hellip;]<\/p>\n","protected":false},"author":28,"featured_media":577671,"comment_status":"closed","ping_status":"closed","sticky":true,"template":"","format":"standard","meta":{"footnotes":""},"categories":[21,36,26,19],"tags":[],"class_list":["post-577670","post","type-post","status-publish","format-standard","has-post-thumbnail","hentry","category-cultura","category-hombresmujeresycosas","category-efemerides","category-mi-voz"],"_links":{"self":[{"href":"https:\/\/diariodominicano.com\/index.php?rest_route=\/wp\/v2\/posts\/577670","targetHints":{"allow":["GET"]}}],"collection":[{"href":"https:\/\/diariodominicano.com\/index.php?rest_route=\/wp\/v2\/posts"}],"about":[{"href":"https:\/\/diariodominicano.com\/index.php?rest_route=\/wp\/v2\/types\/post"}],"author":[{"embeddable":true,"href":"https:\/\/diariodominicano.com\/index.php?rest_route=\/wp\/v2\/users\/28"}],"replies":[{"embeddable":true,"href":"https:\/\/diariodominicano.com\/index.php?rest_route=%2Fwp%2Fv2%2Fcomments&post=577670"}],"version-history":[{"count":2,"href":"https:\/\/diariodominicano.com\/index.php?rest_route=\/wp\/v2\/posts\/577670\/revisions"}],"predecessor-version":[{"id":577674,"href":"https:\/\/diariodominicano.com\/index.php?rest_route=\/wp\/v2\/posts\/577670\/revisions\/577674"}],"wp:featuredmedia":[{"embeddable":true,"href":"https:\/\/diariodominicano.com\/index.php?rest_route=\/wp\/v2\/media\/577671"}],"wp:attachment":[{"href":"https:\/\/diariodominicano.com\/index.php?rest_route=%2Fwp%2Fv2%2Fmedia&parent=577670"}],"wp:term":[{"taxonomy":"category","embeddable":true,"href":"https:\/\/diariodominicano.com\/index.php?rest_route=%2Fwp%2Fv2%2Fcategories&post=577670"},{"taxonomy":"post_tag","embeddable":true,"href":"https:\/\/diariodominicano.com\/index.php?rest_route=%2Fwp%2Fv2%2Ftags&post=577670"}],"curies":[{"name":"wp","href":"https:\/\/api.w.org\/{rel}","templated":true}]}}