{"id":577654,"date":"2024-11-26T10:17:01","date_gmt":"2024-11-26T14:17:01","guid":{"rendered":"https:\/\/diariodominicano.com\/?p=577654"},"modified":"2024-11-26T10:17:09","modified_gmt":"2024-11-26T14:17:09","slug":"conflictos-sectarios-dejan-88-muertos-en-el-distrito-noroccidente-paquistani-de-kurram","status":"publish","type":"post","link":"https:\/\/diariodominicano.com\/?p=577654","title":{"rendered":"Conflictos sectarios dejan 88 muertos en el distrito noroccidente paquistan\u00ed de Kurram"},"content":{"rendered":"\n<p>diariodominicano.com<\/p>\n\n\n\n<p>ISLAMABAD, 26 nov (Xinhua) &#8212; La cifra de muertos por conflictos sectarios en el distrito Kurram, provincia de Khyber Pakhtunkhwa, noroeste de Pakist\u00e1n, ha subido a 88, declar\u00f3 la administraci\u00f3n del hospital a la prensa. La violencia se desat\u00f3 el jueves pasado cuando una comitiva de autobuses que transportaba a musulmanes chi\u00edes sufri\u00f3 una emboscada en la zona de Parachinar, dejando muchas v\u00edctimas. El ataque desat\u00f3 una oleada de violencia sectaria entre las comunidades chi\u00edes y sun\u00edes, con numerosos ataques de represalia durante los d\u00edas posteriores, aumentando todav\u00eda m\u00e1s la cifra de fallecidos. Una delegaci\u00f3n del Gobierno provincial visit\u00f3 el distrito. Y ambas facciones han acordado un alto el fuego de siete d\u00edas.<\/p>\n","protected":false},"excerpt":{"rendered":"<p>diariodominicano.com ISLAMABAD, 26 nov (Xinhua) &#8212; La cifra de muertos por conflictos sectarios en el distrito Kurram, provincia de Khyber Pakhtunkhwa, noroeste de Pakist\u00e1n, ha subido a 88, declar\u00f3 la administraci\u00f3n del hospital a la prensa. La violencia se desat\u00f3 el jueves pasado cuando una comitiva de autobuses que transportaba a musulmanes chi\u00edes sufri\u00f3 una [&hellip;]<\/p>\n","protected":false},"author":5,"featured_media":577680,"comment_status":"closed","ping_status":"closed","sticky":true,"template":"","format":"standard","meta":{"footnotes":""},"categories":[23,27],"tags":[],"class_list":["post-577654","post","type-post","status-publish","format-standard","has-post-thumbnail","hentry","category-internacional","category-portada"],"_links":{"self":[{"href":"https:\/\/diariodominicano.com\/index.php?rest_route=\/wp\/v2\/posts\/577654","targetHints":{"allow":["GET"]}}],"collection":[{"href":"https:\/\/diariodominicano.com\/index.php?rest_route=\/wp\/v2\/posts"}],"about":[{"href":"https:\/\/diariodominicano.com\/index.php?rest_route=\/wp\/v2\/types\/post"}],"author":[{"embeddable":true,"href":"https:\/\/diariodominicano.com\/index.php?rest_route=\/wp\/v2\/users\/5"}],"replies":[{"embeddable":true,"href":"https:\/\/diariodominicano.com\/index.php?rest_route=%2Fwp%2Fv2%2Fcomments&post=577654"}],"version-history":[{"count":1,"href":"https:\/\/diariodominicano.com\/index.php?rest_route=\/wp\/v2\/posts\/577654\/revisions"}],"predecessor-version":[{"id":577681,"href":"https:\/\/diariodominicano.com\/index.php?rest_route=\/wp\/v2\/posts\/577654\/revisions\/577681"}],"wp:featuredmedia":[{"embeddable":true,"href":"https:\/\/diariodominicano.com\/index.php?rest_route=\/wp\/v2\/media\/577680"}],"wp:attachment":[{"href":"https:\/\/diariodominicano.com\/index.php?rest_route=%2Fwp%2Fv2%2Fmedia&parent=577654"}],"wp:term":[{"taxonomy":"category","embeddable":true,"href":"https:\/\/diariodominicano.com\/index.php?rest_route=%2Fwp%2Fv2%2Fcategories&post=577654"},{"taxonomy":"post_tag","embeddable":true,"href":"https:\/\/diariodominicano.com\/index.php?rest_route=%2Fwp%2Fv2%2Ftags&post=577654"}],"curies":[{"name":"wp","href":"https:\/\/api.w.org\/{rel}","templated":true}]}}