{"id":577631,"date":"2024-11-26T02:42:02","date_gmt":"2024-11-26T06:42:02","guid":{"rendered":"https:\/\/diariodominicano.com\/?p=577631"},"modified":"2024-11-26T02:51:14","modified_gmt":"2024-11-26T06:51:14","slug":"presidente-abinader-enciende-la-navidad-2024-anuncia-pago-de-regalia-pascual-para-primera-semana-de-diciembre-y-multiples-actividades-en-todo-el-pais","status":"publish","type":"post","link":"https:\/\/diariodominicano.com\/?p=577631","title":{"rendered":"Presidente Abinader anuncia entrega de Bono Navide\u00f1o y el pago de regal\u00eda pascual para primera semana de diciembre y actividades en todo el pa\u00eds"},"content":{"rendered":"\n<p>25 de Noviembre 2024 | 18:40<\/p>\n\n\n\n<figure class=\"wp-block-image\"><img decoding=\"async\" src=\"https:\/\/platform-cdn.sharethis.com\/img\/sharethis.svg\" alt=\"sharethis sharing button\"\/><\/figure>\n\n\n\n<p>Santo Domingo, RD.\u2002<strong>El  presidente Luis Abinader<\/strong>\u00a0encendi\u00f3 el lunes la\u00a0<strong>Navidad 2024<\/strong>\u00a0con el anuncio de\u00a0<strong>m\u00faltiples actividades<\/strong>\u00a0para el disfrute familiar en\u00a0<strong>ambientes sanos y de diversi\u00f3n<\/strong>, as\u00ed como la entrega del\u00a0<strong>Bono Navide\u00f1o<\/strong>\u00a0y el pago de la\u00a0<strong>regal\u00eda pascual<\/strong>, a realizarse la\u00a0<strong>primera semana de diciembre<\/strong>, por un monto de\u00a0<strong>RD 30,777 millones.<\/strong><\/p>\n\n\n\n<p><\/p>\n\n\n\n<p>Con el&nbsp;<strong>Bono Navide\u00f1o<\/strong>&nbsp;se beneficiar\u00e1n&nbsp;<strong>3 millones de personas<\/strong>, recibiendo&nbsp;<strong>tarjetas precargadas<\/strong>&nbsp;con un monto de&nbsp;<strong>RD 1,500 cada una<\/strong>, a ser utilizadas en cualquier establecimiento.<\/p>\n\n\n\n<figure class=\"wp-block-image\"><img decoding=\"async\" src=\"https:\/\/presidencia.gob.do\/sites\/default\/files\/inline-images\/658ed049-a1b0-4175-87c9-9a1bb5f4d095.jpeg\" alt=\"\"\/><\/figure>\n\n\n\n<p><strong>Villa Navidad<\/strong><\/p>\n\n\n\n<p>Con estas fiestas tambi\u00e9n retorna&nbsp;<strong>Villa Navidad en Santo Domingo<\/strong>, a celebrarse en el&nbsp;<strong>Palacio de los Deportes,&nbsp;<\/strong>del&nbsp;<strong>30 de noviembre al 6 de enero<\/strong>, y&nbsp;<strong>en Santiago<\/strong>, en los&nbsp;<strong>Jardines del Teatro Nacional<\/strong>, del&nbsp;<strong>2 de diciembre al 6 de enero<\/strong>, con&nbsp;<strong>nuevas atracciones para el disfrute familiar<\/strong>, como son espect\u00e1culos de drones, t\u00edteres y espuma con el Grinch, un carrusel, museo del deporte, educaci\u00f3n vial y fuegos artificiales todos los fines de semana.<\/p>\n\n\n\n<p><strong>Parques de Navidad<\/strong><\/p>\n\n\n\n<p>Adem\u00e1s, se organizar\u00e1n Parques de Navidad en<strong>&nbsp;diferentes puntos del pa\u00eds<\/strong>&nbsp;para el entretenimiento y fomento de&nbsp;<strong>tradiciones navide\u00f1as<\/strong>. Estos estar\u00e1n en La Romana, Hig\u00fcey, Moca, San Crist\u00f3bal, San Francisco de Macor\u00eds, Santo Domingo Norte, Cotu\u00ed, Azua, Puerto Plata y Mao.<\/p>\n\n\n\n<p><strong>Sabores de Navidad<\/strong><\/p>\n\n\n\n<p>Otras comunidades disfrutar\u00e1n de los&nbsp;<strong>Sabores de Navidad<\/strong>&nbsp;con&nbsp;<strong>cenas y almuerzos<\/strong>&nbsp;que tendr\u00e1n lugar&nbsp;<strong>entre el 16 y el 20 de diciembre<\/strong>, en Montecristi, Santiago, Bonao, San Juan de la Maguana, San Jos\u00e9 de Ocoa, Ban\u00ed, Monte Plata, San Pedro de Macor\u00eds, Santo Domingo Oeste, Distrito Nacional y Santo Domingo Este.<\/p>\n\n\n\n<p><strong>Ruta de la Esperanza<\/strong><\/p>\n\n\n\n<p>Con este programa, unos&nbsp;<strong>dos millones de dominicanos<\/strong>&nbsp;recibir\u00e1n visitas en sus casas que llevar\u00e1n&nbsp;<strong>m\u00fasica navide\u00f1a, enseres, operativos m\u00e9dicos, apoyo a embarazadas<\/strong>&nbsp;y m\u00e1s sorpresas.<\/p>\n\n\n\n<figure class=\"wp-block-image\"><img decoding=\"async\" src=\"https:\/\/presidencia.gob.do\/sites\/default\/files\/inline-images\/f94bee67-4a13-4705-9c40-38239d3b1e34.jpeg\" alt=\"\"\/><\/figure>\n\n\n\n<p><strong>Ferias Navide\u00f1as y Bodegas M\u00f3viles del Inespre<\/strong><\/p>\n\n\n\n<p>Asimismo, se inform\u00f3 que con las&nbsp;<strong>Ferias Navide\u00f1as del Inespre<\/strong>&nbsp;se favorecer\u00e1n&nbsp;<strong>480,000 personas<\/strong>&nbsp;que podr\u00e1n adquirir&nbsp;<strong>productos a los mejores precios<\/strong>, iniciando el&nbsp;<strong>viernes 29 y s\u00e1bado 30 de noviembre<\/strong>&nbsp;en el&nbsp;<strong>Polideportivo La Sabanita<\/strong>, en Azua, mientras que el&nbsp;<strong>mi\u00e9rcoles 18 y jueves 19 de diciembre<\/strong>&nbsp;estar\u00e1n en la cancha&nbsp;<strong>Los Americanos<\/strong>&nbsp;de Los Alcarrizos.<\/p>\n\n\n\n<p><strong>El viernes 6 y s\u00e1bado 7 de diciembre<\/strong>&nbsp;se realizar\u00e1n en el&nbsp;<strong>Estadio Tem\u00edstocles Metz<\/strong>, en San Crist\u00f3bal, y el&nbsp;<strong>viernes 20, s\u00e1bado 21 y domingo 22 de diciembre<\/strong>&nbsp;se efectuar\u00e1n en la&nbsp;<strong>Ciudad Ganadera<\/strong>&nbsp;del Distrito Nacional.<\/p>\n\n\n\n<p><strong>El viernes 13 y s\u00e1bado 14 de diciembre<\/strong>&nbsp;las Ferias Navide\u00f1as tendr\u00e1n lugar en el complejo deportivo&nbsp;<strong>Mar\u00eda del Mar, en Los Frailes, Santo&nbsp;<\/strong>Domingo Este. Las \u00faltimas ferias ser\u00e1n el&nbsp;<strong>viernes 27 y s\u00e1bado 28 de diciembre&nbsp;<\/strong>en el&nbsp;<strong>Parque Central de Santiago<\/strong>.<\/p>\n\n\n\n<p>De igual modo, se llevar\u00e1n m\u00e1s de&nbsp;<strong>400 Bodegas M\u00f3viles<\/strong>&nbsp;a todo el pa\u00eds y&nbsp;<strong>95 mercados<\/strong>&nbsp;de productores semanales, con unos&nbsp;<strong>190,000 beneficiarios<\/strong>.<\/p>\n\n\n\n<p><strong>Comedores Econ\u00f3micos<\/strong><\/p>\n\n\n\n<p>En la temporada navide\u00f1a, esta instituci\u00f3n ofrecer\u00e1&nbsp;<strong>10 millones de raciones cocidas<\/strong>&nbsp;en almuerzos y cenas navide\u00f1as y&nbsp;<strong>400,000 raciones crudas<\/strong>&nbsp;con la canasta b\u00e1sica y art\u00edculos navide\u00f1os distribuidos a trav\u00e9s de organizaciones sociales.<\/p>\n\n\n\n<p>Tendr\u00e1n\u00a0<strong>300 cocinas m\u00f3viles con cenas y almuerzos navide\u00f1os<\/strong>\u00a0para\u00a0<strong>1,000 personas cada uno<\/strong>\u00a0y m\u00e1s de\u00a0<strong>2,500 cenas y almuerzos navide\u00f1os<\/strong>\u00a0tipo buf\u00e9, para encuentros populares con las organizaciones sociales, para\u00a0<strong>500 personas cada uno<\/strong>.<\/p>\n\n\n\n<p>Con informaci\u00f3n de la Presidencia de la Rep\u00fablica Dominicana<\/p>\n\n\n\n<p>#Navidad\u2003\u2003\u2003\u2003 #Abinader\u2003\u2003\u2003#bono navide\u00f1o<\/p>\n","protected":false},"excerpt":{"rendered":"<p>25 de Noviembre 2024 | 18:40 Santo Domingo, RD.\u2002El presidente Luis Abinader\u00a0encendi\u00f3 el lunes la\u00a0Navidad 2024\u00a0con el anuncio de\u00a0m\u00faltiples actividades\u00a0para el disfrute familiar en\u00a0ambientes sanos y de diversi\u00f3n, as\u00ed como la entrega del\u00a0Bono Navide\u00f1o\u00a0y el pago de la\u00a0regal\u00eda pascual, a realizarse la\u00a0primera semana de diciembre, por un monto de\u00a0RD 30,777 millones. Con el&nbsp;Bono Navide\u00f1o&nbsp;se beneficiar\u00e1n&nbsp;3 [&hellip;]<\/p>\n","protected":false},"author":28,"featured_media":577634,"comment_status":"closed","ping_status":"closed","sticky":true,"template":"","format":"standard","meta":{"footnotes":""},"categories":[20,18,25,27],"tags":[],"class_list":["post-577631","post","type-post","status-publish","format-standard","has-post-thumbnail","hentry","category-dominicana-hoy","category-economia","category-gente","category-portada"],"_links":{"self":[{"href":"https:\/\/diariodominicano.com\/index.php?rest_route=\/wp\/v2\/posts\/577631","targetHints":{"allow":["GET"]}}],"collection":[{"href":"https:\/\/diariodominicano.com\/index.php?rest_route=\/wp\/v2\/posts"}],"about":[{"href":"https:\/\/diariodominicano.com\/index.php?rest_route=\/wp\/v2\/types\/post"}],"author":[{"embeddable":true,"href":"https:\/\/diariodominicano.com\/index.php?rest_route=\/wp\/v2\/users\/28"}],"replies":[{"embeddable":true,"href":"https:\/\/diariodominicano.com\/index.php?rest_route=%2Fwp%2Fv2%2Fcomments&post=577631"}],"version-history":[{"count":4,"href":"https:\/\/diariodominicano.com\/index.php?rest_route=\/wp\/v2\/posts\/577631\/revisions"}],"predecessor-version":[{"id":577639,"href":"https:\/\/diariodominicano.com\/index.php?rest_route=\/wp\/v2\/posts\/577631\/revisions\/577639"}],"wp:featuredmedia":[{"embeddable":true,"href":"https:\/\/diariodominicano.com\/index.php?rest_route=\/wp\/v2\/media\/577634"}],"wp:attachment":[{"href":"https:\/\/diariodominicano.com\/index.php?rest_route=%2Fwp%2Fv2%2Fmedia&parent=577631"}],"wp:term":[{"taxonomy":"category","embeddable":true,"href":"https:\/\/diariodominicano.com\/index.php?rest_route=%2Fwp%2Fv2%2Fcategories&post=577631"},{"taxonomy":"post_tag","embeddable":true,"href":"https:\/\/diariodominicano.com\/index.php?rest_route=%2Fwp%2Fv2%2Ftags&post=577631"}],"curies":[{"name":"wp","href":"https:\/\/api.w.org\/{rel}","templated":true}]}}