{"id":577617,"date":"2024-11-26T02:23:26","date_gmt":"2024-11-26T06:23:26","guid":{"rendered":"https:\/\/diariodominicano.com\/?p=577617"},"modified":"2024-11-26T02:23:30","modified_gmt":"2024-11-26T06:23:30","slug":"cuba-evoca-al-lider-de-su-revolucion-fidel-castro-fotos","status":"publish","type":"post","link":"https:\/\/diariodominicano.com\/?p=577617","title":{"rendered":"Cuba evoca al l\u00edder de su Revoluci\u00f3n Fidel Castro (+Fotos)"},"content":{"rendered":"\n<p>Habana 25 nov (Prensa Latina) Cientos de j\u00f3venes rinden tributo hoy al l\u00edder hist\u00f3rico de la Revoluci\u00f3n Cubana, Fidel Castro, a ocho a\u00f1os de su deceso, en una velada pol\u00edtico-cultural liderada por el presidente de la naci\u00f3n antillana, Miguel D\u00edaz-Canel.<\/p>\n\n\n\n<ul class=\"wp-block-list\">\n<li><a href=\"https:\/\/www.prensa-latina.cu\/2024\/11\/25\/\"><time>noviembre 25, 2024 | 20:30<\/time><\/a><\/li>\n<\/ul>\n\n\n\n<ul class=\"wp-block-list\">\n<li>Fotos: Vladimir Molina Espada<\/li>\n<\/ul>\n\n\n\n<ul class=\"wp-block-list\">\n<li><a href=\"https:\/\/www.prensa-latina.cu\/2024\/11\/25\/cuba-evoca-al-lider-de-su-revolucion-fidel-castro\/#\"><\/a><\/li>\n\n\n\n<li><a href=\"https:\/\/www.prensa-latina.cu\/2024\/11\/25\/cuba-evoca-al-lider-de-su-revolucion-fidel-castro\/#\"><\/a><\/li>\n\n\n\n<li><a href=\"https:\/\/www.prensa-latina.cu\/2024\/11\/25\/cuba-evoca-al-lider-de-su-revolucion-fidel-castro\/#\"><\/a><\/li>\n\n\n\n<li><a href=\"https:\/\/www.prensa-latina.cu\/2024\/11\/25\/cuba-evoca-al-lider-de-su-revolucion-fidel-castro\/#\"><\/a><\/li>\n<\/ul>\n\n\n\n<p>Pioneros, estudiantes de la ense\u00f1anza media, universitarios y j\u00f3venes profesionales evocan en la escalinata de la Universidad de La Habana a Fidel Castro por medio de poes\u00edas, canciones, danzas y v\u00edtores que exteriorizan sus sentimientos hacia su legado.<\/p>\n\n\n\n<figure class=\"wp-block-image\"><img decoding=\"async\" src=\"https:\/\/www.prensa-latina.cu\/wp-content\/uploads\/2024\/11\/Velada2.jpg\" alt=\"cuba-evoca-al-lider-de-su-revolucion-fidel-castro\" class=\"wp-image-1377167\"\/><\/figure>\n\n\n\n<p>Son reiteradas las referencias a la formaci\u00f3n revolucionaria, martiana y socialista del Comandante en Jefe en la instituci\u00f3n universitaria, donde libr\u00f3 batallas por Cuba y por justas causas, adem\u00e1s de dirigirse al pueblo.<\/p>\n\n\n\n<p>La recordaci\u00f3n deviene, al decir de los concurrentes, la confirmaci\u00f3n de que la Revoluci\u00f3n Cubana es infatigable y eternamente joven, tal como lo fue Fidel.<\/p>\n\n\n\n<figure class=\"wp-block-image\"><img decoding=\"async\" src=\"https:\/\/www.prensa-latina.cu\/wp-content\/uploads\/2024\/11\/Velada3.jpg\" alt=\"cuba-evoca-al-lider-de-su-revolucion-fidel-castro\" class=\"wp-image-1377168\"\/><\/figure>\n\n\n\n<p>Y tambi\u00e9n, con la presencia del comandante de la Revoluci\u00f3n, Ramiro Vald\u00e9s, el Comandante del Ej\u00e9rcito Rebelde, Jos\u00e9 Ram\u00f3n Machado Ventura, el presidente del Parlamento, Esteban Lazo, que el proceso iniciado con Fidel en 1959, contin\u00faa ahora de las manos, creaci\u00f3n y vitalidad de la juventud cubana.<\/p>\n\n\n\n<p>jha\/raj<\/p>\n\n\n\n<ul class=\"wp-block-list\">\n<li>#<a href=\"https:\/\/www.prensa-latina.cu\/etiqueta\/cuba\/\">cuba<\/a>\u00a0#<a href=\"https:\/\/www.prensa-latina.cu\/etiqueta\/fidelcastro\/\">fidelcastro<\/a><\/li>\n<\/ul>\n","protected":false},"excerpt":{"rendered":"<p>Habana 25 nov (Prensa Latina) Cientos de j\u00f3venes rinden tributo hoy al l\u00edder hist\u00f3rico de la Revoluci\u00f3n Cubana, Fidel Castro, a ocho a\u00f1os de su deceso, en una velada pol\u00edtico-cultural liderada por el presidente de la naci\u00f3n antillana, Miguel D\u00edaz-Canel. Pioneros, estudiantes de la ense\u00f1anza media, universitarios y j\u00f3venes profesionales evocan en la escalinata de [&hellip;]<\/p>\n","protected":false},"author":28,"featured_media":577618,"comment_status":"closed","ping_status":"closed","sticky":true,"template":"","format":"standard","meta":{"footnotes":""},"categories":[26,23],"tags":[],"class_list":["post-577617","post","type-post","status-publish","format-standard","has-post-thumbnail","hentry","category-efemerides","category-internacional"],"_links":{"self":[{"href":"https:\/\/diariodominicano.com\/index.php?rest_route=\/wp\/v2\/posts\/577617","targetHints":{"allow":["GET"]}}],"collection":[{"href":"https:\/\/diariodominicano.com\/index.php?rest_route=\/wp\/v2\/posts"}],"about":[{"href":"https:\/\/diariodominicano.com\/index.php?rest_route=\/wp\/v2\/types\/post"}],"author":[{"embeddable":true,"href":"https:\/\/diariodominicano.com\/index.php?rest_route=\/wp\/v2\/users\/28"}],"replies":[{"embeddable":true,"href":"https:\/\/diariodominicano.com\/index.php?rest_route=%2Fwp%2Fv2%2Fcomments&post=577617"}],"version-history":[{"count":1,"href":"https:\/\/diariodominicano.com\/index.php?rest_route=\/wp\/v2\/posts\/577617\/revisions"}],"predecessor-version":[{"id":577619,"href":"https:\/\/diariodominicano.com\/index.php?rest_route=\/wp\/v2\/posts\/577617\/revisions\/577619"}],"wp:featuredmedia":[{"embeddable":true,"href":"https:\/\/diariodominicano.com\/index.php?rest_route=\/wp\/v2\/media\/577618"}],"wp:attachment":[{"href":"https:\/\/diariodominicano.com\/index.php?rest_route=%2Fwp%2Fv2%2Fmedia&parent=577617"}],"wp:term":[{"taxonomy":"category","embeddable":true,"href":"https:\/\/diariodominicano.com\/index.php?rest_route=%2Fwp%2Fv2%2Fcategories&post=577617"},{"taxonomy":"post_tag","embeddable":true,"href":"https:\/\/diariodominicano.com\/index.php?rest_route=%2Fwp%2Fv2%2Ftags&post=577617"}],"curies":[{"name":"wp","href":"https:\/\/api.w.org\/{rel}","templated":true}]}}