{"id":577589,"date":"2024-11-26T02:04:51","date_gmt":"2024-11-26T06:04:51","guid":{"rendered":"https:\/\/diariodominicano.com\/?p=577589"},"modified":"2024-11-26T10:24:30","modified_gmt":"2024-11-26T14:24:30","slug":"fiscales-piden-a-juez-que-desestime-el-caso-contra-donald-trump-por-subversion-electoral-en-2020","status":"publish","type":"post","link":"https:\/\/diariodominicano.com\/?p=577589","title":{"rendered":"Fiscales piden a juez que desestime el caso contra Donald Trump por subversi\u00f3n electoral en 2020"},"content":{"rendered":"\n<p>ARCHIVO: Composici\u00f3n fotogr\u00e1fica muesta al presidente electo de EEUU, Donald Trump, y al fiscal especial Jack Smith.<\/p>\n\n\n\n<p>noviembre 25, 2024<\/p>\n\n\n\n<ul class=\"wp-block-list\">\n<li><a href=\"https:\/\/www.vozdeamerica.com\/author\/reuters\/riv_i\">Reuters<\/a><\/li>\n<\/ul>\n\n\n\n<ul class=\"wp-block-list\">\n<li><a href=\"https:\/\/facebook.com\/sharer.php?u=https%3a%2f%2fwww.vozdeamerica.com%2fa%2ffiscales-piden-a-juez-que-desestime-el-caso-contra-donald-trump-por-subversion-electoral-en-2020%2f7876411.html\" target=\"_blank\" rel=\"noreferrer noopener\"><\/a><\/li>\n\n\n\n<li><a href=\"https:\/\/twitter.com\/share?url=https%3a%2f%2fwww.vozdeamerica.com%2fa%2ffiscales-piden-a-juez-que-desestime-el-caso-contra-donald-trump-por-subversion-electoral-en-2020%2f7876411.html&amp;text=Fiscales+piden+a+juez+que+desestime+el+caso+contra+Donald+Trump+por+subversi%c3%b3n+electoral+en+2020\" target=\"_blank\" rel=\"noreferrer noopener\"><\/a><\/li>\n\n\n\n<li><\/li>\n\n\n\n<li><a href=\"mailto:?body=https%3a%2f%2fwww.vozdeamerica.com%2fa%2ffiscales-piden-a-juez-que-desestime-el-caso-contra-donald-trump-por-subversion-electoral-en-2020%2f7876411.html&amp;subject=Fiscales%20piden%20a%20juez%20que%20desestime%20el%20caso%20contra%20Donald%20Trump%20por%20subversi%C3%B3n%20electoral%20en%202020\"><\/a><\/li>\n<\/ul>\n\n\n\n<p><a href=\"https:\/\/www.vozdeamerica.com\/a\/fiscales-piden-a-juez-que-desestime-el-caso-contra-donald-trump-por-subversion-electoral-en-2020\/7876411.html#comments\">&nbsp;Vea comentarios<\/a><\/p>\n\n\n\n<p>El fiscal especial Jack Smith solicit\u00f3 este lunes a una jueza federal que desestime el caso en el que se acusa al presidente electo Donald Trump de elaborar un plan para anular los resultados de las elecciones de 2020.<\/p>\n\n\n\n<p>WASHINGTON \u2014&nbsp;<\/p>\n\n\n\n<p>Los fiscales estadounidenses pidieron este lunes a un juez que abandone el caso penal que acusa al presidente electo Donald Trump de tratar de anular su derrota electoral de 2020, citando su inminente regreso a la Casa Blanca.<\/p>\n\n\n\n<p>Los fiscales que trabajan con el fiscal especial Jack Smith citaron una vieja pol\u00edtica del Departamento de Justicia de Estados Unidos seg\u00fan la cual los presidentes en ejercicio no deben enfrentar procesos penales.<\/p>\n\n\n\n<p>La medida representa un cambio notable respecto al fiscal especial que obtuvo acusaciones contra Trump en dos casos distintos en los que se le acusaba de delitos que amenazaban la integridad de las elecciones estadounidenses y la seguridad nacional.<\/p>\n\n\n\n<p>La decisi\u00f3n muestra c\u00f3mo la victoria electoral de Trump sobre la vicepresidenta dem\u00f3crata Kamala Harris no fue solo un triunfo pol\u00edtico, sino tambi\u00e9n legal.<\/p>\n\n\n\n<p><video poster=\"https:\/\/gdb.voanews.com\/c81b1a49-f845-4e3d-8215-2376e8a463e6_tv_w650_r1.jpg\" src=\"blob:https:\/\/www.vozdeamerica.com\/bf94534c-4b46-41df-95ff-34a1f84e7476\" height=\"381\" width=\"676\"><\/video><\/p>\n\n\n\n<p>\u00a0<\/p>\n\n\n\n<h5 class=\"wp-block-heading\"><a href=\"https:\/\/www.vozdeamerica.com\/a\/fiscales-piden-a-juez-que-desestime-el-caso-contra-donald-trump-por-subversion-electoral-en-2020\/7855719.html\" target=\"_blank\" rel=\"noreferrer noopener\">Victoria de Trump pone pausa a los procesos penales en su contra<\/a><\/h5>\n\n\n\n<ul class=\"wp-block-list\">\n<li><a href=\"https:\/\/facebook.com\/sharer.php?u=https%3a%2f%2fwww.vozdeamerica.com%2fa%2f7855719.html\" target=\"_blank\" rel=\"noreferrer noopener\">Comparta en Facebook<\/a><\/li>\n\n\n\n<li><a href=\"https:\/\/twitter.com\/share?url=https%3a%2f%2fwww.vozdeamerica.com%2fa%2f7855719.html&amp;text=Victoria+de+Trump+pone+pausa+a+los+procesos+penales+en+su+contra\" target=\"_blank\" rel=\"noreferrer noopener\">Comparta en Twitter<\/a><\/li>\n<\/ul>\n\n\n\n<hr class=\"wp-block-separator has-alpha-channel-opacity\"\/>\n\n\n\n<p><a href=\"https:\/\/www.vozdeamerica.com\/embed\/player\/Article\/7855719.html?type=video&amp;FullScreenMode=True\" target=\"_blank\" rel=\"noreferrer noopener\"><\/a><\/p>\n\n\n\n<p>&nbsp;Descargar&nbsp;<\/p>\n\n\n\n<p>Trump se declar\u00f3 inocente en agosto de 2023 de cuatro cargos federales que lo acusaban de conspirar para obstruir la certificaci\u00f3n de votos tras su derrota en 2020 ante el dem\u00f3crata Joe Biden.<\/p>\n\n\n\n<p>Se esperaba que Trump, que como presidente volver\u00e1 a supervisar el Departamento de Justicia, ordenara el fin del caso federal de las elecciones de 2020 y un intento de Smith de revivir un segundo caso que lo acusa de retener ilegalmente documentos clasificados despu\u00e9s de dejar el cargo en 2021.<\/p>\n\n\n\n<p>La pol\u00edtica del Departamento de Justicia, que se remonta a la d\u00e9cada de 1970, sostiene que un proceso penal contra un presidente en ejercicio violar\u00eda la Constituci\u00f3n de Estados Unidos al socavar la capacidad de funcionamiento del jefe del Ejecutivo del pa\u00eds.<\/p>\n\n\n\n<p>La jueza federal Tanya Chutkan a\u00fan tendr\u00e1 que aprobar la petici\u00f3n de los fiscales.<\/p>\n\n\n\n<p><a href=\"https:\/\/www.vozdeamerica.com\/a\/trump-recurrio-cometer-delitos-tras-perder-elecciones-2020-\/7808268.html\"><\/a><\/p>\n\n\n\n<p><a href=\"https:\/\/www.vozdeamerica.com\/a\/trump-recurrio-cometer-delitos-tras-perder-elecciones-2020-\/7808268.html\">Tambi\u00e9n lea<\/a><\/p>\n\n\n\n<h4 class=\"wp-block-heading\"><a href=\"https:\/\/www.vozdeamerica.com\/a\/trump-recurrio-cometer-delitos-tras-perder-elecciones-2020-\/7808268.html\">Trump \u201crecurri\u00f3 a cometer delitos\u201d tras perder las elecciones de 2020, dicen fiscales federales<\/a><\/h4>\n\n\n\n<p>Los abogados de Trump hab\u00edan dicho previamente que tratar\u00edan de desestimar los cargos bas\u00e1ndose en un fallo de la Corte Suprema de EEUU de julio que establece que los expresidentes tienen amplia inmunidad judicial sobre las acciones oficiales tomadas mientras estaban en la Casa Blanca.<\/p>\n\n\n\n<p>Smith intent\u00f3 salvar el caso tras la sentencia de la Corte Suprema, retirando algunas acusaciones pero argumentando que el resto no estaban cubiertas por la inmunidad presidencial y pod\u00edan seguir adelante con el juicio.<\/p>\n\n\n\n<p>Chutkan ten\u00eda que decidir si la decisi\u00f3n sobre la inmunidad obligaba a desestimar otras partes del caso. No se ha fijado fecha para el juicio.<\/p>\n\n\n\n<p>El caso se inici\u00f3 a ra\u00edz de una investigaci\u00f3n dirigida por Smith sobre los intentos de Trump de aferrarse al poder tras su derrota en las elecciones de 2020, que culmin\u00f3 con el ataque del 6 de enero de 2021 contra el Capitolio por parte de una turba de sus partidarios tras un encendido discurso del republicano cerca de la Casa Blanca.<\/p>\n","protected":false},"excerpt":{"rendered":"<p>ARCHIVO: Composici\u00f3n fotogr\u00e1fica muesta al presidente electo de EEUU, Donald Trump, y al fiscal especial Jack Smith. noviembre 25, 2024 &nbsp;Vea comentarios El fiscal especial Jack Smith solicit\u00f3 este lunes a una jueza federal que desestime el caso en el que se acusa al presidente electo Donald Trump de elaborar un plan para anular los [&hellip;]<\/p>\n","protected":false},"author":28,"featured_media":577590,"comment_status":"closed","ping_status":"closed","sticky":true,"template":"","format":"standard","meta":{"footnotes":""},"categories":[23,24],"tags":[],"class_list":["post-577589","post","type-post","status-publish","format-standard","has-post-thumbnail","hentry","category-internacional","category-justicia-y-derecho"],"_links":{"self":[{"href":"https:\/\/diariodominicano.com\/index.php?rest_route=\/wp\/v2\/posts\/577589","targetHints":{"allow":["GET"]}}],"collection":[{"href":"https:\/\/diariodominicano.com\/index.php?rest_route=\/wp\/v2\/posts"}],"about":[{"href":"https:\/\/diariodominicano.com\/index.php?rest_route=\/wp\/v2\/types\/post"}],"author":[{"embeddable":true,"href":"https:\/\/diariodominicano.com\/index.php?rest_route=\/wp\/v2\/users\/28"}],"replies":[{"embeddable":true,"href":"https:\/\/diariodominicano.com\/index.php?rest_route=%2Fwp%2Fv2%2Fcomments&post=577589"}],"version-history":[{"count":2,"href":"https:\/\/diariodominicano.com\/index.php?rest_route=\/wp\/v2\/posts\/577589\/revisions"}],"predecessor-version":[{"id":577594,"href":"https:\/\/diariodominicano.com\/index.php?rest_route=\/wp\/v2\/posts\/577589\/revisions\/577594"}],"wp:featuredmedia":[{"embeddable":true,"href":"https:\/\/diariodominicano.com\/index.php?rest_route=\/wp\/v2\/media\/577590"}],"wp:attachment":[{"href":"https:\/\/diariodominicano.com\/index.php?rest_route=%2Fwp%2Fv2%2Fmedia&parent=577589"}],"wp:term":[{"taxonomy":"category","embeddable":true,"href":"https:\/\/diariodominicano.com\/index.php?rest_route=%2Fwp%2Fv2%2Fcategories&post=577589"},{"taxonomy":"post_tag","embeddable":true,"href":"https:\/\/diariodominicano.com\/index.php?rest_route=%2Fwp%2Fv2%2Ftags&post=577589"}],"curies":[{"name":"wp","href":"https:\/\/api.w.org\/{rel}","templated":true}]}}