{"id":577489,"date":"2024-11-26T18:44:53","date_gmt":"2024-11-26T22:44:53","guid":{"rendered":"https:\/\/diariodominicano.com\/?p=577489"},"modified":"2024-11-26T18:44:55","modified_gmt":"2024-11-26T22:44:55","slug":"conani-celebra-46-anos-al-servicio-de-la-proteccion-y-el-bienestar-de-la-ninez-y-la-adolescencia-en-republica-dominicana","status":"publish","type":"post","link":"https:\/\/diariodominicano.com\/?p=577489","title":{"rendered":"CONANI celebra 46 a\u00f1os al servicio de la protecci\u00f3n y el bienestar de la ni\u00f1ez y la adolescencia en Rep\u00fablica Dominicana\u00a0"},"content":{"rendered":"\n<p><strong>SANTO DOMINGO, R. D.<\/strong> En honor al 46 aniversario de su fundaci\u00f3n, el Consejo Nacional para la Ni\u00f1ez y la Adolescencia (CONANI) celebr\u00f3 este viernes una misa de acci\u00f3n de gracias donde se destac\u00f3 el trabajo que realiza la instituci\u00f3n en favor del bienestar de los ni\u00f1os, ni\u00f1as y adolescentes dentro del territorio dominicano desde 1978.&nbsp;<\/p>\n\n\n\n<p>El acto solemne, que se llev\u00f3 a cabo en la Iglesia Divino Ni\u00f1o Jes\u00fas del sector Las Praderas, fue oficiado por el sacerdote Nicol\u00e1s Cuello y estuvo encabezado por la presidenta ejecutiva del CONANI, Ligia P\u00e9rez, la directora ejecutiva, Alexandra Santelises, y los miembros del Directorio Nacional del \u00f3rgano rector.&nbsp;<\/p>\n\n\n\n<p>La celebraci\u00f3n eucar\u00edstica cont\u00f3 adem\u00e1s con la participaci\u00f3n de una importante figura en la historia del CONANI, quien fue su presidenta y logr\u00f3 que la instituci\u00f3n tuviera un marco jur\u00eddico, do\u00f1a Isabel Mej\u00eda de Grull\u00f3n \u201cChabela\u201d. En representaci\u00f3n de la familia de la fundadora, do\u00f1a Ren\u00e9e Klang de Guzm\u00e1n, asisti\u00f3 la se\u00f1ora Eduvigis Grull\u00f3n, esposa de Iv\u00e1n Hern\u00e1ndez Guzm\u00e1n.<\/p>\n\n\n\n<figure class=\"wp-block-image\"><img decoding=\"async\" src=\"https:\/\/diariodominicano.com\/wp-content\/uploads\/2024\/11\/CONANI-celebra-46-anos-al-servicio-de-la-proteccion-y-el-bienestar-de-la-ninez-y-la-adolescencia-en-RD-1024x718.jpeg\" alt=\"\"\/><\/figure>\n\n\n\n<p>El sacerdote a cargo de celebrar la eucarist\u00eda elogi\u00f3 el gran trabajo que realiza CONANI como \u00f3rgano rector de la protecci\u00f3n de los derechos de la ni\u00f1ez y la adolescencia en la Rep\u00fablica Dominicana, inst\u00e1ndola a seguir trabajando por el bienestar de los peque\u00f1os y bendiciendo a quienes cumplen lo que dice la biblia sobre los ni\u00f1os: \u00abDejad que los ni\u00f1os vengan a m\u00ed, y no se lo impid\u00e1is, porque el reino de los cielos es de quienes son como ellos\u00bb.<\/p>\n\n\n\n<p>La presidenta ejecutiva de la entidad, Ligia P\u00e9rez, extern\u00f3 unas palabras de agradecimiento a los presentes, al tiempo que afianz\u00f3 su compromiso de seguir trabajando en favor de la instituci\u00f3n y de esa parte de la poblaci\u00f3n que muchas veces ve sus derechos violentados y marginados, reafirmando as\u00ed su lucha en favor de nuestros ni\u00f1os, ni\u00f1as, y adolescentes.<\/p>\n\n\n\n<p>Por el Directorio Nacional del CONANI participaron su vicepresidente Thomas Polanco, la viceministra de Trabajo, Mayrenis Corniel; del Ministerio de la Mujer (MMUJER), la viceministra Melecia Almonte; por la Iglesia Evang\u00e9lica, el pastor Feliciano Lancen; de la Liga Municipal Dominicana (LMD), Sandra \u00c1ngeles; por la Coalici\u00f3n ONG por la Infancia, Marlon Herrera; y por la Procuradur\u00eda General de la Rep\u00fablica (PGR), el magistrado Joan Genao.&nbsp;<\/p>\n\n\n\n<figure class=\"wp-block-image\"><img decoding=\"async\" src=\"https:\/\/diariodominicano.com\/wp-content\/uploads\/2024\/11\/CONANI-celebra-46-anos-al-servicio-de-la-proteccion-y-el-bienestar-de-la-ninez-y-la-adolescencia-en-Republica-Dominicana-1024x562.jpeg\" alt=\"\"\/><\/figure>\n\n\n\n<p>Asimismo, directores, encargados y colaboradores de la instituci\u00f3n, en la oficina nacional y en las oficinas regionales y municipales. La misa cont\u00f3 tambi\u00e9n con un grupo de invitados especiales, ni\u00f1os, ni\u00f1as y adolescentes que hicieron honor y representaron a esa parte de la poblaci\u00f3n por la que d\u00eda a d\u00eda CONANI vela y trabaja sin descanso.<\/p>\n\n\n\n<p>A esta conmemoraci\u00f3n se unieron las instituciones del Gabinete de Ni\u00f1ez y Adolescencia (GANA): Consejo Nacional para la Discapacidad (CONADIS), con la participaci\u00f3n de su nuevo presidente ejecutivo, Benny Metz, y su director ejecutivo, Alexis Alc\u00e1ntara; del Instituto Nacional de Atenci\u00f3n a la Primera Infancia (INAIPI), la subdirectora Janet Rodr\u00edguez, y de la Fundaci\u00f3n Sur Futuro, su directora ejecutiva, Elena del Conte; Adem\u00e1s, asistieron representantes de organizaciones aliadas como la Facultad Latinoamericana de Ciencias Sociales (FLACSO).&nbsp;<\/p>\n\n\n\n<p>Desde el a\u00f1o 1978, CONANI ha sido un pilar fundamental en la promoci\u00f3n de los derechos fundamentales de los menores de edad, realizando importantes acuerdos e iniciativas en busca de lograr avances y mejor\u00edas que puedan fortalecer a\u00fan m\u00e1s los esfuerzos para lograr un mejor futuro para las familias en la Rep\u00fablica Dominicana.<\/p>\n\n\n\n<p>Durante estos m\u00e1s de cuarenta a\u00f1os, el CONANI ha trabajado incansablemente en la implementaci\u00f3n de pol\u00edticas y programas que buscan garantizar el pleno ejercicio de los derechos de la ni\u00f1ez, abordando temas cruciales como la educaci\u00f3n, la salud y la protecci\u00f3n contra todo tipo de violencia, creando campa\u00f1as de concientizaci\u00f3n en contra de los abusos y en favor de la protecci\u00f3n de los menores y sus derechos.<\/p>\n\n\n\n<h3 class=\"wp-block-heading\"><strong>Prensa CONANI<\/strong><strong> <\/strong><strong>&lt;<\/strong><a href=\"mailto:prensa@conani.gob.do\"><strong>prensa@conani.gob.do<\/strong><\/a><strong>&gt;&nbsp;<\/strong><\/h3>\n","protected":false},"excerpt":{"rendered":"<p>SANTO DOMINGO, R. D. En honor al 46 aniversario de su fundaci\u00f3n, el Consejo Nacional para la Ni\u00f1ez y la Adolescencia (CONANI) celebr\u00f3 este viernes una misa de acci\u00f3n de gracias donde se destac\u00f3 el trabajo que realiza la instituci\u00f3n en favor del bienestar de los ni\u00f1os, ni\u00f1as y adolescentes dentro del territorio dominicano desde [&hellip;]<\/p>\n","protected":false},"author":7,"featured_media":577806,"comment_status":"closed","ping_status":"closed","sticky":false,"template":"","format":"standard","meta":{"footnotes":""},"categories":[36],"tags":[1029],"class_list":["post-577489","post","type-post","status-publish","format-standard","has-post-thumbnail","hentry","category-hombresmujeresycosas","tag-conani"],"_links":{"self":[{"href":"https:\/\/diariodominicano.com\/index.php?rest_route=\/wp\/v2\/posts\/577489","targetHints":{"allow":["GET"]}}],"collection":[{"href":"https:\/\/diariodominicano.com\/index.php?rest_route=\/wp\/v2\/posts"}],"about":[{"href":"https:\/\/diariodominicano.com\/index.php?rest_route=\/wp\/v2\/types\/post"}],"author":[{"embeddable":true,"href":"https:\/\/diariodominicano.com\/index.php?rest_route=\/wp\/v2\/users\/7"}],"replies":[{"embeddable":true,"href":"https:\/\/diariodominicano.com\/index.php?rest_route=%2Fwp%2Fv2%2Fcomments&post=577489"}],"version-history":[{"count":1,"href":"https:\/\/diariodominicano.com\/index.php?rest_route=\/wp\/v2\/posts\/577489\/revisions"}],"predecessor-version":[{"id":577808,"href":"https:\/\/diariodominicano.com\/index.php?rest_route=\/wp\/v2\/posts\/577489\/revisions\/577808"}],"wp:featuredmedia":[{"embeddable":true,"href":"https:\/\/diariodominicano.com\/index.php?rest_route=\/wp\/v2\/media\/577806"}],"wp:attachment":[{"href":"https:\/\/diariodominicano.com\/index.php?rest_route=%2Fwp%2Fv2%2Fmedia&parent=577489"}],"wp:term":[{"taxonomy":"category","embeddable":true,"href":"https:\/\/diariodominicano.com\/index.php?rest_route=%2Fwp%2Fv2%2Fcategories&post=577489"},{"taxonomy":"post_tag","embeddable":true,"href":"https:\/\/diariodominicano.com\/index.php?rest_route=%2Fwp%2Fv2%2Ftags&post=577489"}],"curies":[{"name":"wp","href":"https:\/\/api.w.org\/{rel}","templated":true}]}}