{"id":577382,"date":"2024-11-25T12:49:03","date_gmt":"2024-11-25T16:49:03","guid":{"rendered":"https:\/\/diariodominicano.com\/?p=577382"},"modified":"2024-11-25T12:49:10","modified_gmt":"2024-11-25T16:49:10","slug":"mp-logra-condenas-de-10-anos-de-prision-contra-un-hombre-y-una-mujer-por-trafico-de-cocaina","status":"publish","type":"post","link":"https:\/\/diariodominicano.com\/?p=577382","title":{"rendered":"MP logra condenas de 10 a\u00f1os de prisi\u00f3n contra un hombre y una mujer por tr\u00e1fico de coca\u00edna"},"content":{"rendered":"\n<p>diariodominicano.com<\/p>\n\n\n\n<p>Santo Domingo Este, R. D.,\u200225 de noviembre, 2024.- \u00a0La Procuradur\u00eda Fiscal de Santo Domingo Este y Norte, logr\u00f3 que el Primer Tribunal Colegiado de esta jurisdicci\u00f3n condene a un hombre y a una mujer a 10 a\u00f1os de prisi\u00f3n, por traficar con 39.16 kilogramos de coca\u00edna, quienes fueron arrestados en el a\u00f1o 2022, en la Autopista Nordeste Carretera Juan Pablo II, en el peaje El Naranjal.<\/p>\n\n\n\n<p>La condena y una multa de un mill\u00f3n de pesos cada uno, les fue impuesta por los jueces Elizabeth Esperanza Rodr\u00edguez Espinal, Flor E. Batista Polo y Jos\u00e9 Leonel Asencio Quezada, en contra de Yanancy Alc\u00e1ntara Castillo y de Francisco Aquino Cabral, por los hechos cometidos en perjuicio del Estado dominicano.<\/p>\n\n\n\n<p>Durante el juicio, el Ministerio P\u00fablico, representado por los fiscales litigantes Evelyn Pe\u00f1a y Alexis Casado, demostr\u00f3 con suficientes elementos de pruebas la responsabilidad penal de ambos procesados, entorno a los art\u00edculos 5 letra A, 28 y 58, literal A y C, 60 y 75 p\u00e1rrafo II, y 85 letra A y B y C de la Ley 50-88, sobre Drogas y Sustancias Controladas; tambi\u00e9n, los art\u00edculos 66 y 67 de la Ley 631-16 para Control y Regulaci\u00f3n de Armas, Municiones y Materiales Relacionados.<\/p>\n\n\n\n<p>El expediente instrumentado por el fiscal investigador Wilson Zabala, revela en fecha 4 de abril del a\u00f1o 2022, el Ministerio P\u00fablico, junto a la Divisi\u00f3n T\u00e1ctica de Investigaci\u00f3n Sensitiva (DITIS) de la Direcci\u00f3n Nacional de Control de Drogas (D.N.C.D), desarroll\u00f3 una investigaci\u00f3n en contra de una organizaci\u00f3n delictiva que se dedicaba al tr\u00e1fico de sustancias controladas, la cual integraban los dos procesados.<\/p>\n\n\n\n<p>A\u00f1ade, que, tras requisar el veh\u00edculo de los encartados, encontraron en su interior, en el piso del maletero, en un compartimiento secreto, tipo caleta, encontraron 38 paquetes de un polvo envuelto en pl\u00e1stico, que tras ser analizado por el Laboratorio Qu\u00edmico del Instituto Nacional de Ciencias Forenses (INACIF), result\u00f3 ser coca\u00edna clorhidratada, con un peso de 39.16 Kilogramos.<\/p>\n\n\n\n<p>Tambi\u00e9n, les fue incautado un cargador de pistola color plateado sin c\u00e1psulas, dos celulares, uno marca IPhone y otra marca Redmi; as\u00ed como tarjetas de recargas telef\u00f3nicas; entre otros documentos personales, resultando ambos arrestados en flagrante delito.<\/p>\n\n\n\n<p>Por este hecho, los dos procesados deber\u00e1n cumplir la pena en el Centro de Correcci\u00f3n de Najayo Hombres y el Centro de Correcci\u00f3n y Rehabilitaci\u00f3n de Mujeres, en San Crist\u00f3bal.<\/p>\n\n\n\n<p><strong>Direcci\u00f3n General de Comunicaci\u00f3n, Prensa, y RRPP<\/strong><strong><\/strong><\/p>\n\n\n\n<p>Ministerio P\u00fablico.&nbsp;R.D.<\/p>\n\n\n\n<p>Lunes, 25 de noviembre de 2024<\/p>\n","protected":false},"excerpt":{"rendered":"<p>diariodominicano.com Santo Domingo Este, R. D.,\u200225 de noviembre, 2024.- \u00a0La Procuradur\u00eda Fiscal de Santo Domingo Este y Norte, logr\u00f3 que el Primer Tribunal Colegiado de esta jurisdicci\u00f3n condene a un hombre y a una mujer a 10 a\u00f1os de prisi\u00f3n, por traficar con 39.16 kilogramos de coca\u00edna, quienes fueron arrestados en el a\u00f1o 2022, en [&hellip;]<\/p>\n","protected":false},"author":5,"featured_media":463333,"comment_status":"closed","ping_status":"closed","sticky":true,"template":"","format":"standard","meta":{"footnotes":""},"categories":[24,27],"tags":[],"class_list":["post-577382","post","type-post","status-publish","format-standard","has-post-thumbnail","hentry","category-justicia-y-derecho","category-portada"],"_links":{"self":[{"href":"https:\/\/diariodominicano.com\/index.php?rest_route=\/wp\/v2\/posts\/577382","targetHints":{"allow":["GET"]}}],"collection":[{"href":"https:\/\/diariodominicano.com\/index.php?rest_route=\/wp\/v2\/posts"}],"about":[{"href":"https:\/\/diariodominicano.com\/index.php?rest_route=\/wp\/v2\/types\/post"}],"author":[{"embeddable":true,"href":"https:\/\/diariodominicano.com\/index.php?rest_route=\/wp\/v2\/users\/5"}],"replies":[{"embeddable":true,"href":"https:\/\/diariodominicano.com\/index.php?rest_route=%2Fwp%2Fv2%2Fcomments&post=577382"}],"version-history":[{"count":1,"href":"https:\/\/diariodominicano.com\/index.php?rest_route=\/wp\/v2\/posts\/577382\/revisions"}],"predecessor-version":[{"id":577387,"href":"https:\/\/diariodominicano.com\/index.php?rest_route=\/wp\/v2\/posts\/577382\/revisions\/577387"}],"wp:featuredmedia":[{"embeddable":true,"href":"https:\/\/diariodominicano.com\/index.php?rest_route=\/wp\/v2\/media\/463333"}],"wp:attachment":[{"href":"https:\/\/diariodominicano.com\/index.php?rest_route=%2Fwp%2Fv2%2Fmedia&parent=577382"}],"wp:term":[{"taxonomy":"category","embeddable":true,"href":"https:\/\/diariodominicano.com\/index.php?rest_route=%2Fwp%2Fv2%2Fcategories&post=577382"},{"taxonomy":"post_tag","embeddable":true,"href":"https:\/\/diariodominicano.com\/index.php?rest_route=%2Fwp%2Fv2%2Ftags&post=577382"}],"curies":[{"name":"wp","href":"https:\/\/api.w.org\/{rel}","templated":true}]}}