{"id":577379,"date":"2024-11-25T12:35:32","date_gmt":"2024-11-25T16:35:32","guid":{"rendered":"https:\/\/diariodominicano.com\/?p=577379"},"modified":"2024-11-25T12:35:41","modified_gmt":"2024-11-25T16:35:41","slug":"nominan-a-canciller-aleman-scholz-como-candidato-principal-para-eleccion-anticipada","status":"publish","type":"post","link":"https:\/\/diariodominicano.com\/?p=577379","title":{"rendered":"Nominan a canciller alem\u00e1n Scholz como candidato principal para elecci\u00f3n anticipada"},"content":{"rendered":"\n<p>diariodominicano.com<\/p>\n\n\n\n<p>BERL\u00cdN, 25 nov (Xinhua) &#8212; Luego de semanas de deliberaciones dentro del partido, el Partido Socialdem\u00f3crata (SPD) de Alemania decidi\u00f3 hoy lunes nominar al actual canciller, Olaf Scholz, como candidato para la pr\u00f3xima elecci\u00f3n anticipadas que tendr\u00e1 lugar en 2025. El anuncio fue hecho en una conferencia de prensa a la que asistieron Scholz y los codirectores del SPD, Lars Klingbeil y Saskia Esken. Scholz ha estado bajo presi\u00f3n para que ceda su candidatura en medio de desacuerdos internos. El instituto de investigaci\u00f3n pol\u00edtica INSA indic\u00f3 que el ministro de Defensa, Boris Pistorius, es actualmente el pol\u00edtico alem\u00e1n m\u00e1s popular. Sin embargo, Pistorius anunci\u00f3 la semana pasada en un v\u00eddeo que retirar\u00eda su nombre de la contienda por la candidatura, pavimentando el camino para la nominaci\u00f3n de Scholz. Una encuesta de Forsa publicada el 19 de noviembre muestra que el PSD est\u00e1 actualmente detr\u00e1s del bloque de la oposici\u00f3n en el \u00edndice de apoyo en el pa\u00eds. La opositora Uni\u00f3n Cristianodem\u00f3crata (CDU) y la Uni\u00f3n Cristianosocial (CSU) tienen un apoyo del 33 por ciento, superando significativamente el 15 por ciento del SPD. El canciller Scholz enfrentar\u00e1 una moci\u00f3n de confianza en el Bundestag el 16 de diciembre. La elecci\u00f3n federal anticipada est\u00e1 prevista para el 23 de febrero de 2025.<\/p>\n","protected":false},"excerpt":{"rendered":"<p>diariodominicano.com BERL\u00cdN, 25 nov (Xinhua) &#8212; Luego de semanas de deliberaciones dentro del partido, el Partido Socialdem\u00f3crata (SPD) de Alemania decidi\u00f3 hoy lunes nominar al actual canciller, Olaf Scholz, como candidato para la pr\u00f3xima elecci\u00f3n anticipadas que tendr\u00e1 lugar en 2025. El anuncio fue hecho en una conferencia de prensa a la que asistieron Scholz [&hellip;]<\/p>\n","protected":false},"author":5,"featured_media":577380,"comment_status":"closed","ping_status":"closed","sticky":true,"template":"","format":"standard","meta":{"footnotes":""},"categories":[23,27],"tags":[],"class_list":["post-577379","post","type-post","status-publish","format-standard","has-post-thumbnail","hentry","category-internacional","category-portada"],"_links":{"self":[{"href":"https:\/\/diariodominicano.com\/index.php?rest_route=\/wp\/v2\/posts\/577379","targetHints":{"allow":["GET"]}}],"collection":[{"href":"https:\/\/diariodominicano.com\/index.php?rest_route=\/wp\/v2\/posts"}],"about":[{"href":"https:\/\/diariodominicano.com\/index.php?rest_route=\/wp\/v2\/types\/post"}],"author":[{"embeddable":true,"href":"https:\/\/diariodominicano.com\/index.php?rest_route=\/wp\/v2\/users\/5"}],"replies":[{"embeddable":true,"href":"https:\/\/diariodominicano.com\/index.php?rest_route=%2Fwp%2Fv2%2Fcomments&post=577379"}],"version-history":[{"count":1,"href":"https:\/\/diariodominicano.com\/index.php?rest_route=\/wp\/v2\/posts\/577379\/revisions"}],"predecessor-version":[{"id":577381,"href":"https:\/\/diariodominicano.com\/index.php?rest_route=\/wp\/v2\/posts\/577379\/revisions\/577381"}],"wp:featuredmedia":[{"embeddable":true,"href":"https:\/\/diariodominicano.com\/index.php?rest_route=\/wp\/v2\/media\/577380"}],"wp:attachment":[{"href":"https:\/\/diariodominicano.com\/index.php?rest_route=%2Fwp%2Fv2%2Fmedia&parent=577379"}],"wp:term":[{"taxonomy":"category","embeddable":true,"href":"https:\/\/diariodominicano.com\/index.php?rest_route=%2Fwp%2Fv2%2Fcategories&post=577379"},{"taxonomy":"post_tag","embeddable":true,"href":"https:\/\/diariodominicano.com\/index.php?rest_route=%2Fwp%2Fv2%2Ftags&post=577379"}],"curies":[{"name":"wp","href":"https:\/\/api.w.org\/{rel}","templated":true}]}}