{"id":577351,"date":"2024-11-25T01:57:32","date_gmt":"2024-11-25T05:57:32","guid":{"rendered":"https:\/\/diariodominicano.com\/?p=577351"},"modified":"2024-11-25T01:57:55","modified_gmt":"2024-11-25T05:57:55","slug":"25-de-noviembre-1843-fallece-juan-jose-duarte-el-padre-de-juan-pablo-duarte","status":"publish","type":"post","link":"https:\/\/diariodominicano.com\/?p=577351","title":{"rendered":"25 de noviembre 1843:  Fallece Juan Jos\u00e9 Duarte el padre de Juan Pablo Duarte"},"content":{"rendered":"\n<p>ARCHIVO: Juan Pablo Duarte<\/p>\n\n\n\n<p>SANTO DOMINGO, el 25 de noviembre de 1843, falleci\u00f3 en ciudad Santo Domingo, Juan Jos\u00e9 Duarte, padre de Juan Pablo Duarte D\u00edez, el padre fundador de Rep\u00fablica Dominicana.<\/p>\n\n\n\n<p>El d\u00eda de la muerte de Juan Jos\u00e9 Duarte, su hijo Juan Pablo Duarte se encontraba exiliado en Curazao, donde se refugi\u00f3 luego de que el Gobierno haitiano ofreci\u00f3 una recompensa para asesinarlo tras descubrir el plan que concibi\u00f3 el patricio para fundar la Rep\u00fablica Dominicana.<\/p>\n\n\n\n<p>&nbsp;&nbsp;&nbsp;&nbsp; Don Juan Jos\u00e9 Duarte, al llegar al pa\u00eds de Espa\u00f1a se dedic\u00f3 a las actividades comerciales y estableci\u00f3 su negocio en la calle del Comercio, hoy Isabel La Cat\u00f3lica.<\/p>\n\n\n\n<p>&nbsp;&nbsp;&nbsp;&nbsp; Aqu\u00ed cas\u00f3 con la se\u00f1ora Manuela Diez con quien procre\u00f3 a Juan Pablo Duarte, Rosa, Francisca, Vicente Celestino y a Manuel Duarte D\u00edez.<\/p>\n\n\n\n<p>&nbsp;&nbsp;&nbsp;&nbsp;&nbsp; En el momento que muri\u00f3, Juan Jos\u00e9 Duarte, el Gobierno haitiano manten\u00eda una campa\u00f1a de represi\u00f3n contra los trinitarios.<\/p>\n\n\n\n<p>&nbsp;&nbsp;&nbsp; Don Juan Jos\u00e9 Duarte ofreci\u00f3 m\u00faltiples colaboraciones a los trinitarios.<\/p>\n\n\n\n<p>&nbsp;&nbsp;&nbsp;&nbsp; Al enterarse de su muerte en Curazao, Juan Pablo Duarte escribi\u00f3 a su familia y le pidi\u00f3 que pusieran sus bienes a disposici\u00f3n de la lucha por la Independencia de la Rep\u00fablica Dominicana.<\/p>\n","protected":false},"excerpt":{"rendered":"<p>ARCHIVO: Juan Pablo Duarte SANTO DOMINGO, el 25 de noviembre de 1843, falleci\u00f3 en ciudad Santo Domingo, Juan Jos\u00e9 Duarte, padre de Juan Pablo Duarte D\u00edez, el padre fundador de Rep\u00fablica Dominicana. El d\u00eda de la muerte de Juan Jos\u00e9 Duarte, su hijo Juan Pablo Duarte se encontraba exiliado en Curazao, donde se refugi\u00f3 luego [&hellip;]<\/p>\n","protected":false},"author":28,"featured_media":469184,"comment_status":"closed","ping_status":"closed","sticky":true,"template":"","format":"standard","meta":{"footnotes":""},"categories":[26],"tags":[],"class_list":["post-577351","post","type-post","status-publish","format-standard","has-post-thumbnail","hentry","category-efemerides"],"_links":{"self":[{"href":"https:\/\/diariodominicano.com\/index.php?rest_route=\/wp\/v2\/posts\/577351","targetHints":{"allow":["GET"]}}],"collection":[{"href":"https:\/\/diariodominicano.com\/index.php?rest_route=\/wp\/v2\/posts"}],"about":[{"href":"https:\/\/diariodominicano.com\/index.php?rest_route=\/wp\/v2\/types\/post"}],"author":[{"embeddable":true,"href":"https:\/\/diariodominicano.com\/index.php?rest_route=\/wp\/v2\/users\/28"}],"replies":[{"embeddable":true,"href":"https:\/\/diariodominicano.com\/index.php?rest_route=%2Fwp%2Fv2%2Fcomments&post=577351"}],"version-history":[{"count":2,"href":"https:\/\/diariodominicano.com\/index.php?rest_route=\/wp\/v2\/posts\/577351\/revisions"}],"predecessor-version":[{"id":577353,"href":"https:\/\/diariodominicano.com\/index.php?rest_route=\/wp\/v2\/posts\/577351\/revisions\/577353"}],"wp:featuredmedia":[{"embeddable":true,"href":"https:\/\/diariodominicano.com\/index.php?rest_route=\/wp\/v2\/media\/469184"}],"wp:attachment":[{"href":"https:\/\/diariodominicano.com\/index.php?rest_route=%2Fwp%2Fv2%2Fmedia&parent=577351"}],"wp:term":[{"taxonomy":"category","embeddable":true,"href":"https:\/\/diariodominicano.com\/index.php?rest_route=%2Fwp%2Fv2%2Fcategories&post=577351"},{"taxonomy":"post_tag","embeddable":true,"href":"https:\/\/diariodominicano.com\/index.php?rest_route=%2Fwp%2Fv2%2Ftags&post=577351"}],"curies":[{"name":"wp","href":"https:\/\/api.w.org\/{rel}","templated":true}]}}