{"id":577297,"date":"2024-11-25T00:50:04","date_gmt":"2024-11-25T04:50:04","guid":{"rendered":"https:\/\/diariodominicano.com\/?p=577297"},"modified":"2024-11-25T00:51:31","modified_gmt":"2024-11-25T04:51:31","slug":"jovenes-de-cuba-rendiran-tributo-a-fidel-castro","status":"publish","type":"post","link":"https:\/\/diariodominicano.com\/?p=577297","title":{"rendered":"J\u00f3venes de Cuba rendir\u00e1n tributo a Fidel Castro"},"content":{"rendered":"\n<p>La Habana, 24 nov (Prensa Latina) La escalinata de la Universidad de La Habana ser\u00e1 sede este lunes del homenaje de la juventud cubana al l\u00edder hist\u00f3rico de la Revoluci\u00f3n, Fidel Castro, a ocho a\u00f1os de su fallecimiento, se divulg\u00f3 hoy.<\/p>\n\n\n\n<ul class=\"wp-block-list\">\n<li><a href=\"https:\/\/www.prensa-latina.cu\/2024\/11\/24\/\"><time>noviembre 24, 2024 | 11:47<\/time><\/a><\/li>\n<\/ul>\n\n\n\n<ul class=\"wp-block-list\">\n<li><a href=\"https:\/\/www.prensa-latina.cu\/2024\/11\/24\/jovenes-de-cuba-rendiran-tributo-a-fidel-castro\/#\"><\/a><\/li>\n\n\n\n<li><a href=\"https:\/\/www.prensa-latina.cu\/2024\/11\/24\/jovenes-de-cuba-rendiran-tributo-a-fidel-castro\/#\"><\/a><\/li>\n\n\n\n<li><a href=\"https:\/\/www.prensa-latina.cu\/2024\/11\/24\/jovenes-de-cuba-rendiran-tributo-a-fidel-castro\/#\"><\/a><\/li>\n\n\n\n<li><a href=\"https:\/\/www.prensa-latina.cu\/2024\/11\/24\/jovenes-de-cuba-rendiran-tributo-a-fidel-castro\/#\"><\/a><\/li>\n<\/ul>\n\n\n\n<p>De acuerdo con el diario Juventud Rebelde, \u00f3rgano de la Uni\u00f3n de J\u00f3venes Comunistas, en ese emblem\u00e1tico sitio capitalino las nuevas generaciones evocar\u00e1n a Fidel Castro a trav\u00e9s de la poes\u00eda, el canto, banderas, carteles, fotos y flores, como ofrenda de amor y lealtad.<\/p>\n\n\n\n<p>A los pies de la Alma Mater tendr\u00e1 lugar la velada pol\u00edtico cultural y los j\u00f3venes se dar\u00e1n cita para decirle al mundo: seguimos cabalgando con Fidel, se\u00f1ala la convocatoria al encuentro.<\/p>\n\n\n\n<p>Recuerda, asimismo, que all\u00ed el Comandante en Jefe de la Revoluci\u00f3n cubana se hizo revolucionario, martiano y socialista; libr\u00f3 muchas batallas por Cuba y por las causas m\u00e1s justas en el mundo, y habl\u00f3 en numerosas ocasiones a los estudiantes universitarios, a los j\u00f3venes y a todo el pueblo.<\/p>\n\n\n\n<p>El ayer, el presente y el futuro se fundir\u00e1n en la recordaci\u00f3n perenne al eterno joven rebelde, porque Fidel nos sigue acompa\u00f1ando en las batallas cotidianas por preservar la Revoluci\u00f3n que conquist\u00f3 para este pueblo, remarc\u00f3 el texto que insta a las nuevas generaciones a defender el legado del h\u00e9roe.<\/p>\n\n\n\n<p>oda\/evm<\/p>\n\n\n\n<ul class=\"wp-block-list\">\n<li>#<a href=\"https:\/\/www.prensa-latina.cu\/etiqueta\/cuba\/\">cuba<\/a>\u00a0#<a href=\"https:\/\/www.prensa-latina.cu\/etiqueta\/homenaje\/\">homenaje<\/a>\u00a0#<a href=\"https:\/\/www.prensa-latina.cu\/etiqueta\/universidad\/\">Universidad<\/a>\u2003 <\/li>\n\n\n\n<li>#Fidel Castro<\/li>\n<\/ul>\n","protected":false},"excerpt":{"rendered":"<p>La Habana, 24 nov (Prensa Latina) La escalinata de la Universidad de La Habana ser\u00e1 sede este lunes del homenaje de la juventud cubana al l\u00edder hist\u00f3rico de la Revoluci\u00f3n, Fidel Castro, a ocho a\u00f1os de su fallecimiento, se divulg\u00f3 hoy. De acuerdo con el diario Juventud Rebelde, \u00f3rgano de la Uni\u00f3n de J\u00f3venes Comunistas, [&hellip;]<\/p>\n","protected":false},"author":28,"featured_media":577298,"comment_status":"closed","ping_status":"closed","sticky":true,"template":"","format":"standard","meta":{"footnotes":""},"categories":[26,23],"tags":[],"class_list":["post-577297","post","type-post","status-publish","format-standard","has-post-thumbnail","hentry","category-efemerides","category-internacional"],"_links":{"self":[{"href":"https:\/\/diariodominicano.com\/index.php?rest_route=\/wp\/v2\/posts\/577297","targetHints":{"allow":["GET"]}}],"collection":[{"href":"https:\/\/diariodominicano.com\/index.php?rest_route=\/wp\/v2\/posts"}],"about":[{"href":"https:\/\/diariodominicano.com\/index.php?rest_route=\/wp\/v2\/types\/post"}],"author":[{"embeddable":true,"href":"https:\/\/diariodominicano.com\/index.php?rest_route=\/wp\/v2\/users\/28"}],"replies":[{"embeddable":true,"href":"https:\/\/diariodominicano.com\/index.php?rest_route=%2Fwp%2Fv2%2Fcomments&post=577297"}],"version-history":[{"count":2,"href":"https:\/\/diariodominicano.com\/index.php?rest_route=\/wp\/v2\/posts\/577297\/revisions"}],"predecessor-version":[{"id":577300,"href":"https:\/\/diariodominicano.com\/index.php?rest_route=\/wp\/v2\/posts\/577297\/revisions\/577300"}],"wp:featuredmedia":[{"embeddable":true,"href":"https:\/\/diariodominicano.com\/index.php?rest_route=\/wp\/v2\/media\/577298"}],"wp:attachment":[{"href":"https:\/\/diariodominicano.com\/index.php?rest_route=%2Fwp%2Fv2%2Fmedia&parent=577297"}],"wp:term":[{"taxonomy":"category","embeddable":true,"href":"https:\/\/diariodominicano.com\/index.php?rest_route=%2Fwp%2Fv2%2Fcategories&post=577297"},{"taxonomy":"post_tag","embeddable":true,"href":"https:\/\/diariodominicano.com\/index.php?rest_route=%2Fwp%2Fv2%2Ftags&post=577297"}],"curies":[{"name":"wp","href":"https:\/\/api.w.org\/{rel}","templated":true}]}}