{"id":577141,"date":"2024-11-24T16:53:48","date_gmt":"2024-11-24T20:53:48","guid":{"rendered":"https:\/\/diariodominicano.com\/?p=577141"},"modified":"2024-11-24T16:57:02","modified_gmt":"2024-11-24T20:57:02","slug":"avanza-construccion-de-parques-fotovoltaicos-en-el-centro-de-cuba","status":"publish","type":"post","link":"https:\/\/diariodominicano.com\/?p=577141","title":{"rendered":"Avanza construcci\u00f3n de parques fotovoltaicos en el centro de Cuba"},"content":{"rendered":"\n<p>diariodominicano.com<\/p>\n\n\n\n<p>Santa Clara, Cuba, 23 nov (Prensa Latina) Las provincias del centro de Cuba trabajan hoy en la construcci\u00f3n de 12 parques solares fotovoltaicos, como parte de la estrategia nacional para elevar la capacidad de generaci\u00f3n el\u00e9ctrica con emplazamientos de este tipo.<\/p>\n\n\n\n<p>Espec\u00edficamente en Villa Clara, a 270 al este de La Habana, avanza la ejecuci\u00f3n de tres instalaciones con capacidad para entregar en conjunto alrededor de 65 megawatts (MW) al sistema electroenerg\u00e9tico nacional, un significativo aporte que aspira a completarse con la construcci\u00f3n de otros seis emplazamientos en este central territorio durante los pr\u00f3ximos a\u00f1os.<\/p>\n\n\n\n<p>De acuerdo con Osvaldo Rodr\u00edguez, al frente de la Direcci\u00f3n Integral de Proyectos en la provincia, cada parque tiene tecnolog\u00eda china y el primero de ellos debe sincronizar al sistema electroenerg\u00e9tico nacional a finales de marzo de 2025, como el primer paso de un programa que busca generar, entre los nueve emplazamientos proyectados, 196 MW.<\/p>\n\n\n\n<p>Junto a los parques proyectados en Villa Clara, otras provincias centrales como Cienfuegos, Sancti Sp\u00edritus y Ciego de \u00c1vila avanzan en distintas etapas de ejecuci\u00f3n en tres instalaciones de este tipo en sus respectivos territorios.<\/p>\n\n\n\n<p>ello constituye un aporte significativo si se tiene en cuenta que en esos territorios solo existe una central termoel\u00e9ctrica y la regi\u00f3n resulta el enlace natural para la transmisi\u00f3n de electricidad entre el occidente y el oriente de Cuba. Este programa en el centro del pa\u00eds forma parte de un plan integral en Cuba enfocado en la construcci\u00f3n de 26 parques solares fotovoltaicos hasta 2025.<\/p>\n\n\n\n<p>Tal meta permitir\u00eda llegar a los mil megawatts de energ\u00eda el\u00e9ctrica a partir del Sol para esa fecha, paso intermedio en el prop\u00f3sito mayor de contar con 46 instalaciones de este tipo y doblar la generaci\u00f3n para el a\u00f1o 2030.<\/p>\n\n\n\n<p>Seg\u00fan datos del Anuario Estad\u00edstico de Cuba, al cierre de 2023 la energ\u00eda solar fotovoltaica representaba la principal fuente de generaci\u00f3n limpia en el pa\u00eds, con una potencia instalada de m\u00e1s de 300 MW y capaz de suplir la demanda de 300 mil hogares durante el d\u00eda.<\/p>\n\n\n\n<p>lam\/ysd<\/p>\n","protected":false},"excerpt":{"rendered":"<p>diariodominicano.com Santa Clara, Cuba, 23 nov (Prensa Latina) Las provincias del centro de Cuba trabajan hoy en la construcci\u00f3n de 12 parques solares fotovoltaicos, como parte de la estrategia nacional para elevar la capacidad de generaci\u00f3n el\u00e9ctrica con emplazamientos de este tipo. Espec\u00edficamente en Villa Clara, a 270 al este de La Habana, avanza la [&hellip;]<\/p>\n","protected":false},"author":5,"featured_media":577142,"comment_status":"closed","ping_status":"closed","sticky":true,"template":"","format":"standard","meta":{"footnotes":""},"categories":[23,27],"tags":[],"class_list":["post-577141","post","type-post","status-publish","format-standard","has-post-thumbnail","hentry","category-internacional","category-portada"],"_links":{"self":[{"href":"https:\/\/diariodominicano.com\/index.php?rest_route=\/wp\/v2\/posts\/577141","targetHints":{"allow":["GET"]}}],"collection":[{"href":"https:\/\/diariodominicano.com\/index.php?rest_route=\/wp\/v2\/posts"}],"about":[{"href":"https:\/\/diariodominicano.com\/index.php?rest_route=\/wp\/v2\/types\/post"}],"author":[{"embeddable":true,"href":"https:\/\/diariodominicano.com\/index.php?rest_route=\/wp\/v2\/users\/5"}],"replies":[{"embeddable":true,"href":"https:\/\/diariodominicano.com\/index.php?rest_route=%2Fwp%2Fv2%2Fcomments&post=577141"}],"version-history":[{"count":1,"href":"https:\/\/diariodominicano.com\/index.php?rest_route=\/wp\/v2\/posts\/577141\/revisions"}],"predecessor-version":[{"id":577143,"href":"https:\/\/diariodominicano.com\/index.php?rest_route=\/wp\/v2\/posts\/577141\/revisions\/577143"}],"wp:featuredmedia":[{"embeddable":true,"href":"https:\/\/diariodominicano.com\/index.php?rest_route=\/wp\/v2\/media\/577142"}],"wp:attachment":[{"href":"https:\/\/diariodominicano.com\/index.php?rest_route=%2Fwp%2Fv2%2Fmedia&parent=577141"}],"wp:term":[{"taxonomy":"category","embeddable":true,"href":"https:\/\/diariodominicano.com\/index.php?rest_route=%2Fwp%2Fv2%2Fcategories&post=577141"},{"taxonomy":"post_tag","embeddable":true,"href":"https:\/\/diariodominicano.com\/index.php?rest_route=%2Fwp%2Fv2%2Ftags&post=577141"}],"curies":[{"name":"wp","href":"https:\/\/api.w.org\/{rel}","templated":true}]}}